{"id":22659,"date":"2024-07-02T14:23:38","date_gmt":"2024-07-02T18:23:38","guid":{"rendered":"https:\/\/www.americanonewspaper.com\/es\/?p=22659"},"modified":"2024-07-02T14:23:39","modified_gmt":"2024-07-02T18:23:39","slug":"brasil-celebrara-el-dia-del-rey-pele-cada-19-de-noviembre","status":"publish","type":"post","link":"https:\/\/www.americanonewspaper.com\/es\/brasil\/brasil-celebrara-el-dia-del-rey-pele-cada-19-de-noviembre\/","title":{"rendered":"Brasil celebrar\u00e1 el &#8220;D\u00eda del Rey Pel\u00e9&#8221; cada 19 de noviembre"},"content":{"rendered":"\n<p>Brasilia, (EFE).<\/p>\n\n\n\n<p class=\"has-drop-cap\">El presidente brasile\u00f1o, Luiz In\u00e1cio Lula da Silva, sancion\u00f3 este martes una ley que establece el &#8220;D\u00eda del Rey Pel\u00e9&#8221;, en homenaje a Edson Arantes do Nascimiento, considerado por muchos como el mejor futbolista de la historia y fallecido en 2022.<\/p>\n\n\n\n<p>La ley hab\u00eda sido aprobada por el Parlamento el mes pasado y dice que el &#8220;D\u00eda del Rey Pel\u00e9&#8221; se celebrar\u00e1 cada 19 de noviembre, fecha en que, en el a\u00f1o 1969, el legendario n\u00famero 10 del Santos anot\u00f3 el mil\u00e9simo gol de su carrera, en un partido frente al Vasco da Gama.<\/p>\n\n\n\n<figure class=\"wp-block-gallery has-nested-images columns-default is-cropped wp-block-gallery-1 is-layout-flex wp-block-gallery-is-layout-flex\">\n<figure class=\"wp-block-image size-large\"><a href=\"https:\/\/www.facebook.com\/villanuevasmultiservices\" target=\"_blank\" rel=\"noreferrer noopener\"><img fetchpriority=\"high\" decoding=\"async\" width=\"800\" height=\"367\" data-id=\"22585\" src=\"https:\/\/www.americanonewspaper.com\/es\/wp-content\/uploads\/2024\/06\/Villanueva-tax-dos-lugares-800x367.jpg\" alt=\"\" class=\"wp-image-22585\" srcset=\"https:\/\/www.americanonewspaper.com\/es\/wp-content\/uploads\/2024\/06\/Villanueva-tax-dos-lugares-800x367.jpg 800w, https:\/\/www.americanonewspaper.com\/es\/wp-content\/uploads\/2024\/06\/Villanueva-tax-dos-lugares-300x138.jpg 300w, https:\/\/www.americanonewspaper.com\/es\/wp-content\/uploads\/2024\/06\/Villanueva-tax-dos-lugares-768x352.jpg 768w, https:\/\/www.americanonewspaper.com\/es\/wp-content\/uploads\/2024\/06\/Villanueva-tax-dos-lugares-1536x704.jpg 1536w, https:\/\/www.americanonewspaper.com\/es\/wp-content\/uploads\/2024\/06\/Villanueva-tax-dos-lugares-2048x939.jpg 2048w, https:\/\/www.americanonewspaper.com\/es\/wp-content\/uploads\/2024\/06\/Villanueva-tax-dos-lugares-150x69.jpg 150w, https:\/\/www.americanonewspaper.com\/es\/wp-content\/uploads\/2024\/06\/Villanueva-tax-dos-lugares-696x319.jpg 696w, https:\/\/www.americanonewspaper.com\/es\/wp-content\/uploads\/2024\/06\/Villanueva-tax-dos-lugares-1068x490.jpg 1068w, https:\/\/www.americanonewspaper.com\/es\/wp-content\/uploads\/2024\/06\/Villanueva-tax-dos-lugares-1920x880.jpg 1920w\" sizes=\"(max-width: 800px) 100vw, 800px\" \/><\/a><\/figure>\n<\/figure>\n\n\n\n<p>El texto valora la importancia que Pel\u00e9 tuvo para Brasil y &#8220;para el mundo&#8221;, incluso m\u00e1s all\u00e1 del plano estrictamente deportivo, y se suma &#8220;a los reconocimientos que recibi\u00f3 en vida, y a otros que se han sucedido desde su fallecimiento&#8221;, el 29 de diciembre de 2022, a los 82 a\u00f1os.<\/p>\n\n\n\n<p>Tambi\u00e9n asegura que &#8220;la grandeza&#8221; de Pel\u00e9 es tal, que el apodo por el que fue conocido fue incorporado el a\u00f1o pasado como vocablo en el diccionario Michaelis, el m\u00e1s usado en la lengua portuguesa.<\/p>\n\n\n\n<p>&#8220;El diccionario ahora dice que Pel\u00e9 es &#8216;aquel que es fuera de lo com\u00fan&#8221; y que, en virtud de &#8220;su calidad, valor o superioridad, no puede ser igualado a nada ni a nadie&#8221;, se\u00f1ala el texto.<\/p>\n\n\n\n<figure class=\"wp-block-gallery has-nested-images columns-default is-cropped wp-block-gallery-2 is-layout-flex wp-block-gallery-is-layout-flex\">\n<figure class=\"wp-block-image size-large\"><a href=\"https:\/\/www.americanonewspaper.com\/es\/new-jersey\/solicitud-para-vivienda-para-ancianos-imprima-y-rellene\/\" target=\"_blank\" rel=\"noreferrer noopener\"><img decoding=\"async\" width=\"800\" height=\"367\" data-id=\"22507\" src=\"https:\/\/www.americanonewspaper.com\/es\/wp-content\/uploads\/2024\/06\/Housingad-copy-800x367.jpg\" alt=\"\" class=\"wp-image-22507\" srcset=\"https:\/\/www.americanonewspaper.com\/es\/wp-content\/uploads\/2024\/06\/Housingad-copy-800x367.jpg 800w, https:\/\/www.americanonewspaper.com\/es\/wp-content\/uploads\/2024\/06\/Housingad-copy-300x138.jpg 300w, https:\/\/www.americanonewspaper.com\/es\/wp-content\/uploads\/2024\/06\/Housingad-copy-768x352.jpg 768w, https:\/\/www.americanonewspaper.com\/es\/wp-content\/uploads\/2024\/06\/Housingad-copy-150x69.jpg 150w, https:\/\/www.americanonewspaper.com\/es\/wp-content\/uploads\/2024\/06\/Housingad-copy-696x319.jpg 696w, https:\/\/www.americanonewspaper.com\/es\/wp-content\/uploads\/2024\/06\/Housingad-copy-1068x490.jpg 1068w, https:\/\/www.americanonewspaper.com\/es\/wp-content\/uploads\/2024\/06\/Housingad-copy.jpg 1200w\" sizes=\"(max-width: 800px) 100vw, 800px\" \/><\/a><\/figure>\n<\/figure>\n","protected":false},"excerpt":{"rendered":"<p>Brasilia, (EFE). El presidente brasile\u00f1o, Luiz In\u00e1cio Lula da Silva, sancion\u00f3 este martes una ley que establece el &#8220;D\u00eda del Rey Pel\u00e9&#8221;, en homenaje a Edson Arantes do Nascimiento, considerado por muchos como el mejor futbolista de la historia y fallecido en 2022. La ley hab\u00eda sido aprobada por el Parlamento el mes pasado y [&hellip;]<\/p>\n","protected":false},"author":12,"featured_media":22660,"comment_status":"closed","ping_status":"open","sticky":true,"template":"","format":"standard","meta":{"_acf_changed":false,"tdm_status":"","tdm_grid_status":"","_jetpack_memberships_contains_paid_content":false,"footnotes":"","jetpack_publicize_message":"","jetpack_publicize_feature_enabled":true,"jetpack_social_post_already_shared":true,"jetpack_social_options":{"image_generator_settings":{"template":"highway","default_image_id":0,"font":"","enabled":false},"version":2},"_wpas_customize_per_network":false},"categories":[647,724,725],"tags":[],"class_list":{"0":"post-22659","1":"post","2":"type-post","3":"status-publish","4":"format-standard","5":"has-post-thumbnail","7":"category-brasil","8":"category-dia-del-rey-pele","9":"category-pele"},"acf":[],"yoast_head":"<!-- This site is optimized with the Yoast SEO Premium plugin v27.5 (Yoast SEO v27.5) - https:\/\/yoast.com\/product\/yoast-seo-premium-wordpress\/ -->\n<title>Brasil celebrar\u00e1 el &quot;D\u00eda del Rey Pel\u00e9&quot; cada 19 de noviembre - Americano Newspaper<\/title>\n<meta name=\"description\" content=\"El presidente brasile\u00f1o, Luiz In\u00e1cio Lula da Silva, sancion\u00f3 este martes una ley que establece el &quot;D\u00eda del Rey Pel\u00e9&quot;, en homenaje a Edson Arantes do Nascimiento, considerado por muchos como el mejor futbolista de la historia y fallecido en 2022.\" \/>\n<meta name=\"robots\" content=\"index, follow, max-snippet:-1, max-image-preview:large, max-video-preview:-1\" \/>\n<link rel=\"canonical\" href=\"https:\/\/www.americanonewspaper.com\/es\/brasil\/brasil-celebrara-el-dia-del-rey-pele-cada-19-de-noviembre\/\" \/>\n<meta property=\"og:locale\" content=\"en_US\" \/>\n<meta property=\"og:type\" content=\"article\" \/>\n<meta property=\"og:title\" content=\"Brasil celebrar\u00e1 el &quot;D\u00eda del Rey Pel\u00e9&quot; cada 19 de noviembre\" \/>\n<meta property=\"og:description\" content=\"El presidente brasile\u00f1o, Luiz In\u00e1cio Lula da Silva, sancion\u00f3 este martes una ley que establece el &quot;D\u00eda del Rey Pel\u00e9&quot;, en homenaje a Edson Arantes do Nascimiento, considerado por muchos como el mejor futbolista de la historia y fallecido en 2022.\" \/>\n<meta property=\"og:url\" content=\"https:\/\/www.americanonewspaper.com\/es\/brasil\/brasil-celebrara-el-dia-del-rey-pele-cada-19-de-noviembre\/\" \/>\n<meta property=\"og:site_name\" content=\"Americano Newspaper\" \/>\n<meta property=\"article:publisher\" content=\"https:\/\/www.facebook.com\/AmericanoNewspaper\/\" \/>\n<meta property=\"article:published_time\" content=\"2024-07-02T18:23:38+00:00\" \/>\n<meta property=\"article:modified_time\" content=\"2024-07-02T18:23:39+00:00\" \/>\n<meta property=\"og:image\" content=\"https:\/\/www.americanonewspaper.com\/es\/wp-content\/uploads\/2024\/07\/f2e69b0b20e42861c673b2186fb7a47cd0f1170dminiw.jpg\" \/>\n\t<meta property=\"og:image:width\" content=\"900\" \/>\n\t<meta property=\"og:image:height\" content=\"594\" \/>\n\t<meta property=\"og:image:type\" content=\"image\/jpeg\" \/>\n<meta name=\"author\" content=\"Maria Quintana\" \/>\n<meta name=\"twitter:card\" content=\"summary_large_image\" \/>\n<meta name=\"twitter:label1\" content=\"Written by\" \/>\n\t<meta name=\"twitter:data1\" content=\"Maria Quintana\" \/>\n\t<meta name=\"twitter:label2\" content=\"Est. reading time\" \/>\n\t<meta name=\"twitter:data2\" content=\"2 minutes\" \/>\n<script type=\"application\/ld+json\" class=\"yoast-schema-graph\">{\"@context\":\"https:\\\/\\\/schema.org\",\"@graph\":[{\"@type\":\"Article\",\"@id\":\"https:\\\/\\\/www.americanonewspaper.com\\\/es\\\/brasil\\\/brasil-celebrara-el-dia-del-rey-pele-cada-19-de-noviembre\\\/#article\",\"isPartOf\":{\"@id\":\"https:\\\/\\\/www.americanonewspaper.com\\\/es\\\/brasil\\\/brasil-celebrara-el-dia-del-rey-pele-cada-19-de-noviembre\\\/\"},\"author\":{\"name\":\"Maria Quintana\",\"@id\":\"https:\\\/\\\/www.americanonewspaper.com\\\/es\\\/#\\\/schema\\\/person\\\/ff0825ff964ec074668f1d9571f5232d\"},\"headline\":\"Brasil celebrar\u00e1 el &#8220;D\u00eda del Rey Pel\u00e9&#8221; cada 19 de noviembre\",\"datePublished\":\"2024-07-02T18:23:38+00:00\",\"dateModified\":\"2024-07-02T18:23:39+00:00\",\"mainEntityOfPage\":{\"@id\":\"https:\\\/\\\/www.americanonewspaper.com\\\/es\\\/brasil\\\/brasil-celebrara-el-dia-del-rey-pele-cada-19-de-noviembre\\\/\"},\"wordCount\":237,\"publisher\":{\"@id\":\"https:\\\/\\\/www.americanonewspaper.com\\\/es\\\/#organization\"},\"image\":{\"@id\":\"https:\\\/\\\/www.americanonewspaper.com\\\/es\\\/brasil\\\/brasil-celebrara-el-dia-del-rey-pele-cada-19-de-noviembre\\\/#primaryimage\"},\"thumbnailUrl\":\"https:\\\/\\\/www.americanonewspaper.com\\\/es\\\/wp-content\\\/uploads\\\/2024\\\/07\\\/f2e69b0b20e42861c673b2186fb7a47cd0f1170dminiw.jpg\",\"articleSection\":[\"Brasil\",\"D\u00eda del Rey Pel\u00e9\",\"Pel\u00e9\"],\"inLanguage\":\"en-US\"},{\"@type\":\"WebPage\",\"@id\":\"https:\\\/\\\/www.americanonewspaper.com\\\/es\\\/brasil\\\/brasil-celebrara-el-dia-del-rey-pele-cada-19-de-noviembre\\\/\",\"url\":\"https:\\\/\\\/www.americanonewspaper.com\\\/es\\\/brasil\\\/brasil-celebrara-el-dia-del-rey-pele-cada-19-de-noviembre\\\/\",\"name\":\"Brasil celebrar\u00e1 el \\\"D\u00eda del Rey Pel\u00e9\\\" cada 19 de noviembre - Americano Newspaper\",\"isPartOf\":{\"@id\":\"https:\\\/\\\/www.americanonewspaper.com\\\/es\\\/#website\"},\"primaryImageOfPage\":{\"@id\":\"https:\\\/\\\/www.americanonewspaper.com\\\/es\\\/brasil\\\/brasil-celebrara-el-dia-del-rey-pele-cada-19-de-noviembre\\\/#primaryimage\"},\"image\":{\"@id\":\"https:\\\/\\\/www.americanonewspaper.com\\\/es\\\/brasil\\\/brasil-celebrara-el-dia-del-rey-pele-cada-19-de-noviembre\\\/#primaryimage\"},\"thumbnailUrl\":\"https:\\\/\\\/www.americanonewspaper.com\\\/es\\\/wp-content\\\/uploads\\\/2024\\\/07\\\/f2e69b0b20e42861c673b2186fb7a47cd0f1170dminiw.jpg\",\"datePublished\":\"2024-07-02T18:23:38+00:00\",\"dateModified\":\"2024-07-02T18:23:39+00:00\",\"description\":\"El presidente brasile\u00f1o, Luiz In\u00e1cio Lula da Silva, sancion\u00f3 este martes una ley que establece el \\\"D\u00eda del Rey Pel\u00e9\\\", en homenaje a Edson Arantes do Nascimiento, considerado por muchos como el mejor futbolista de la historia y fallecido en 2022.\",\"breadcrumb\":{\"@id\":\"https:\\\/\\\/www.americanonewspaper.com\\\/es\\\/brasil\\\/brasil-celebrara-el-dia-del-rey-pele-cada-19-de-noviembre\\\/#breadcrumb\"},\"inLanguage\":\"en-US\",\"potentialAction\":[{\"@type\":\"ReadAction\",\"target\":[\"https:\\\/\\\/www.americanonewspaper.com\\\/es\\\/brasil\\\/brasil-celebrara-el-dia-del-rey-pele-cada-19-de-noviembre\\\/\"]}]},{\"@type\":\"ImageObject\",\"inLanguage\":\"en-US\",\"@id\":\"https:\\\/\\\/www.americanonewspaper.com\\\/es\\\/brasil\\\/brasil-celebrara-el-dia-del-rey-pele-cada-19-de-noviembre\\\/#primaryimage\",\"url\":\"https:\\\/\\\/www.americanonewspaper.com\\\/es\\\/wp-content\\\/uploads\\\/2024\\\/07\\\/f2e69b0b20e42861c673b2186fb7a47cd0f1170dminiw.jpg\",\"contentUrl\":\"https:\\\/\\\/www.americanonewspaper.com\\\/es\\\/wp-content\\\/uploads\\\/2024\\\/07\\\/f2e69b0b20e42861c673b2186fb7a47cd0f1170dminiw.jpg\",\"width\":900,\"height\":594,\"caption\":\"Fotograf\u00eda de archivo del Rey Pel\u00e9. EFE\\\/MICHELE LIMINA\"},{\"@type\":\"BreadcrumbList\",\"@id\":\"https:\\\/\\\/www.americanonewspaper.com\\\/es\\\/brasil\\\/brasil-celebrara-el-dia-del-rey-pele-cada-19-de-noviembre\\\/#breadcrumb\",\"itemListElement\":[{\"@type\":\"ListItem\",\"position\":1,\"name\":\"Home\",\"item\":\"https:\\\/\\\/www.americanonewspaper.com\\\/es\\\/\"},{\"@type\":\"ListItem\",\"position\":2,\"name\":\"Brasil celebrar\u00e1 el &#8220;D\u00eda del Rey Pel\u00e9&#8221; cada 19 de noviembre\"}]},{\"@type\":\"WebSite\",\"@id\":\"https:\\\/\\\/www.americanonewspaper.com\\\/es\\\/#website\",\"url\":\"https:\\\/\\\/www.americanonewspaper.com\\\/es\\\/\",\"name\":\"Americano Newspaper\",\"description\":\"The Hispanic Newspaper of New Jersey.\",\"publisher\":{\"@id\":\"https:\\\/\\\/www.americanonewspaper.com\\\/es\\\/#organization\"},\"potentialAction\":[{\"@type\":\"SearchAction\",\"target\":{\"@type\":\"EntryPoint\",\"urlTemplate\":\"https:\\\/\\\/www.americanonewspaper.com\\\/es\\\/?s={search_term_string}\"},\"query-input\":{\"@type\":\"PropertyValueSpecification\",\"valueRequired\":true,\"valueName\":\"search_term_string\"}}],\"inLanguage\":\"en-US\"},{\"@type\":\"Organization\",\"@id\":\"https:\\\/\\\/www.americanonewspaper.com\\\/es\\\/#organization\",\"name\":\"Americano Newspaper\",\"url\":\"https:\\\/\\\/www.americanonewspaper.com\\\/es\\\/\",\"logo\":{\"@type\":\"ImageObject\",\"inLanguage\":\"en-US\",\"@id\":\"https:\\\/\\\/www.americanonewspaper.com\\\/es\\\/#\\\/schema\\\/logo\\\/image\\\/\",\"url\":\"https:\\\/\\\/www.americanonewspaper.com\\\/es\\\/wp-content\\\/uploads\\\/2024\\\/05\\\/AmericanoLogoCircle.comCircle2.jpg\",\"contentUrl\":\"https:\\\/\\\/www.americanonewspaper.com\\\/es\\\/wp-content\\\/uploads\\\/2024\\\/05\\\/AmericanoLogoCircle.comCircle2.jpg\",\"width\":600,\"height\":600,\"caption\":\"Americano Newspaper\"},\"image\":{\"@id\":\"https:\\\/\\\/www.americanonewspaper.com\\\/es\\\/#\\\/schema\\\/logo\\\/image\\\/\"},\"sameAs\":[\"https:\\\/\\\/www.facebook.com\\\/AmericanoNewspaper\\\/\"]},{\"@type\":\"Person\",\"@id\":\"https:\\\/\\\/www.americanonewspaper.com\\\/es\\\/#\\\/schema\\\/person\\\/ff0825ff964ec074668f1d9571f5232d\",\"name\":\"Maria Quintana\",\"image\":{\"@type\":\"ImageObject\",\"inLanguage\":\"en-US\",\"@id\":\"https:\\\/\\\/www.americanonewspaper.com\\\/es\\\/wp-content\\\/uploads\\\/2024\\\/02\\\/Crystal-Quintana-250x250.jpg\",\"url\":\"https:\\\/\\\/www.americanonewspaper.com\\\/es\\\/wp-content\\\/uploads\\\/2024\\\/02\\\/Crystal-Quintana-250x250.jpg\",\"contentUrl\":\"https:\\\/\\\/www.americanonewspaper.com\\\/es\\\/wp-content\\\/uploads\\\/2024\\\/02\\\/Crystal-Quintana-250x250.jpg\",\"caption\":\"Maria Quintana\"},\"url\":\"https:\\\/\\\/www.americanonewspaper.com\\\/es\\\/author\\\/crystal\\\/\"}]}<\/script>\n<!-- \/ Yoast SEO Premium plugin. -->","yoast_head_json":{"title":"Brasil celebrar\u00e1 el \"D\u00eda del Rey Pel\u00e9\" cada 19 de noviembre - Americano Newspaper","description":"El presidente brasile\u00f1o, Luiz In\u00e1cio Lula da Silva, sancion\u00f3 este martes una ley que establece el \"D\u00eda del Rey Pel\u00e9\", en homenaje a Edson Arantes do Nascimiento, considerado por muchos como el mejor futbolista de la historia y fallecido en 2022.","robots":{"index":"index","follow":"follow","max-snippet":"max-snippet:-1","max-image-preview":"max-image-preview:large","max-video-preview":"max-video-preview:-1"},"canonical":"https:\/\/www.americanonewspaper.com\/es\/brasil\/brasil-celebrara-el-dia-del-rey-pele-cada-19-de-noviembre\/","og_locale":"en_US","og_type":"article","og_title":"Brasil celebrar\u00e1 el \"D\u00eda del Rey Pel\u00e9\" cada 19 de noviembre","og_description":"El presidente brasile\u00f1o, Luiz In\u00e1cio Lula da Silva, sancion\u00f3 este martes una ley que establece el \"D\u00eda del Rey Pel\u00e9\", en homenaje a Edson Arantes do Nascimiento, considerado por muchos como el mejor futbolista de la historia y fallecido en 2022.","og_url":"https:\/\/www.americanonewspaper.com\/es\/brasil\/brasil-celebrara-el-dia-del-rey-pele-cada-19-de-noviembre\/","og_site_name":"Americano Newspaper","article_publisher":"https:\/\/www.facebook.com\/AmericanoNewspaper\/","article_published_time":"2024-07-02T18:23:38+00:00","article_modified_time":"2024-07-02T18:23:39+00:00","og_image":[{"width":900,"height":594,"url":"https:\/\/www.americanonewspaper.com\/es\/wp-content\/uploads\/2024\/07\/f2e69b0b20e42861c673b2186fb7a47cd0f1170dminiw.jpg","type":"image\/jpeg"}],"author":"Maria Quintana","twitter_card":"summary_large_image","twitter_misc":{"Written by":"Maria Quintana","Est. reading time":"2 minutes"},"schema":{"@context":"https:\/\/schema.org","@graph":[{"@type":"Article","@id":"https:\/\/www.americanonewspaper.com\/es\/brasil\/brasil-celebrara-el-dia-del-rey-pele-cada-19-de-noviembre\/#article","isPartOf":{"@id":"https:\/\/www.americanonewspaper.com\/es\/brasil\/brasil-celebrara-el-dia-del-rey-pele-cada-19-de-noviembre\/"},"author":{"name":"Maria Quintana","@id":"https:\/\/www.americanonewspaper.com\/es\/#\/schema\/person\/ff0825ff964ec074668f1d9571f5232d"},"headline":"Brasil celebrar\u00e1 el &#8220;D\u00eda del Rey Pel\u00e9&#8221; cada 19 de noviembre","datePublished":"2024-07-02T18:23:38+00:00","dateModified":"2024-07-02T18:23:39+00:00","mainEntityOfPage":{"@id":"https:\/\/www.americanonewspaper.com\/es\/brasil\/brasil-celebrara-el-dia-del-rey-pele-cada-19-de-noviembre\/"},"wordCount":237,"publisher":{"@id":"https:\/\/www.americanonewspaper.com\/es\/#organization"},"image":{"@id":"https:\/\/www.americanonewspaper.com\/es\/brasil\/brasil-celebrara-el-dia-del-rey-pele-cada-19-de-noviembre\/#primaryimage"},"thumbnailUrl":"https:\/\/www.americanonewspaper.com\/es\/wp-content\/uploads\/2024\/07\/f2e69b0b20e42861c673b2186fb7a47cd0f1170dminiw.jpg","articleSection":["Brasil","D\u00eda del Rey Pel\u00e9","Pel\u00e9"],"inLanguage":"en-US"},{"@type":"WebPage","@id":"https:\/\/www.americanonewspaper.com\/es\/brasil\/brasil-celebrara-el-dia-del-rey-pele-cada-19-de-noviembre\/","url":"https:\/\/www.americanonewspaper.com\/es\/brasil\/brasil-celebrara-el-dia-del-rey-pele-cada-19-de-noviembre\/","name":"Brasil celebrar\u00e1 el \"D\u00eda del Rey Pel\u00e9\" cada 19 de noviembre - Americano Newspaper","isPartOf":{"@id":"https:\/\/www.americanonewspaper.com\/es\/#website"},"primaryImageOfPage":{"@id":"https:\/\/www.americanonewspaper.com\/es\/brasil\/brasil-celebrara-el-dia-del-rey-pele-cada-19-de-noviembre\/#primaryimage"},"image":{"@id":"https:\/\/www.americanonewspaper.com\/es\/brasil\/brasil-celebrara-el-dia-del-rey-pele-cada-19-de-noviembre\/#primaryimage"},"thumbnailUrl":"https:\/\/www.americanonewspaper.com\/es\/wp-content\/uploads\/2024\/07\/f2e69b0b20e42861c673b2186fb7a47cd0f1170dminiw.jpg","datePublished":"2024-07-02T18:23:38+00:00","dateModified":"2024-07-02T18:23:39+00:00","description":"El presidente brasile\u00f1o, Luiz In\u00e1cio Lula da Silva, sancion\u00f3 este martes una ley que establece el \"D\u00eda del Rey Pel\u00e9\", en homenaje a Edson Arantes do Nascimiento, considerado por muchos como el mejor futbolista de la historia y fallecido en 2022.","breadcrumb":{"@id":"https:\/\/www.americanonewspaper.com\/es\/brasil\/brasil-celebrara-el-dia-del-rey-pele-cada-19-de-noviembre\/#breadcrumb"},"inLanguage":"en-US","potentialAction":[{"@type":"ReadAction","target":["https:\/\/www.americanonewspaper.com\/es\/brasil\/brasil-celebrara-el-dia-del-rey-pele-cada-19-de-noviembre\/"]}]},{"@type":"ImageObject","inLanguage":"en-US","@id":"https:\/\/www.americanonewspaper.com\/es\/brasil\/brasil-celebrara-el-dia-del-rey-pele-cada-19-de-noviembre\/#primaryimage","url":"https:\/\/www.americanonewspaper.com\/es\/wp-content\/uploads\/2024\/07\/f2e69b0b20e42861c673b2186fb7a47cd0f1170dminiw.jpg","contentUrl":"https:\/\/www.americanonewspaper.com\/es\/wp-content\/uploads\/2024\/07\/f2e69b0b20e42861c673b2186fb7a47cd0f1170dminiw.jpg","width":900,"height":594,"caption":"Fotograf\u00eda de archivo del Rey Pel\u00e9. EFE\/MICHELE LIMINA"},{"@type":"BreadcrumbList","@id":"https:\/\/www.americanonewspaper.com\/es\/brasil\/brasil-celebrara-el-dia-del-rey-pele-cada-19-de-noviembre\/#breadcrumb","itemListElement":[{"@type":"ListItem","position":1,"name":"Home","item":"https:\/\/www.americanonewspaper.com\/es\/"},{"@type":"ListItem","position":2,"name":"Brasil celebrar\u00e1 el &#8220;D\u00eda del Rey Pel\u00e9&#8221; cada 19 de noviembre"}]},{"@type":"WebSite","@id":"https:\/\/www.americanonewspaper.com\/es\/#website","url":"https:\/\/www.americanonewspaper.com\/es\/","name":"Americano Newspaper","description":"The Hispanic Newspaper of New Jersey.","publisher":{"@id":"https:\/\/www.americanonewspaper.com\/es\/#organization"},"potentialAction":[{"@type":"SearchAction","target":{"@type":"EntryPoint","urlTemplate":"https:\/\/www.americanonewspaper.com\/es\/?s={search_term_string}"},"query-input":{"@type":"PropertyValueSpecification","valueRequired":true,"valueName":"search_term_string"}}],"inLanguage":"en-US"},{"@type":"Organization","@id":"https:\/\/www.americanonewspaper.com\/es\/#organization","name":"Americano Newspaper","url":"https:\/\/www.americanonewspaper.com\/es\/","logo":{"@type":"ImageObject","inLanguage":"en-US","@id":"https:\/\/www.americanonewspaper.com\/es\/#\/schema\/logo\/image\/","url":"https:\/\/www.americanonewspaper.com\/es\/wp-content\/uploads\/2024\/05\/AmericanoLogoCircle.comCircle2.jpg","contentUrl":"https:\/\/www.americanonewspaper.com\/es\/wp-content\/uploads\/2024\/05\/AmericanoLogoCircle.comCircle2.jpg","width":600,"height":600,"caption":"Americano Newspaper"},"image":{"@id":"https:\/\/www.americanonewspaper.com\/es\/#\/schema\/logo\/image\/"},"sameAs":["https:\/\/www.facebook.com\/AmericanoNewspaper\/"]},{"@type":"Person","@id":"https:\/\/www.americanonewspaper.com\/es\/#\/schema\/person\/ff0825ff964ec074668f1d9571f5232d","name":"Maria Quintana","image":{"@type":"ImageObject","inLanguage":"en-US","@id":"https:\/\/www.americanonewspaper.com\/es\/wp-content\/uploads\/2024\/02\/Crystal-Quintana-250x250.jpg","url":"https:\/\/www.americanonewspaper.com\/es\/wp-content\/uploads\/2024\/02\/Crystal-Quintana-250x250.jpg","contentUrl":"https:\/\/www.americanonewspaper.com\/es\/wp-content\/uploads\/2024\/02\/Crystal-Quintana-250x250.jpg","caption":"Maria Quintana"},"url":"https:\/\/www.americanonewspaper.com\/es\/author\/crystal\/"}]}},"jetpack_publicize_connections":[],"jetpack_featured_media_url":"https:\/\/www.americanonewspaper.com\/es\/wp-content\/uploads\/2024\/07\/f2e69b0b20e42861c673b2186fb7a47cd0f1170dminiw.jpg","featured_image_urls":{"full":["https:\/\/www.americanonewspaper.com\/es\/wp-content\/uploads\/2024\/07\/f2e69b0b20e42861c673b2186fb7a47cd0f1170dminiw.jpg",900,594,false],"thumbnail":["https:\/\/www.americanonewspaper.com\/es\/wp-content\/uploads\/2024\/07\/f2e69b0b20e42861c673b2186fb7a47cd0f1170dminiw-250x250.jpg",250,250,true],"medium":["https:\/\/www.americanonewspaper.com\/es\/wp-content\/uploads\/2024\/07\/f2e69b0b20e42861c673b2186fb7a47cd0f1170dminiw-300x198.jpg",300,198,true],"medium_large":["https:\/\/www.americanonewspaper.com\/es\/wp-content\/uploads\/2024\/07\/f2e69b0b20e42861c673b2186fb7a47cd0f1170dminiw-768x507.jpg",696,459,true],"large":["https:\/\/www.americanonewspaper.com\/es\/wp-content\/uploads\/2024\/07\/f2e69b0b20e42861c673b2186fb7a47cd0f1170dminiw-758x500.jpg",696,459,true],"1536x1536":["https:\/\/www.americanonewspaper.com\/es\/wp-content\/uploads\/2024\/07\/f2e69b0b20e42861c673b2186fb7a47cd0f1170dminiw.jpg",900,594,false],"2048x2048":["https:\/\/www.americanonewspaper.com\/es\/wp-content\/uploads\/2024\/07\/f2e69b0b20e42861c673b2186fb7a47cd0f1170dminiw.jpg",900,594,false],"td_150x0":["https:\/\/www.americanonewspaper.com\/es\/wp-content\/uploads\/2024\/07\/f2e69b0b20e42861c673b2186fb7a47cd0f1170dminiw-150x99.jpg",150,99,true],"td_218x150":["https:\/\/www.americanonewspaper.com\/es\/wp-content\/uploads\/2024\/07\/f2e69b0b20e42861c673b2186fb7a47cd0f1170dminiw-218x150.jpg",218,150,true],"td_300x0":["https:\/\/www.americanonewspaper.com\/es\/wp-content\/uploads\/2024\/07\/f2e69b0b20e42861c673b2186fb7a47cd0f1170dminiw-300x198.jpg",300,198,true],"td_324x400":["https:\/\/www.americanonewspaper.com\/es\/wp-content\/uploads\/2024\/07\/f2e69b0b20e42861c673b2186fb7a47cd0f1170dminiw-324x400.jpg",324,400,true],"td_485x360":["https:\/\/www.americanonewspaper.com\/es\/wp-content\/uploads\/2024\/07\/f2e69b0b20e42861c673b2186fb7a47cd0f1170dminiw-485x360.jpg",485,360,true],"td_696x0":["https:\/\/www.americanonewspaper.com\/es\/wp-content\/uploads\/2024\/07\/f2e69b0b20e42861c673b2186fb7a47cd0f1170dminiw-696x459.jpg",696,459,true],"td_1068x0":["https:\/\/www.americanonewspaper.com\/es\/wp-content\/uploads\/2024\/07\/f2e69b0b20e42861c673b2186fb7a47cd0f1170dminiw.jpg",900,594,false],"td_1920x0":["https:\/\/www.americanonewspaper.com\/es\/wp-content\/uploads\/2024\/07\/f2e69b0b20e42861c673b2186fb7a47cd0f1170dminiw.jpg",900,594,false],"bdpp-medium":["https:\/\/www.americanonewspaper.com\/es\/wp-content\/uploads\/2024\/07\/f2e69b0b20e42861c673b2186fb7a47cd0f1170dminiw.jpg",640,422,false]},"author_info":{"display_name":"Maria Quintana","author_link":"https:\/\/www.americanonewspaper.com\/es\/author\/crystal\/"},"category_info":"<a href=\"https:\/\/www.americanonewspaper.com\/es\/category\/brasil\/\" rel=\"category tag\">Brasil<\/a> <a href=\"https:\/\/www.americanonewspaper.com\/es\/category\/dia-del-rey-pele\/\" rel=\"category tag\">D\u00eda del Rey Pel\u00e9<\/a> <a href=\"https:\/\/www.americanonewspaper.com\/es\/category\/pele\/\" rel=\"category tag\">Pel\u00e9<\/a>","tag_info":"Pel\u00e9","comment_count":"0","jetpack_sharing_enabled":true,"jetpack_likes_enabled":true,"_links":{"self":[{"href":"https:\/\/www.americanonewspaper.com\/es\/wp-json\/wp\/v2\/posts\/22659","targetHints":{"allow":["GET"]}}],"collection":[{"href":"https:\/\/www.americanonewspaper.com\/es\/wp-json\/wp\/v2\/posts"}],"about":[{"href":"https:\/\/www.americanonewspaper.com\/es\/wp-json\/wp\/v2\/types\/post"}],"author":[{"embeddable":true,"href":"https:\/\/www.americanonewspaper.com\/es\/wp-json\/wp\/v2\/users\/12"}],"replies":[{"embeddable":true,"href":"https:\/\/www.americanonewspaper.com\/es\/wp-json\/wp\/v2\/comments?post=22659"}],"version-history":[{"count":1,"href":"https:\/\/www.americanonewspaper.com\/es\/wp-json\/wp\/v2\/posts\/22659\/revisions"}],"predecessor-version":[{"id":22661,"href":"https:\/\/www.americanonewspaper.com\/es\/wp-json\/wp\/v2\/posts\/22659\/revisions\/22661"}],"wp:featuredmedia":[{"embeddable":true,"href":"https:\/\/www.americanonewspaper.com\/es\/wp-json\/wp\/v2\/media\/22660"}],"wp:attachment":[{"href":"https:\/\/www.americanonewspaper.com\/es\/wp-json\/wp\/v2\/media?parent=22659"}],"wp:term":[{"taxonomy":"category","embeddable":true,"href":"https:\/\/www.americanonewspaper.com\/es\/wp-json\/wp\/v2\/categories?post=22659"},{"taxonomy":"post_tag","embeddable":true,"href":"https:\/\/www.americanonewspaper.com\/es\/wp-json\/wp\/v2\/tags?post=22659"}],"curies":[{"name":"wp","href":"https:\/\/api.w.org\/{rel}","templated":true}]}}