{"id":22624,"date":"2024-06-26T01:51:33","date_gmt":"2024-06-26T05:51:33","guid":{"rendered":"https:\/\/www.americanonewspaper.com\/es\/?p=22624"},"modified":"2024-06-26T01:51:35","modified_gmt":"2024-06-26T05:51:35","slug":"emilia-arrasa-en-un-inicio-de-gira-en-el-que-detras-del-humo","status":"publish","type":"post","link":"https:\/\/www.americanonewspaper.com\/es\/emilia-arrasa\/emilia-arrasa-en-un-inicio-de-gira-en-el-que-detras-del-humo\/","title":{"rendered":"Emilia arrasa en un inicio de gira en el que &#8220;detr\u00e1s del humo&#8221;\u00a0"},"content":{"rendered":"\n<p>Miguel \u00c1lvarez<\/p>\n\n\n\n<p>A Coru\u00f1a (Espa\u00f1a), (EFE).<\/p>\n\n\n\n<p class=\"has-drop-cap\">La cantante argentina Emilia ha arrasado este s\u00e1bado en A Coru\u00f1a (noroeste) en un inicio de gira &#8216;Emilia.mp3 Tour&#8217; por Espa\u00f1a en el que &#8220;detr\u00e1s del humo&#8221; no hizo m\u00e1s que brillar a lo largo de una treintena de temas.<\/p>\n\n\n\n<p>La artista ha llenado el Coliseum con 8.000 personas en una gira que la trae de Argentina y se extender\u00e1 en Espa\u00f1a hasta agosto, cuando volver\u00e1 al continente americano, con fechas cerradas hasta diciembre.<\/p>\n\n\n\n<p>Vestida de rosa y ante un p\u00fablico entregado al grito de &#8220;Emilia, Emilia&#8221; con banderas argentinas, la cantante ha saltado al escenario para empezar con &#8216;Exclusive&#8217;, &#8216;Facts&#8217; y &#8216;Cuatro veinte&#8217;.<\/p>\n\n\n\n<figure class=\"wp-block-image size-large is-resized\"><img fetchpriority=\"high\" decoding=\"async\" width=\"750\" height=\"500\" src=\"https:\/\/www.americanonewspaper.com\/es\/wp-content\/uploads\/2024\/06\/ad5692838c1e53a690859a35d047c1ee5d952fc5miniw-750x500.jpg\" alt=\"\" class=\"wp-image-22626\" style=\"width:1068px;height:auto\" srcset=\"https:\/\/www.americanonewspaper.com\/es\/wp-content\/uploads\/2024\/06\/ad5692838c1e53a690859a35d047c1ee5d952fc5miniw-750x500.jpg 750w, https:\/\/www.americanonewspaper.com\/es\/wp-content\/uploads\/2024\/06\/ad5692838c1e53a690859a35d047c1ee5d952fc5miniw-300x200.jpg 300w, https:\/\/www.americanonewspaper.com\/es\/wp-content\/uploads\/2024\/06\/ad5692838c1e53a690859a35d047c1ee5d952fc5miniw-768x512.jpg 768w, https:\/\/www.americanonewspaper.com\/es\/wp-content\/uploads\/2024\/06\/ad5692838c1e53a690859a35d047c1ee5d952fc5miniw-150x100.jpg 150w, https:\/\/www.americanonewspaper.com\/es\/wp-content\/uploads\/2024\/06\/ad5692838c1e53a690859a35d047c1ee5d952fc5miniw-696x464.jpg 696w, https:\/\/www.americanonewspaper.com\/es\/wp-content\/uploads\/2024\/06\/ad5692838c1e53a690859a35d047c1ee5d952fc5miniw.jpg 900w\" sizes=\"(max-width: 750px) 100vw, 750px\" \/><figcaption class=\"wp-element-caption\">La cantante argentina Emilia Mernes durante su actuaci\u00f3n este s\u00e1bado en A Coru\u00f1a, iniciando su gira &#8216;.mp3 Tour&#8217; que la llevar\u00e1 en las pr\u00f3ximas semanas por toda la geograf\u00eda espa\u00f1ola. EFE\/Cabalar<\/figcaption><\/figure>\n\n\n\n<p>&#8220;Buenas noches A Coru\u00f1a, \u00bfc\u00f3mo est\u00e1n? Esto es el .mp3 Tour, bienvenidos. \u00bfEst\u00e1n listos para la mejor noche de su vida?&#8221;, ha preguntado antes de cantar &#8216;Jagger&#8217; en un espect\u00e1culo cargado de luz, fuego y chispas de forma continua y brillantes en todos los elementos de su vestuario y complementos.<\/p>\n\n\n\n<p>Tras &#8216;Intoxicao&#8217; ha hecho el primer cambio de vestuario, a morado, para cantar &#8216;Jet set&#8217;, &#8216;Ojitos verdes&#8217;, &#8216;Iconic&#8217;, &#8216;Latin girl&#8217; y &#8216;La chain&#8217;.<\/p>\n\n\n\n<p>Ya con una guitarra en mano ha presentado &#8216;Cielo en la mente&#8217;: \u201cQu\u00e9 alegr\u00eda estar ac\u00e1. Esta pr\u00f3xima canci\u00f3n es para todas esas personas que alguna vez nos hicieron dudar de nosotros mismos, nos hicieron dudar que no vamos a ser capaces de conseguir aquello que tanto deseamos\u201d, ha dicho.<\/p>\n\n\n\n<figure class=\"wp-block-gallery has-nested-images columns-default is-cropped wp-block-gallery-1 is-layout-flex wp-block-gallery-is-layout-flex\">\n<figure class=\"wp-block-image size-large\"><a href=\"https:\/\/www.americanonewspaper.com\/es\/new-jersey\/solicitud-para-vivienda-para-ancianos-imprima-y-rellene\/\" target=\"_blank\" rel=\"noreferrer noopener\"><img decoding=\"async\" width=\"800\" height=\"367\" data-id=\"22507\" src=\"https:\/\/www.americanonewspaper.com\/es\/wp-content\/uploads\/2024\/06\/Housingad-copy-800x367.jpg\" alt=\"\" class=\"wp-image-22507\" srcset=\"https:\/\/www.americanonewspaper.com\/es\/wp-content\/uploads\/2024\/06\/Housingad-copy-800x367.jpg 800w, https:\/\/www.americanonewspaper.com\/es\/wp-content\/uploads\/2024\/06\/Housingad-copy-300x138.jpg 300w, https:\/\/www.americanonewspaper.com\/es\/wp-content\/uploads\/2024\/06\/Housingad-copy-768x352.jpg 768w, https:\/\/www.americanonewspaper.com\/es\/wp-content\/uploads\/2024\/06\/Housingad-copy-150x69.jpg 150w, https:\/\/www.americanonewspaper.com\/es\/wp-content\/uploads\/2024\/06\/Housingad-copy-696x319.jpg 696w, https:\/\/www.americanonewspaper.com\/es\/wp-content\/uploads\/2024\/06\/Housingad-copy-1068x490.jpg 1068w, https:\/\/www.americanonewspaper.com\/es\/wp-content\/uploads\/2024\/06\/Housingad-copy.jpg 1200w\" sizes=\"(max-width: 800px) 100vw, 800px\" \/><\/a><\/figure>\n<\/figure>\n\n\n\n<p>Los momentos m\u00e1s emotivos de la noche empezaron sus l\u00e1grimas para recordar sus or\u00edgenes en una peque\u00f1a ciudad argentina.<\/p>\n\n\n\n<p>&#8220;Perd\u00f3n. Me emociono porque nunca pens\u00e9 que iba a poder lograr esto. Gracias por recibirme con tanto cari\u00f1o (&#8230;) So\u00f1aba con ser artista, pero era muy lejano y ahora estoy ac\u00e1 con todos ustedes, as\u00ed que imag\u00ednense&#8221;, ha proseguido.<\/p>\n\n\n\n<p>Ha querido rendir homenaje &#8220;a todas las mujeres trabajadoras, valientes&#8221; que le sirven de inspiraci\u00f3n y ha mencionado la empanada gallega antes de leer algunos carteles del p\u00fablico, como el de una persona que hizo 500 kil\u00f3metros para venir o el de Carmen, una joven a la que ha cantado el &#8216;Cumplea\u00f1os feliz&#8217; junto a todo el Coliseum.<\/p>\n\n\n\n<p>&#8216;Como si no importara&#8217; y &#8216;Mi otra mitad&#8217; han sido para su pareja, Duki: &#8220;La persona que me cambi\u00f3 la vida. Que cada vez que llego a casa me recibe con una sonrisa&#8221;, ha a\u00f1adido.<\/p>\n\n\n\n<p>Un nuevo cambio de ropa la ha vestido de plateado con la cabeza cubierta para cantar &#8216;Uno los dos&#8217; y &#8216;A 1000 km&#8217;, cuando ha bajado a cantar con el p\u00fablico con una c\u00e1mara &#8216;selfie&#8217; en la mano.<\/p>\n\n\n\n<p>Ya en un sof\u00e1 rosa en el escenario ha mencionado a aquellos que han acudido con su familia y amigos y ha lanzado un mensaje de amor y admiraci\u00f3n para todos los guerreros.<\/p>\n\n\n\n<p>Precisamente con la canci\u00f3n &#8216;Guerrero&#8217; ha recordado a su padre: &#8220;Mi pap\u00e1 est\u00e1 batallando una enfermedad y es mi mayor guerrero. Es dif\u00edcil, pero se puede&#8221;, ha dicho.<\/p>\n\n\n\n<figure class=\"wp-block-gallery has-nested-images columns-default is-cropped wp-block-gallery-2 is-layout-flex wp-block-gallery-is-layout-flex\">\n<figure class=\"wp-block-image size-large\"><img decoding=\"async\" width=\"800\" height=\"366\" data-id=\"22170\" src=\"https:\/\/www.americanonewspaper.com\/es\/wp-content\/uploads\/2024\/05\/GGlSpanish-800x366.png\" alt=\"\" class=\"wp-image-22170\" srcset=\"https:\/\/www.americanonewspaper.com\/es\/wp-content\/uploads\/2024\/05\/GGlSpanish-800x366.png 800w, https:\/\/www.americanonewspaper.com\/es\/wp-content\/uploads\/2024\/05\/GGlSpanish-300x137.png 300w, https:\/\/www.americanonewspaper.com\/es\/wp-content\/uploads\/2024\/05\/GGlSpanish-768x351.png 768w, https:\/\/www.americanonewspaper.com\/es\/wp-content\/uploads\/2024\/05\/GGlSpanish-150x69.png 150w, https:\/\/www.americanonewspaper.com\/es\/wp-content\/uploads\/2024\/05\/GGlSpanish-696x318.png 696w, https:\/\/www.americanonewspaper.com\/es\/wp-content\/uploads\/2024\/05\/GGlSpanish-1068x489.png 1068w, https:\/\/www.americanonewspaper.com\/es\/wp-content\/uploads\/2024\/05\/GGlSpanish.png 1200w\" sizes=\"(max-width: 800px) 100vw, 800px\" \/><\/figure>\n<\/figure>\n\n\n\n<p>&#8216;R\u00e1pido lento&#8217; ha sido el \u00faltimo tema antes de un nuevo cambio de vestuario, ya el definitivo, a azul, con el que ha sonado &#8216;Underground&#8217;, &#8216;En la intimidad&#8217;, &#8216;Perdonarte\u2026 \u00bfpara qu\u00e9?&#8217;, &#8216;Una foto&#8217;, &#8216;Esto reci\u00e9n empieza&#8217; y &#8216;Los del espacio&#8217;, que ha cantado todo el p\u00fablico a coro.<\/p>\n\n\n\n<p>En un camerino simulado y ante el espejo ha interpretado &#8217;24 horas&#8217;, que ha dado paso a &#8216;Mu\u00f1ecos&#8217; antes de estrenar &#8220;en primicia&#8221; &#8216;La playlist&#8217;.<\/p>\n\n\n\n<p>Ha recordado su \u00faltima an\u00e9cdota en A Coru\u00f1a, cuando se le rompi\u00f3 el pantal\u00f3n por detr\u00e1s, a diferencia de hoy, cuando ha salido todo bien.<\/p>\n\n\n\n<p>&#8216;La original&#8217;, &#8216;GTA&#8217;, con una bandera de Espa\u00f1a en la mano, y &#8216;No se ve&#8217; han sido las tres canciones finales: &#8220;Detr\u00e1s del humo no se ve&#8221;, dice esta \u00faltima, pero no se cumpli\u00f3 esta noche porque a Emilia se la vio y no hizo m\u00e1s que brillar. EFE<\/p>\n","protected":false},"excerpt":{"rendered":"<p>Miguel \u00c1lvarez A Coru\u00f1a (Espa\u00f1a), (EFE). La cantante argentina Emilia ha arrasado este s\u00e1bado en A Coru\u00f1a (noroeste) en un inicio de gira &#8216;Emilia.mp3 Tour&#8217; por Espa\u00f1a en el que &#8220;detr\u00e1s del humo&#8221; no hizo m\u00e1s que brillar a lo largo de una treintena de temas. La artista ha llenado el Coliseum con 8.000 personas [&hellip;]<\/p>\n","protected":false},"author":12,"featured_media":22625,"comment_status":"closed","ping_status":"open","sticky":true,"template":"","format":"standard","meta":{"_acf_changed":false,"tdm_status":"","tdm_grid_status":"","_jetpack_memberships_contains_paid_content":false,"footnotes":"","jetpack_publicize_message":"","jetpack_publicize_feature_enabled":true,"jetpack_social_post_already_shared":true,"jetpack_social_options":{"image_generator_settings":{"template":"highway","default_image_id":0,"font":"","enabled":false},"version":2},"_wpas_customize_per_network":false},"categories":[722,721],"tags":[],"class_list":{"0":"post-22624","1":"post","2":"type-post","3":"status-publish","4":"format-standard","5":"has-post-thumbnail","7":"category-detras-del-humo","8":"category-emilia-arrasa"},"acf":[],"yoast_head":"<!-- This site is optimized with the Yoast SEO Premium plugin v27.5 (Yoast SEO v27.5) - https:\/\/yoast.com\/product\/yoast-seo-premium-wordpress\/ -->\n<title>Emilia arrasa en un inicio de gira en el que &quot;detr\u00e1s del humo&quot;\u00a0 - Americano Newspaper<\/title>\n<meta name=\"description\" content=\"La cantante argentina Emilia ha arrasado este s\u00e1bado en A Coru\u00f1a (noroeste) en un inicio de gira &#039;Emilia.mp3 Tour&#039; por Espa\u00f1a en el que &quot;detr\u00e1s del humo&quot; no hizo m\u00e1s que brillar a lo largo de una treintena de temas.\" \/>\n<meta name=\"robots\" content=\"index, follow, max-snippet:-1, max-image-preview:large, max-video-preview:-1\" \/>\n<link rel=\"canonical\" href=\"https:\/\/www.americanonewspaper.com\/es\/emilia-arrasa\/emilia-arrasa-en-un-inicio-de-gira-en-el-que-detras-del-humo\/\" \/>\n<meta property=\"og:locale\" content=\"en_US\" \/>\n<meta property=\"og:type\" content=\"article\" \/>\n<meta property=\"og:title\" content=\"Emilia arrasa en un inicio de gira en el que &quot;detr\u00e1s del humo&quot;\u00a0\" \/>\n<meta property=\"og:description\" content=\"La cantante argentina Emilia ha arrasado este s\u00e1bado en A Coru\u00f1a (noroeste) en un inicio de gira &#039;Emilia.mp3 Tour&#039; por Espa\u00f1a en el que &quot;detr\u00e1s del humo&quot; no hizo m\u00e1s que brillar a lo largo de una treintena de temas.\" \/>\n<meta property=\"og:url\" content=\"https:\/\/www.americanonewspaper.com\/es\/emilia-arrasa\/emilia-arrasa-en-un-inicio-de-gira-en-el-que-detras-del-humo\/\" \/>\n<meta property=\"og:site_name\" content=\"Americano Newspaper\" \/>\n<meta property=\"article:publisher\" content=\"https:\/\/www.facebook.com\/AmericanoNewspaper\/\" \/>\n<meta property=\"article:published_time\" content=\"2024-06-26T05:51:33+00:00\" \/>\n<meta property=\"article:modified_time\" content=\"2024-06-26T05:51:35+00:00\" \/>\n<meta property=\"og:image\" content=\"https:\/\/www.americanonewspaper.com\/es\/wp-content\/uploads\/2024\/06\/98dd3754f04c378fd665f04a830bda8eac4aeac0miniw.jpg\" \/>\n\t<meta property=\"og:image:width\" content=\"899\" \/>\n\t<meta property=\"og:image:height\" content=\"600\" \/>\n\t<meta property=\"og:image:type\" content=\"image\/jpeg\" \/>\n<meta name=\"author\" content=\"Maria Quintana\" \/>\n<meta name=\"twitter:card\" content=\"summary_large_image\" \/>\n<meta name=\"twitter:label1\" content=\"Written by\" \/>\n\t<meta name=\"twitter:data1\" content=\"Maria Quintana\" \/>\n\t<meta name=\"twitter:label2\" content=\"Est. reading time\" \/>\n\t<meta name=\"twitter:data2\" content=\"4 minutes\" \/>\n<script type=\"application\/ld+json\" class=\"yoast-schema-graph\">{\"@context\":\"https:\\\/\\\/schema.org\",\"@graph\":[{\"@type\":\"Article\",\"@id\":\"https:\\\/\\\/www.americanonewspaper.com\\\/es\\\/emilia-arrasa\\\/emilia-arrasa-en-un-inicio-de-gira-en-el-que-detras-del-humo\\\/#article\",\"isPartOf\":{\"@id\":\"https:\\\/\\\/www.americanonewspaper.com\\\/es\\\/emilia-arrasa\\\/emilia-arrasa-en-un-inicio-de-gira-en-el-que-detras-del-humo\\\/\"},\"author\":{\"name\":\"Maria Quintana\",\"@id\":\"https:\\\/\\\/www.americanonewspaper.com\\\/es\\\/#\\\/schema\\\/person\\\/ff0825ff964ec074668f1d9571f5232d\"},\"headline\":\"Emilia arrasa en un inicio de gira en el que &#8220;detr\u00e1s del humo&#8221;\u00a0\",\"datePublished\":\"2024-06-26T05:51:33+00:00\",\"dateModified\":\"2024-06-26T05:51:35+00:00\",\"mainEntityOfPage\":{\"@id\":\"https:\\\/\\\/www.americanonewspaper.com\\\/es\\\/emilia-arrasa\\\/emilia-arrasa-en-un-inicio-de-gira-en-el-que-detras-del-humo\\\/\"},\"wordCount\":724,\"publisher\":{\"@id\":\"https:\\\/\\\/www.americanonewspaper.com\\\/es\\\/#organization\"},\"image\":{\"@id\":\"https:\\\/\\\/www.americanonewspaper.com\\\/es\\\/emilia-arrasa\\\/emilia-arrasa-en-un-inicio-de-gira-en-el-que-detras-del-humo\\\/#primaryimage\"},\"thumbnailUrl\":\"https:\\\/\\\/www.americanonewspaper.com\\\/es\\\/wp-content\\\/uploads\\\/2024\\\/06\\\/98dd3754f04c378fd665f04a830bda8eac4aeac0miniw.jpg\",\"articleSection\":[\"detr\u00e1s del humo\",\"Emilia arrasa\"],\"inLanguage\":\"en-US\"},{\"@type\":\"WebPage\",\"@id\":\"https:\\\/\\\/www.americanonewspaper.com\\\/es\\\/emilia-arrasa\\\/emilia-arrasa-en-un-inicio-de-gira-en-el-que-detras-del-humo\\\/\",\"url\":\"https:\\\/\\\/www.americanonewspaper.com\\\/es\\\/emilia-arrasa\\\/emilia-arrasa-en-un-inicio-de-gira-en-el-que-detras-del-humo\\\/\",\"name\":\"Emilia arrasa en un inicio de gira en el que \\\"detr\u00e1s del humo\\\"\u00a0 - Americano Newspaper\",\"isPartOf\":{\"@id\":\"https:\\\/\\\/www.americanonewspaper.com\\\/es\\\/#website\"},\"primaryImageOfPage\":{\"@id\":\"https:\\\/\\\/www.americanonewspaper.com\\\/es\\\/emilia-arrasa\\\/emilia-arrasa-en-un-inicio-de-gira-en-el-que-detras-del-humo\\\/#primaryimage\"},\"image\":{\"@id\":\"https:\\\/\\\/www.americanonewspaper.com\\\/es\\\/emilia-arrasa\\\/emilia-arrasa-en-un-inicio-de-gira-en-el-que-detras-del-humo\\\/#primaryimage\"},\"thumbnailUrl\":\"https:\\\/\\\/www.americanonewspaper.com\\\/es\\\/wp-content\\\/uploads\\\/2024\\\/06\\\/98dd3754f04c378fd665f04a830bda8eac4aeac0miniw.jpg\",\"datePublished\":\"2024-06-26T05:51:33+00:00\",\"dateModified\":\"2024-06-26T05:51:35+00:00\",\"description\":\"La cantante argentina Emilia ha arrasado este s\u00e1bado en A Coru\u00f1a (noroeste) en un inicio de gira 'Emilia.mp3 Tour' por Espa\u00f1a en el que \\\"detr\u00e1s del humo\\\" no hizo m\u00e1s que brillar a lo largo de una treintena de temas.\",\"breadcrumb\":{\"@id\":\"https:\\\/\\\/www.americanonewspaper.com\\\/es\\\/emilia-arrasa\\\/emilia-arrasa-en-un-inicio-de-gira-en-el-que-detras-del-humo\\\/#breadcrumb\"},\"inLanguage\":\"en-US\",\"potentialAction\":[{\"@type\":\"ReadAction\",\"target\":[\"https:\\\/\\\/www.americanonewspaper.com\\\/es\\\/emilia-arrasa\\\/emilia-arrasa-en-un-inicio-de-gira-en-el-que-detras-del-humo\\\/\"]}]},{\"@type\":\"ImageObject\",\"inLanguage\":\"en-US\",\"@id\":\"https:\\\/\\\/www.americanonewspaper.com\\\/es\\\/emilia-arrasa\\\/emilia-arrasa-en-un-inicio-de-gira-en-el-que-detras-del-humo\\\/#primaryimage\",\"url\":\"https:\\\/\\\/www.americanonewspaper.com\\\/es\\\/wp-content\\\/uploads\\\/2024\\\/06\\\/98dd3754f04c378fd665f04a830bda8eac4aeac0miniw.jpg\",\"contentUrl\":\"https:\\\/\\\/www.americanonewspaper.com\\\/es\\\/wp-content\\\/uploads\\\/2024\\\/06\\\/98dd3754f04c378fd665f04a830bda8eac4aeac0miniw.jpg\",\"width\":899,\"height\":600,\"caption\":\"La cantante argentina Emilia Mernes durante su actuaci\u00f3n este s\u00e1bado en A Coru\u00f1a, iniciando su gira '.mp3 Tour' que la llevar\u00e1 en las pr\u00f3ximas semanas por toda la geograf\u00eda espa\u00f1ola. EFE\\\/Cabalar\"},{\"@type\":\"BreadcrumbList\",\"@id\":\"https:\\\/\\\/www.americanonewspaper.com\\\/es\\\/emilia-arrasa\\\/emilia-arrasa-en-un-inicio-de-gira-en-el-que-detras-del-humo\\\/#breadcrumb\",\"itemListElement\":[{\"@type\":\"ListItem\",\"position\":1,\"name\":\"Home\",\"item\":\"https:\\\/\\\/www.americanonewspaper.com\\\/es\\\/\"},{\"@type\":\"ListItem\",\"position\":2,\"name\":\"Emilia arrasa en un inicio de gira en el que &#8220;detr\u00e1s del humo&#8221;\u00a0\"}]},{\"@type\":\"WebSite\",\"@id\":\"https:\\\/\\\/www.americanonewspaper.com\\\/es\\\/#website\",\"url\":\"https:\\\/\\\/www.americanonewspaper.com\\\/es\\\/\",\"name\":\"Americano Newspaper\",\"description\":\"The Hispanic Newspaper of New Jersey.\",\"publisher\":{\"@id\":\"https:\\\/\\\/www.americanonewspaper.com\\\/es\\\/#organization\"},\"potentialAction\":[{\"@type\":\"SearchAction\",\"target\":{\"@type\":\"EntryPoint\",\"urlTemplate\":\"https:\\\/\\\/www.americanonewspaper.com\\\/es\\\/?s={search_term_string}\"},\"query-input\":{\"@type\":\"PropertyValueSpecification\",\"valueRequired\":true,\"valueName\":\"search_term_string\"}}],\"inLanguage\":\"en-US\"},{\"@type\":\"Organization\",\"@id\":\"https:\\\/\\\/www.americanonewspaper.com\\\/es\\\/#organization\",\"name\":\"Americano Newspaper\",\"url\":\"https:\\\/\\\/www.americanonewspaper.com\\\/es\\\/\",\"logo\":{\"@type\":\"ImageObject\",\"inLanguage\":\"en-US\",\"@id\":\"https:\\\/\\\/www.americanonewspaper.com\\\/es\\\/#\\\/schema\\\/logo\\\/image\\\/\",\"url\":\"https:\\\/\\\/www.americanonewspaper.com\\\/es\\\/wp-content\\\/uploads\\\/2024\\\/05\\\/AmericanoLogoCircle.comCircle2.jpg\",\"contentUrl\":\"https:\\\/\\\/www.americanonewspaper.com\\\/es\\\/wp-content\\\/uploads\\\/2024\\\/05\\\/AmericanoLogoCircle.comCircle2.jpg\",\"width\":600,\"height\":600,\"caption\":\"Americano Newspaper\"},\"image\":{\"@id\":\"https:\\\/\\\/www.americanonewspaper.com\\\/es\\\/#\\\/schema\\\/logo\\\/image\\\/\"},\"sameAs\":[\"https:\\\/\\\/www.facebook.com\\\/AmericanoNewspaper\\\/\"]},{\"@type\":\"Person\",\"@id\":\"https:\\\/\\\/www.americanonewspaper.com\\\/es\\\/#\\\/schema\\\/person\\\/ff0825ff964ec074668f1d9571f5232d\",\"name\":\"Maria Quintana\",\"image\":{\"@type\":\"ImageObject\",\"inLanguage\":\"en-US\",\"@id\":\"https:\\\/\\\/www.americanonewspaper.com\\\/es\\\/wp-content\\\/uploads\\\/2024\\\/02\\\/Crystal-Quintana-250x250.jpg\",\"url\":\"https:\\\/\\\/www.americanonewspaper.com\\\/es\\\/wp-content\\\/uploads\\\/2024\\\/02\\\/Crystal-Quintana-250x250.jpg\",\"contentUrl\":\"https:\\\/\\\/www.americanonewspaper.com\\\/es\\\/wp-content\\\/uploads\\\/2024\\\/02\\\/Crystal-Quintana-250x250.jpg\",\"caption\":\"Maria Quintana\"},\"url\":\"https:\\\/\\\/www.americanonewspaper.com\\\/es\\\/author\\\/crystal\\\/\"}]}<\/script>\n<!-- \/ Yoast SEO Premium plugin. -->","yoast_head_json":{"title":"Emilia arrasa en un inicio de gira en el que \"detr\u00e1s del humo\"\u00a0 - Americano Newspaper","description":"La cantante argentina Emilia ha arrasado este s\u00e1bado en A Coru\u00f1a (noroeste) en un inicio de gira 'Emilia.mp3 Tour' por Espa\u00f1a en el que \"detr\u00e1s del humo\" no hizo m\u00e1s que brillar a lo largo de una treintena de temas.","robots":{"index":"index","follow":"follow","max-snippet":"max-snippet:-1","max-image-preview":"max-image-preview:large","max-video-preview":"max-video-preview:-1"},"canonical":"https:\/\/www.americanonewspaper.com\/es\/emilia-arrasa\/emilia-arrasa-en-un-inicio-de-gira-en-el-que-detras-del-humo\/","og_locale":"en_US","og_type":"article","og_title":"Emilia arrasa en un inicio de gira en el que \"detr\u00e1s del humo\"\u00a0","og_description":"La cantante argentina Emilia ha arrasado este s\u00e1bado en A Coru\u00f1a (noroeste) en un inicio de gira 'Emilia.mp3 Tour' por Espa\u00f1a en el que \"detr\u00e1s del humo\" no hizo m\u00e1s que brillar a lo largo de una treintena de temas.","og_url":"https:\/\/www.americanonewspaper.com\/es\/emilia-arrasa\/emilia-arrasa-en-un-inicio-de-gira-en-el-que-detras-del-humo\/","og_site_name":"Americano Newspaper","article_publisher":"https:\/\/www.facebook.com\/AmericanoNewspaper\/","article_published_time":"2024-06-26T05:51:33+00:00","article_modified_time":"2024-06-26T05:51:35+00:00","og_image":[{"width":899,"height":600,"url":"https:\/\/www.americanonewspaper.com\/es\/wp-content\/uploads\/2024\/06\/98dd3754f04c378fd665f04a830bda8eac4aeac0miniw.jpg","type":"image\/jpeg"}],"author":"Maria Quintana","twitter_card":"summary_large_image","twitter_misc":{"Written by":"Maria Quintana","Est. reading time":"4 minutes"},"schema":{"@context":"https:\/\/schema.org","@graph":[{"@type":"Article","@id":"https:\/\/www.americanonewspaper.com\/es\/emilia-arrasa\/emilia-arrasa-en-un-inicio-de-gira-en-el-que-detras-del-humo\/#article","isPartOf":{"@id":"https:\/\/www.americanonewspaper.com\/es\/emilia-arrasa\/emilia-arrasa-en-un-inicio-de-gira-en-el-que-detras-del-humo\/"},"author":{"name":"Maria Quintana","@id":"https:\/\/www.americanonewspaper.com\/es\/#\/schema\/person\/ff0825ff964ec074668f1d9571f5232d"},"headline":"Emilia arrasa en un inicio de gira en el que &#8220;detr\u00e1s del humo&#8221;\u00a0","datePublished":"2024-06-26T05:51:33+00:00","dateModified":"2024-06-26T05:51:35+00:00","mainEntityOfPage":{"@id":"https:\/\/www.americanonewspaper.com\/es\/emilia-arrasa\/emilia-arrasa-en-un-inicio-de-gira-en-el-que-detras-del-humo\/"},"wordCount":724,"publisher":{"@id":"https:\/\/www.americanonewspaper.com\/es\/#organization"},"image":{"@id":"https:\/\/www.americanonewspaper.com\/es\/emilia-arrasa\/emilia-arrasa-en-un-inicio-de-gira-en-el-que-detras-del-humo\/#primaryimage"},"thumbnailUrl":"https:\/\/www.americanonewspaper.com\/es\/wp-content\/uploads\/2024\/06\/98dd3754f04c378fd665f04a830bda8eac4aeac0miniw.jpg","articleSection":["detr\u00e1s del humo","Emilia arrasa"],"inLanguage":"en-US"},{"@type":"WebPage","@id":"https:\/\/www.americanonewspaper.com\/es\/emilia-arrasa\/emilia-arrasa-en-un-inicio-de-gira-en-el-que-detras-del-humo\/","url":"https:\/\/www.americanonewspaper.com\/es\/emilia-arrasa\/emilia-arrasa-en-un-inicio-de-gira-en-el-que-detras-del-humo\/","name":"Emilia arrasa en un inicio de gira en el que \"detr\u00e1s del humo\"\u00a0 - Americano Newspaper","isPartOf":{"@id":"https:\/\/www.americanonewspaper.com\/es\/#website"},"primaryImageOfPage":{"@id":"https:\/\/www.americanonewspaper.com\/es\/emilia-arrasa\/emilia-arrasa-en-un-inicio-de-gira-en-el-que-detras-del-humo\/#primaryimage"},"image":{"@id":"https:\/\/www.americanonewspaper.com\/es\/emilia-arrasa\/emilia-arrasa-en-un-inicio-de-gira-en-el-que-detras-del-humo\/#primaryimage"},"thumbnailUrl":"https:\/\/www.americanonewspaper.com\/es\/wp-content\/uploads\/2024\/06\/98dd3754f04c378fd665f04a830bda8eac4aeac0miniw.jpg","datePublished":"2024-06-26T05:51:33+00:00","dateModified":"2024-06-26T05:51:35+00:00","description":"La cantante argentina Emilia ha arrasado este s\u00e1bado en A Coru\u00f1a (noroeste) en un inicio de gira 'Emilia.mp3 Tour' por Espa\u00f1a en el que \"detr\u00e1s del humo\" no hizo m\u00e1s que brillar a lo largo de una treintena de temas.","breadcrumb":{"@id":"https:\/\/www.americanonewspaper.com\/es\/emilia-arrasa\/emilia-arrasa-en-un-inicio-de-gira-en-el-que-detras-del-humo\/#breadcrumb"},"inLanguage":"en-US","potentialAction":[{"@type":"ReadAction","target":["https:\/\/www.americanonewspaper.com\/es\/emilia-arrasa\/emilia-arrasa-en-un-inicio-de-gira-en-el-que-detras-del-humo\/"]}]},{"@type":"ImageObject","inLanguage":"en-US","@id":"https:\/\/www.americanonewspaper.com\/es\/emilia-arrasa\/emilia-arrasa-en-un-inicio-de-gira-en-el-que-detras-del-humo\/#primaryimage","url":"https:\/\/www.americanonewspaper.com\/es\/wp-content\/uploads\/2024\/06\/98dd3754f04c378fd665f04a830bda8eac4aeac0miniw.jpg","contentUrl":"https:\/\/www.americanonewspaper.com\/es\/wp-content\/uploads\/2024\/06\/98dd3754f04c378fd665f04a830bda8eac4aeac0miniw.jpg","width":899,"height":600,"caption":"La cantante argentina Emilia Mernes durante su actuaci\u00f3n este s\u00e1bado en A Coru\u00f1a, iniciando su gira '.mp3 Tour' que la llevar\u00e1 en las pr\u00f3ximas semanas por toda la geograf\u00eda espa\u00f1ola. EFE\/Cabalar"},{"@type":"BreadcrumbList","@id":"https:\/\/www.americanonewspaper.com\/es\/emilia-arrasa\/emilia-arrasa-en-un-inicio-de-gira-en-el-que-detras-del-humo\/#breadcrumb","itemListElement":[{"@type":"ListItem","position":1,"name":"Home","item":"https:\/\/www.americanonewspaper.com\/es\/"},{"@type":"ListItem","position":2,"name":"Emilia arrasa en un inicio de gira en el que &#8220;detr\u00e1s del humo&#8221;\u00a0"}]},{"@type":"WebSite","@id":"https:\/\/www.americanonewspaper.com\/es\/#website","url":"https:\/\/www.americanonewspaper.com\/es\/","name":"Americano Newspaper","description":"The Hispanic Newspaper of New Jersey.","publisher":{"@id":"https:\/\/www.americanonewspaper.com\/es\/#organization"},"potentialAction":[{"@type":"SearchAction","target":{"@type":"EntryPoint","urlTemplate":"https:\/\/www.americanonewspaper.com\/es\/?s={search_term_string}"},"query-input":{"@type":"PropertyValueSpecification","valueRequired":true,"valueName":"search_term_string"}}],"inLanguage":"en-US"},{"@type":"Organization","@id":"https:\/\/www.americanonewspaper.com\/es\/#organization","name":"Americano Newspaper","url":"https:\/\/www.americanonewspaper.com\/es\/","logo":{"@type":"ImageObject","inLanguage":"en-US","@id":"https:\/\/www.americanonewspaper.com\/es\/#\/schema\/logo\/image\/","url":"https:\/\/www.americanonewspaper.com\/es\/wp-content\/uploads\/2024\/05\/AmericanoLogoCircle.comCircle2.jpg","contentUrl":"https:\/\/www.americanonewspaper.com\/es\/wp-content\/uploads\/2024\/05\/AmericanoLogoCircle.comCircle2.jpg","width":600,"height":600,"caption":"Americano Newspaper"},"image":{"@id":"https:\/\/www.americanonewspaper.com\/es\/#\/schema\/logo\/image\/"},"sameAs":["https:\/\/www.facebook.com\/AmericanoNewspaper\/"]},{"@type":"Person","@id":"https:\/\/www.americanonewspaper.com\/es\/#\/schema\/person\/ff0825ff964ec074668f1d9571f5232d","name":"Maria Quintana","image":{"@type":"ImageObject","inLanguage":"en-US","@id":"https:\/\/www.americanonewspaper.com\/es\/wp-content\/uploads\/2024\/02\/Crystal-Quintana-250x250.jpg","url":"https:\/\/www.americanonewspaper.com\/es\/wp-content\/uploads\/2024\/02\/Crystal-Quintana-250x250.jpg","contentUrl":"https:\/\/www.americanonewspaper.com\/es\/wp-content\/uploads\/2024\/02\/Crystal-Quintana-250x250.jpg","caption":"Maria Quintana"},"url":"https:\/\/www.americanonewspaper.com\/es\/author\/crystal\/"}]}},"jetpack_publicize_connections":[],"jetpack_featured_media_url":"https:\/\/www.americanonewspaper.com\/es\/wp-content\/uploads\/2024\/06\/98dd3754f04c378fd665f04a830bda8eac4aeac0miniw.jpg","featured_image_urls":{"full":["https:\/\/www.americanonewspaper.com\/es\/wp-content\/uploads\/2024\/06\/98dd3754f04c378fd665f04a830bda8eac4aeac0miniw.jpg",899,600,false],"thumbnail":["https:\/\/www.americanonewspaper.com\/es\/wp-content\/uploads\/2024\/06\/98dd3754f04c378fd665f04a830bda8eac4aeac0miniw-250x250.jpg",250,250,true],"medium":["https:\/\/www.americanonewspaper.com\/es\/wp-content\/uploads\/2024\/06\/98dd3754f04c378fd665f04a830bda8eac4aeac0miniw-300x200.jpg",300,200,true],"medium_large":["https:\/\/www.americanonewspaper.com\/es\/wp-content\/uploads\/2024\/06\/98dd3754f04c378fd665f04a830bda8eac4aeac0miniw-768x513.jpg",696,465,true],"large":["https:\/\/www.americanonewspaper.com\/es\/wp-content\/uploads\/2024\/06\/98dd3754f04c378fd665f04a830bda8eac4aeac0miniw-749x500.jpg",696,465,true],"1536x1536":["https:\/\/www.americanonewspaper.com\/es\/wp-content\/uploads\/2024\/06\/98dd3754f04c378fd665f04a830bda8eac4aeac0miniw.jpg",899,600,false],"2048x2048":["https:\/\/www.americanonewspaper.com\/es\/wp-content\/uploads\/2024\/06\/98dd3754f04c378fd665f04a830bda8eac4aeac0miniw.jpg",899,600,false],"td_150x0":["https:\/\/www.americanonewspaper.com\/es\/wp-content\/uploads\/2024\/06\/98dd3754f04c378fd665f04a830bda8eac4aeac0miniw-150x100.jpg",150,100,true],"td_218x150":["https:\/\/www.americanonewspaper.com\/es\/wp-content\/uploads\/2024\/06\/98dd3754f04c378fd665f04a830bda8eac4aeac0miniw-218x150.jpg",218,150,true],"td_300x0":["https:\/\/www.americanonewspaper.com\/es\/wp-content\/uploads\/2024\/06\/98dd3754f04c378fd665f04a830bda8eac4aeac0miniw-300x200.jpg",300,200,true],"td_324x400":["https:\/\/www.americanonewspaper.com\/es\/wp-content\/uploads\/2024\/06\/98dd3754f04c378fd665f04a830bda8eac4aeac0miniw-324x400.jpg",324,400,true],"td_485x360":["https:\/\/www.americanonewspaper.com\/es\/wp-content\/uploads\/2024\/06\/98dd3754f04c378fd665f04a830bda8eac4aeac0miniw-485x360.jpg",485,360,true],"td_696x0":["https:\/\/www.americanonewspaper.com\/es\/wp-content\/uploads\/2024\/06\/98dd3754f04c378fd665f04a830bda8eac4aeac0miniw-696x465.jpg",696,465,true],"td_1068x0":["https:\/\/www.americanonewspaper.com\/es\/wp-content\/uploads\/2024\/06\/98dd3754f04c378fd665f04a830bda8eac4aeac0miniw.jpg",899,600,false],"td_1920x0":["https:\/\/www.americanonewspaper.com\/es\/wp-content\/uploads\/2024\/06\/98dd3754f04c378fd665f04a830bda8eac4aeac0miniw.jpg",899,600,false],"bdpp-medium":["https:\/\/www.americanonewspaper.com\/es\/wp-content\/uploads\/2024\/06\/98dd3754f04c378fd665f04a830bda8eac4aeac0miniw.jpg",640,427,false]},"author_info":{"display_name":"Maria Quintana","author_link":"https:\/\/www.americanonewspaper.com\/es\/author\/crystal\/"},"category_info":"<a href=\"https:\/\/www.americanonewspaper.com\/es\/category\/detras-del-humo\/\" rel=\"category tag\">detr\u00e1s del humo<\/a> <a href=\"https:\/\/www.americanonewspaper.com\/es\/category\/emilia-arrasa\/\" rel=\"category tag\">Emilia arrasa<\/a>","tag_info":"Emilia arrasa","comment_count":"0","jetpack_sharing_enabled":true,"jetpack_likes_enabled":true,"_links":{"self":[{"href":"https:\/\/www.americanonewspaper.com\/es\/wp-json\/wp\/v2\/posts\/22624","targetHints":{"allow":["GET"]}}],"collection":[{"href":"https:\/\/www.americanonewspaper.com\/es\/wp-json\/wp\/v2\/posts"}],"about":[{"href":"https:\/\/www.americanonewspaper.com\/es\/wp-json\/wp\/v2\/types\/post"}],"author":[{"embeddable":true,"href":"https:\/\/www.americanonewspaper.com\/es\/wp-json\/wp\/v2\/users\/12"}],"replies":[{"embeddable":true,"href":"https:\/\/www.americanonewspaper.com\/es\/wp-json\/wp\/v2\/comments?post=22624"}],"version-history":[{"count":1,"href":"https:\/\/www.americanonewspaper.com\/es\/wp-json\/wp\/v2\/posts\/22624\/revisions"}],"predecessor-version":[{"id":22627,"href":"https:\/\/www.americanonewspaper.com\/es\/wp-json\/wp\/v2\/posts\/22624\/revisions\/22627"}],"wp:featuredmedia":[{"embeddable":true,"href":"https:\/\/www.americanonewspaper.com\/es\/wp-json\/wp\/v2\/media\/22625"}],"wp:attachment":[{"href":"https:\/\/www.americanonewspaper.com\/es\/wp-json\/wp\/v2\/media?parent=22624"}],"wp:term":[{"taxonomy":"category","embeddable":true,"href":"https:\/\/www.americanonewspaper.com\/es\/wp-json\/wp\/v2\/categories?post=22624"},{"taxonomy":"post_tag","embeddable":true,"href":"https:\/\/www.americanonewspaper.com\/es\/wp-json\/wp\/v2\/tags?post=22624"}],"curies":[{"name":"wp","href":"https:\/\/api.w.org\/{rel}","templated":true}]}}