{"id":22374,"date":"2024-05-31T15:37:27","date_gmt":"2024-05-31T19:37:27","guid":{"rendered":"https:\/\/www.americanonewspaper.com\/es\/?p=22374"},"modified":"2024-06-01T21:26:39","modified_gmt":"2024-06-02T01:26:39","slug":"el-real-madrid-anunciara-el-lunes-el-fichaje-de-mbappe","status":"publish","type":"post","link":"https:\/\/www.americanonewspaper.com\/es\/kylian-mbapp\/el-real-madrid-anunciara-el-lunes-el-fichaje-de-mbappe\/","title":{"rendered":"El Real Madrid anunciar\u00e1 el lunes el fichaje de Mbapp\u00e9."},"content":{"rendered":"\n<p>Par\u00eds, (EFE).<\/p>\n\n\n\n<p class=\"has-drop-cap dropcapp3\">El Real Madrid anunciar\u00e1 oficialmente el pr\u00f3ximo lunes el fichaje del delantero franc\u00e9s Kylian Mbapp\u00e9, seg\u00fan inform\u00f3 este viernes el diario deportivo franc\u00e9s L&#8217;\u00c9quipe.<\/p>\n\n\n\n<p>Mbapp\u00e9 quedar\u00e1 libre el 30 de junio al expirar su contrato con el Paris Saint-Germain (PSG) y, aunque ya hab\u00eda confirmado p\u00fablicamente su partida de la capital francesa el pasado 10 de mayo, el destino de la estrella de 25 a\u00f1os a\u00fan era una inc\u00f3gnita.<\/p>\n\n\n\n<p>Todos los rumores, sin embargo, apuntaban al club merengue, que ya hab\u00eda intentado si \u00e9xito hacerse con sus servicios en el pasado.<\/p>\n\n\n<div class=\"wp-block-image\">\n<figure class=\"aligncenter size-full is-resized\"><a href=\"https:\/\/patricia4senate.com\/es\/inicio\/\" target=\"_blank\" rel=\"noreferrer noopener\"><img fetchpriority=\"high\" decoding=\"async\" width=\"1200\" height=\"550\" src=\"https:\/\/www.americanonewspaper.com\/es\/wp-content\/uploads\/2024\/05\/Patricia4SenateSpanish.jpg\" alt=\"\" class=\"wp-image-22326\" style=\"width:1088px;height:auto\" srcset=\"https:\/\/www.americanonewspaper.com\/es\/wp-content\/uploads\/2024\/05\/Patricia4SenateSpanish.jpg 1200w, https:\/\/www.americanonewspaper.com\/es\/wp-content\/uploads\/2024\/05\/Patricia4SenateSpanish-300x138.jpg 300w, https:\/\/www.americanonewspaper.com\/es\/wp-content\/uploads\/2024\/05\/Patricia4SenateSpanish-800x367.jpg 800w, https:\/\/www.americanonewspaper.com\/es\/wp-content\/uploads\/2024\/05\/Patricia4SenateSpanish-768x352.jpg 768w, https:\/\/www.americanonewspaper.com\/es\/wp-content\/uploads\/2024\/05\/Patricia4SenateSpanish-150x69.jpg 150w, https:\/\/www.americanonewspaper.com\/es\/wp-content\/uploads\/2024\/05\/Patricia4SenateSpanish-696x319.jpg 696w, https:\/\/www.americanonewspaper.com\/es\/wp-content\/uploads\/2024\/05\/Patricia4SenateSpanish-1068x490.jpg 1068w\" sizes=\"(max-width: 1200px) 100vw, 1200px\" \/><\/a><\/figure>\n<\/div>\n\n\n<p>Seg\u00fan L&#8217;\u00c9quipe, Mbapp\u00e9 hab\u00eda hecho su elecci\u00f3n hac\u00eda meses, pero quedaban por solventar los detalles finales del acuerdo con el Real Madrid, que ahora ya est\u00e1n finalizados.<\/p>\n\n\n\n<p>&#8220;Es una cuesti\u00f3n de d\u00edas. En los pr\u00f3ximos d\u00edas ser\u00e1 oficial. Ahora solo quiero disfrutar, ser feliz&#8221;, hab\u00eda prometido el futbolista en una entrevista con la cadena CNN Sport difundida el pasado mi\u00e9rcoles.<\/p>\n\n\n\n<p>El esperado fichaje se anunciar\u00eda, de este modo, dos d\u00edas despu\u00e9s de que el equipo madrile\u00f1o dispute ma\u00f1ana s\u00e1bado la final de la Liga de Campeones contra el Borussia Dortmund.<\/p>\n\n\n\n<p>La presentaci\u00f3n en la capital espa\u00f1ola deber\u00e1 aguardar un poco m\u00e1s, ya que Mbapp\u00e9 se encuentra concentrado con la selecci\u00f3n francesa para la Eurocopa y el viaje a Madrid del capit\u00e1n de Les Bleus no tendr\u00eda lugar, al menos, hasta el final de ese torneo, que se disputa en Alemania entre el 14 de junio y el 14 de julio.<\/p>\n\n\n\n<p>Con el anuncio terminar\u00eda el prolongado culebr\u00f3n sobre el futuro del delantero franc\u00e9s, que nubl\u00f3 en buena medida su s\u00e9ptimo y \u00faltimo a\u00f1o en el Parque de los Pr\u00edncipes.<\/p>\n\n\n<div class=\"wp-block-image\">\n<figure class=\"aligncenter size-large is-resized\"><img decoding=\"async\" width=\"749\" height=\"500\" src=\"https:\/\/www.americanonewspaper.com\/es\/wp-content\/uploads\/2024\/05\/Mbappe-749x500.jpg\" alt=\"\" class=\"wp-image-22376\" style=\"width:1111px;height:auto\" srcset=\"https:\/\/www.americanonewspaper.com\/es\/wp-content\/uploads\/2024\/05\/Mbappe-749x500.jpg 749w, https:\/\/www.americanonewspaper.com\/es\/wp-content\/uploads\/2024\/05\/Mbappe-300x200.jpg 300w, https:\/\/www.americanonewspaper.com\/es\/wp-content\/uploads\/2024\/05\/Mbappe-768x513.jpg 768w, https:\/\/www.americanonewspaper.com\/es\/wp-content\/uploads\/2024\/05\/Mbappe-150x100.jpg 150w, https:\/\/www.americanonewspaper.com\/es\/wp-content\/uploads\/2024\/05\/Mbappe-696x465.jpg 696w, https:\/\/www.americanonewspaper.com\/es\/wp-content\/uploads\/2024\/05\/Mbappe.jpg 899w\" sizes=\"(max-width: 749px) 100vw, 749px\" \/><figcaption class=\"wp-element-caption\">El franc\u00e9s Kylian Mbapp\u00e9, a\u00fan jugador del Par\u00eds Saint-Germain hasta final de temporada, ya est\u00e1 presente en las inmediaciones del estadio Santiago Bernab\u00e9u, donde los tradicionales puestos de productos del conjunto blanco venden ya bufandas con la cara y el nombre del futbolista galo. EFE\/\u00d3scar Maya\n<\/figcaption><\/figure>\n<\/div>\n\n\n<p>Fue una temporada en la que, con 43 goles en total del de Bondy, el PSG logr\u00f3 conquistar de nuevo la Liga, la Copa y la Supercopa francesas, a las \u00f3rdenes de Luis Enrique, pero en la que fracas\u00f3 una vez m\u00e1s en lograr la ansiada Liga de Campeones, al caer en semifinales ante el Borussia Dortmund<\/p>\n\n\n\n<p>Las tensiones entre la directiva catar\u00ed del PSG y Mbapp\u00e9 eran evidentes desde el principio de la temporada, cuando trascendi\u00f3 que el joven goleador no ejecutar\u00eda la opci\u00f3n de renovaci\u00f3n para un a\u00f1o m\u00e1s que inclu\u00eda su \u00faltimo contrato, un movimiento que llev\u00f3 incluso a que fuera apartado de los entrenamientos con la plantilla regular.<\/p>\n\n\n\n<p>Por su parte, el Real Madrid lleva a\u00f1os detr\u00e1s del jugador y hace dos cursos estuvo a punto de lograrlo, pero Mbapp\u00e9 finalmente renov\u00f3 con el PSG por dos temporadas.<\/p>\n\n\n\n<figure class=\"wp-block-image size-large is-resized\"><a href=\"https:\/\/www.facebook.com\/people\/Villanuevas-Driving-School\/100090554964280\/\" target=\"_blank\" rel=\"noreferrer noopener\"><img decoding=\"async\" width=\"800\" height=\"361\" src=\"https:\/\/www.americanonewspaper.com\/es\/wp-content\/uploads\/2024\/06\/DrivingschoolSpanish-800x361.png\" alt=\"\" class=\"wp-image-22380\" style=\"width:1068px;height:auto\" srcset=\"https:\/\/www.americanonewspaper.com\/es\/wp-content\/uploads\/2024\/06\/DrivingschoolSpanish-800x361.png 800w, https:\/\/www.americanonewspaper.com\/es\/wp-content\/uploads\/2024\/06\/DrivingschoolSpanish-300x135.png 300w, https:\/\/www.americanonewspaper.com\/es\/wp-content\/uploads\/2024\/06\/DrivingschoolSpanish-768x346.png 768w, https:\/\/www.americanonewspaper.com\/es\/wp-content\/uploads\/2024\/06\/DrivingschoolSpanish-150x68.png 150w, https:\/\/www.americanonewspaper.com\/es\/wp-content\/uploads\/2024\/06\/DrivingschoolSpanish-696x314.png 696w, https:\/\/www.americanonewspaper.com\/es\/wp-content\/uploads\/2024\/06\/DrivingschoolSpanish-1068x481.png 1068w, https:\/\/www.americanonewspaper.com\/es\/wp-content\/uploads\/2024\/06\/DrivingschoolSpanish.png 1200w\" sizes=\"(max-width: 800px) 100vw, 800px\" \/><\/a><\/figure>\n","protected":false},"excerpt":{"rendered":"<p>Par\u00eds, (EFE). El Real Madrid anunciar\u00e1 oficialmente el pr\u00f3ximo lunes el fichaje del delantero franc\u00e9s Kylian Mbapp\u00e9, seg\u00fan inform\u00f3 este viernes el diario deportivo franc\u00e9s L&#8217;\u00c9quipe. Mbapp\u00e9 quedar\u00e1 libre el 30 de junio al expirar su contrato con el Paris Saint-Germain (PSG) y, aunque ya hab\u00eda confirmado p\u00fablicamente su partida de la capital francesa el [&hellip;]<\/p>\n","protected":false},"author":13,"featured_media":22375,"comment_status":"closed","ping_status":"open","sticky":true,"template":"","format":"standard","meta":{"_acf_changed":false,"tdm_status":"","tdm_grid_status":"","_jetpack_memberships_contains_paid_content":false,"footnotes":"","jetpack_publicize_message":"","jetpack_publicize_feature_enabled":true,"jetpack_social_post_already_shared":true,"jetpack_social_options":{"image_generator_settings":{"template":"highway","default_image_id":0,"font":"","enabled":false},"version":2},"_wpas_customize_per_network":false},"categories":[607,703,702],"tags":[],"class_list":{"0":"post-22374","1":"post","2":"type-post","3":"status-publish","4":"format-standard","5":"has-post-thumbnail","7":"category-deportes","8":"category-kyliam-mbappe","9":"category-kylian-mbapp"},"acf":[],"yoast_head":"<!-- This site is optimized with the Yoast SEO Premium plugin v27.5 (Yoast SEO v27.5) - https:\/\/yoast.com\/product\/yoast-seo-premium-wordpress\/ -->\n<title>El Real Madrid anunciar\u00e1 el lunes el fichaje de Mbapp\u00e9. - Americano Newspaper<\/title>\n<meta name=\"description\" content=\"El Real Madrid anunciar\u00e1 oficialmente el pr\u00f3ximo lunes el fichaje del delantero franc\u00e9s Kylian Mbapp\u00e9, seg\u00fan inform\u00f3 este viernes el diario deportivo franc\u00e9s L&#039;\u00c9quipe.\" \/>\n<meta name=\"robots\" content=\"index, follow, max-snippet:-1, max-image-preview:large, max-video-preview:-1\" \/>\n<link rel=\"canonical\" href=\"https:\/\/www.americanonewspaper.com\/es\/kylian-mbapp\/el-real-madrid-anunciara-el-lunes-el-fichaje-de-mbappe\/\" \/>\n<meta property=\"og:locale\" content=\"en_US\" \/>\n<meta property=\"og:type\" content=\"article\" \/>\n<meta property=\"og:title\" content=\"El Real Madrid anunciar\u00e1 el lunes el fichaje de Mbapp\u00e9.\" \/>\n<meta property=\"og:description\" content=\"El Real Madrid anunciar\u00e1 oficialmente el pr\u00f3ximo lunes el fichaje del delantero franc\u00e9s Kylian Mbapp\u00e9, seg\u00fan inform\u00f3 este viernes el diario deportivo franc\u00e9s L&#039;\u00c9quipe.\" \/>\n<meta property=\"og:url\" content=\"https:\/\/www.americanonewspaper.com\/es\/kylian-mbapp\/el-real-madrid-anunciara-el-lunes-el-fichaje-de-mbappe\/\" \/>\n<meta property=\"og:site_name\" content=\"Americano Newspaper\" \/>\n<meta property=\"article:publisher\" content=\"https:\/\/www.facebook.com\/AmericanoNewspaper\/\" \/>\n<meta property=\"article:published_time\" content=\"2024-05-31T19:37:27+00:00\" \/>\n<meta property=\"article:modified_time\" content=\"2024-06-02T01:26:39+00:00\" \/>\n<meta property=\"og:image\" content=\"https:\/\/www.americanonewspaper.com\/es\/wp-content\/uploads\/2024\/05\/El-delantero-Kylan-Mbappe.jpg\" \/>\n\t<meta property=\"og:image:width\" content=\"900\" \/>\n\t<meta property=\"og:image:height\" content=\"600\" \/>\n\t<meta property=\"og:image:type\" content=\"image\/jpeg\" \/>\n<meta name=\"author\" content=\"Yaosmil Roque Quintana\" \/>\n<meta name=\"twitter:card\" content=\"summary_large_image\" \/>\n<meta name=\"twitter:label1\" content=\"Written by\" \/>\n\t<meta name=\"twitter:data1\" content=\"Yaosmil Roque Quintana\" \/>\n\t<meta name=\"twitter:label2\" content=\"Est. reading time\" \/>\n\t<meta name=\"twitter:data2\" content=\"3 minutes\" \/>\n<script type=\"application\/ld+json\" class=\"yoast-schema-graph\">{\"@context\":\"https:\\\/\\\/schema.org\",\"@graph\":[{\"@type\":\"Article\",\"@id\":\"https:\\\/\\\/www.americanonewspaper.com\\\/es\\\/kylian-mbapp\\\/el-real-madrid-anunciara-el-lunes-el-fichaje-de-mbappe\\\/#article\",\"isPartOf\":{\"@id\":\"https:\\\/\\\/www.americanonewspaper.com\\\/es\\\/kylian-mbapp\\\/el-real-madrid-anunciara-el-lunes-el-fichaje-de-mbappe\\\/\"},\"author\":{\"name\":\"Yaosmil Roque Quintana\",\"@id\":\"https:\\\/\\\/www.americanonewspaper.com\\\/es\\\/#\\\/schema\\\/person\\\/a81eb3623ae782c1e150b34de61f4b4e\"},\"headline\":\"El Real Madrid anunciar\u00e1 el lunes el fichaje de Mbapp\u00e9.\",\"datePublished\":\"2024-05-31T19:37:27+00:00\",\"dateModified\":\"2024-06-02T01:26:39+00:00\",\"mainEntityOfPage\":{\"@id\":\"https:\\\/\\\/www.americanonewspaper.com\\\/es\\\/kylian-mbapp\\\/el-real-madrid-anunciara-el-lunes-el-fichaje-de-mbappe\\\/\"},\"wordCount\":520,\"publisher\":{\"@id\":\"https:\\\/\\\/www.americanonewspaper.com\\\/es\\\/#organization\"},\"image\":{\"@id\":\"https:\\\/\\\/www.americanonewspaper.com\\\/es\\\/kylian-mbapp\\\/el-real-madrid-anunciara-el-lunes-el-fichaje-de-mbappe\\\/#primaryimage\"},\"thumbnailUrl\":\"https:\\\/\\\/www.americanonewspaper.com\\\/es\\\/wp-content\\\/uploads\\\/2024\\\/05\\\/El-delantero-Kylan-Mbappe.jpg\",\"articleSection\":[\"Deportes\",\"Kyliam Mbapp\u00e9\",\"Kylian Mbapp\"],\"inLanguage\":\"en-US\"},{\"@type\":\"WebPage\",\"@id\":\"https:\\\/\\\/www.americanonewspaper.com\\\/es\\\/kylian-mbapp\\\/el-real-madrid-anunciara-el-lunes-el-fichaje-de-mbappe\\\/\",\"url\":\"https:\\\/\\\/www.americanonewspaper.com\\\/es\\\/kylian-mbapp\\\/el-real-madrid-anunciara-el-lunes-el-fichaje-de-mbappe\\\/\",\"name\":\"El Real Madrid anunciar\u00e1 el lunes el fichaje de Mbapp\u00e9. - Americano Newspaper\",\"isPartOf\":{\"@id\":\"https:\\\/\\\/www.americanonewspaper.com\\\/es\\\/#website\"},\"primaryImageOfPage\":{\"@id\":\"https:\\\/\\\/www.americanonewspaper.com\\\/es\\\/kylian-mbapp\\\/el-real-madrid-anunciara-el-lunes-el-fichaje-de-mbappe\\\/#primaryimage\"},\"image\":{\"@id\":\"https:\\\/\\\/www.americanonewspaper.com\\\/es\\\/kylian-mbapp\\\/el-real-madrid-anunciara-el-lunes-el-fichaje-de-mbappe\\\/#primaryimage\"},\"thumbnailUrl\":\"https:\\\/\\\/www.americanonewspaper.com\\\/es\\\/wp-content\\\/uploads\\\/2024\\\/05\\\/El-delantero-Kylan-Mbappe.jpg\",\"datePublished\":\"2024-05-31T19:37:27+00:00\",\"dateModified\":\"2024-06-02T01:26:39+00:00\",\"description\":\"El Real Madrid anunciar\u00e1 oficialmente el pr\u00f3ximo lunes el fichaje del delantero franc\u00e9s Kylian Mbapp\u00e9, seg\u00fan inform\u00f3 este viernes el diario deportivo franc\u00e9s L'\u00c9quipe.\",\"breadcrumb\":{\"@id\":\"https:\\\/\\\/www.americanonewspaper.com\\\/es\\\/kylian-mbapp\\\/el-real-madrid-anunciara-el-lunes-el-fichaje-de-mbappe\\\/#breadcrumb\"},\"inLanguage\":\"en-US\",\"potentialAction\":[{\"@type\":\"ReadAction\",\"target\":[\"https:\\\/\\\/www.americanonewspaper.com\\\/es\\\/kylian-mbapp\\\/el-real-madrid-anunciara-el-lunes-el-fichaje-de-mbappe\\\/\"]}]},{\"@type\":\"ImageObject\",\"inLanguage\":\"en-US\",\"@id\":\"https:\\\/\\\/www.americanonewspaper.com\\\/es\\\/kylian-mbapp\\\/el-real-madrid-anunciara-el-lunes-el-fichaje-de-mbappe\\\/#primaryimage\",\"url\":\"https:\\\/\\\/www.americanonewspaper.com\\\/es\\\/wp-content\\\/uploads\\\/2024\\\/05\\\/El-delantero-Kylan-Mbappe.jpg\",\"contentUrl\":\"https:\\\/\\\/www.americanonewspaper.com\\\/es\\\/wp-content\\\/uploads\\\/2024\\\/05\\\/El-delantero-Kylan-Mbappe.jpg\",\"width\":900,\"height\":600,\"caption\":\"El delantero Kylan Mbappe que el lunes puede ser anunciado como nuevo jugador del Real Madrid, seg\u00fan la prensa francesa. EFEEPAANNA SZILAGYI\"},{\"@type\":\"BreadcrumbList\",\"@id\":\"https:\\\/\\\/www.americanonewspaper.com\\\/es\\\/kylian-mbapp\\\/el-real-madrid-anunciara-el-lunes-el-fichaje-de-mbappe\\\/#breadcrumb\",\"itemListElement\":[{\"@type\":\"ListItem\",\"position\":1,\"name\":\"Home\",\"item\":\"https:\\\/\\\/www.americanonewspaper.com\\\/es\\\/\"},{\"@type\":\"ListItem\",\"position\":2,\"name\":\"El Real Madrid anunciar\u00e1 el lunes el fichaje de Mbapp\u00e9.\"}]},{\"@type\":\"WebSite\",\"@id\":\"https:\\\/\\\/www.americanonewspaper.com\\\/es\\\/#website\",\"url\":\"https:\\\/\\\/www.americanonewspaper.com\\\/es\\\/\",\"name\":\"Americano Newspaper\",\"description\":\"The Hispanic Newspaper of New Jersey.\",\"publisher\":{\"@id\":\"https:\\\/\\\/www.americanonewspaper.com\\\/es\\\/#organization\"},\"potentialAction\":[{\"@type\":\"SearchAction\",\"target\":{\"@type\":\"EntryPoint\",\"urlTemplate\":\"https:\\\/\\\/www.americanonewspaper.com\\\/es\\\/?s={search_term_string}\"},\"query-input\":{\"@type\":\"PropertyValueSpecification\",\"valueRequired\":true,\"valueName\":\"search_term_string\"}}],\"inLanguage\":\"en-US\"},{\"@type\":\"Organization\",\"@id\":\"https:\\\/\\\/www.americanonewspaper.com\\\/es\\\/#organization\",\"name\":\"Americano Newspaper\",\"url\":\"https:\\\/\\\/www.americanonewspaper.com\\\/es\\\/\",\"logo\":{\"@type\":\"ImageObject\",\"inLanguage\":\"en-US\",\"@id\":\"https:\\\/\\\/www.americanonewspaper.com\\\/es\\\/#\\\/schema\\\/logo\\\/image\\\/\",\"url\":\"https:\\\/\\\/www.americanonewspaper.com\\\/es\\\/wp-content\\\/uploads\\\/2024\\\/05\\\/AmericanoLogoCircle.comCircle2.jpg\",\"contentUrl\":\"https:\\\/\\\/www.americanonewspaper.com\\\/es\\\/wp-content\\\/uploads\\\/2024\\\/05\\\/AmericanoLogoCircle.comCircle2.jpg\",\"width\":600,\"height\":600,\"caption\":\"Americano Newspaper\"},\"image\":{\"@id\":\"https:\\\/\\\/www.americanonewspaper.com\\\/es\\\/#\\\/schema\\\/logo\\\/image\\\/\"},\"sameAs\":[\"https:\\\/\\\/www.facebook.com\\\/AmericanoNewspaper\\\/\"]},{\"@type\":\"Person\",\"@id\":\"https:\\\/\\\/www.americanonewspaper.com\\\/es\\\/#\\\/schema\\\/person\\\/a81eb3623ae782c1e150b34de61f4b4e\",\"name\":\"Yaosmil Roque Quintana\",\"image\":{\"@type\":\"ImageObject\",\"inLanguage\":\"en-US\",\"@id\":\"https:\\\/\\\/www.americanonewspaper.com\\\/es\\\/wp-content\\\/litespeed\\\/avatar\\\/85f3fe7c1df9b60d267b025b95d99980.jpg?ver=1777430850\",\"url\":\"https:\\\/\\\/www.americanonewspaper.com\\\/es\\\/wp-content\\\/litespeed\\\/avatar\\\/85f3fe7c1df9b60d267b025b95d99980.jpg?ver=1777430850\",\"contentUrl\":\"https:\\\/\\\/www.americanonewspaper.com\\\/es\\\/wp-content\\\/litespeed\\\/avatar\\\/85f3fe7c1df9b60d267b025b95d99980.jpg?ver=1777430850\",\"caption\":\"Yaosmil Roque Quintana\"},\"url\":\"https:\\\/\\\/www.americanonewspaper.com\\\/es\\\/author\\\/yaosmil\\\/\"}]}<\/script>\n<!-- \/ Yoast SEO Premium plugin. -->","yoast_head_json":{"title":"El Real Madrid anunciar\u00e1 el lunes el fichaje de Mbapp\u00e9. - Americano Newspaper","description":"El Real Madrid anunciar\u00e1 oficialmente el pr\u00f3ximo lunes el fichaje del delantero franc\u00e9s Kylian Mbapp\u00e9, seg\u00fan inform\u00f3 este viernes el diario deportivo franc\u00e9s L'\u00c9quipe.","robots":{"index":"index","follow":"follow","max-snippet":"max-snippet:-1","max-image-preview":"max-image-preview:large","max-video-preview":"max-video-preview:-1"},"canonical":"https:\/\/www.americanonewspaper.com\/es\/kylian-mbapp\/el-real-madrid-anunciara-el-lunes-el-fichaje-de-mbappe\/","og_locale":"en_US","og_type":"article","og_title":"El Real Madrid anunciar\u00e1 el lunes el fichaje de Mbapp\u00e9.","og_description":"El Real Madrid anunciar\u00e1 oficialmente el pr\u00f3ximo lunes el fichaje del delantero franc\u00e9s Kylian Mbapp\u00e9, seg\u00fan inform\u00f3 este viernes el diario deportivo franc\u00e9s L'\u00c9quipe.","og_url":"https:\/\/www.americanonewspaper.com\/es\/kylian-mbapp\/el-real-madrid-anunciara-el-lunes-el-fichaje-de-mbappe\/","og_site_name":"Americano Newspaper","article_publisher":"https:\/\/www.facebook.com\/AmericanoNewspaper\/","article_published_time":"2024-05-31T19:37:27+00:00","article_modified_time":"2024-06-02T01:26:39+00:00","og_image":[{"width":900,"height":600,"url":"https:\/\/www.americanonewspaper.com\/es\/wp-content\/uploads\/2024\/05\/El-delantero-Kylan-Mbappe.jpg","type":"image\/jpeg"}],"author":"Yaosmil Roque Quintana","twitter_card":"summary_large_image","twitter_misc":{"Written by":"Yaosmil Roque Quintana","Est. reading time":"3 minutes"},"schema":{"@context":"https:\/\/schema.org","@graph":[{"@type":"Article","@id":"https:\/\/www.americanonewspaper.com\/es\/kylian-mbapp\/el-real-madrid-anunciara-el-lunes-el-fichaje-de-mbappe\/#article","isPartOf":{"@id":"https:\/\/www.americanonewspaper.com\/es\/kylian-mbapp\/el-real-madrid-anunciara-el-lunes-el-fichaje-de-mbappe\/"},"author":{"name":"Yaosmil Roque Quintana","@id":"https:\/\/www.americanonewspaper.com\/es\/#\/schema\/person\/a81eb3623ae782c1e150b34de61f4b4e"},"headline":"El Real Madrid anunciar\u00e1 el lunes el fichaje de Mbapp\u00e9.","datePublished":"2024-05-31T19:37:27+00:00","dateModified":"2024-06-02T01:26:39+00:00","mainEntityOfPage":{"@id":"https:\/\/www.americanonewspaper.com\/es\/kylian-mbapp\/el-real-madrid-anunciara-el-lunes-el-fichaje-de-mbappe\/"},"wordCount":520,"publisher":{"@id":"https:\/\/www.americanonewspaper.com\/es\/#organization"},"image":{"@id":"https:\/\/www.americanonewspaper.com\/es\/kylian-mbapp\/el-real-madrid-anunciara-el-lunes-el-fichaje-de-mbappe\/#primaryimage"},"thumbnailUrl":"https:\/\/www.americanonewspaper.com\/es\/wp-content\/uploads\/2024\/05\/El-delantero-Kylan-Mbappe.jpg","articleSection":["Deportes","Kyliam Mbapp\u00e9","Kylian Mbapp"],"inLanguage":"en-US"},{"@type":"WebPage","@id":"https:\/\/www.americanonewspaper.com\/es\/kylian-mbapp\/el-real-madrid-anunciara-el-lunes-el-fichaje-de-mbappe\/","url":"https:\/\/www.americanonewspaper.com\/es\/kylian-mbapp\/el-real-madrid-anunciara-el-lunes-el-fichaje-de-mbappe\/","name":"El Real Madrid anunciar\u00e1 el lunes el fichaje de Mbapp\u00e9. - Americano Newspaper","isPartOf":{"@id":"https:\/\/www.americanonewspaper.com\/es\/#website"},"primaryImageOfPage":{"@id":"https:\/\/www.americanonewspaper.com\/es\/kylian-mbapp\/el-real-madrid-anunciara-el-lunes-el-fichaje-de-mbappe\/#primaryimage"},"image":{"@id":"https:\/\/www.americanonewspaper.com\/es\/kylian-mbapp\/el-real-madrid-anunciara-el-lunes-el-fichaje-de-mbappe\/#primaryimage"},"thumbnailUrl":"https:\/\/www.americanonewspaper.com\/es\/wp-content\/uploads\/2024\/05\/El-delantero-Kylan-Mbappe.jpg","datePublished":"2024-05-31T19:37:27+00:00","dateModified":"2024-06-02T01:26:39+00:00","description":"El Real Madrid anunciar\u00e1 oficialmente el pr\u00f3ximo lunes el fichaje del delantero franc\u00e9s Kylian Mbapp\u00e9, seg\u00fan inform\u00f3 este viernes el diario deportivo franc\u00e9s L'\u00c9quipe.","breadcrumb":{"@id":"https:\/\/www.americanonewspaper.com\/es\/kylian-mbapp\/el-real-madrid-anunciara-el-lunes-el-fichaje-de-mbappe\/#breadcrumb"},"inLanguage":"en-US","potentialAction":[{"@type":"ReadAction","target":["https:\/\/www.americanonewspaper.com\/es\/kylian-mbapp\/el-real-madrid-anunciara-el-lunes-el-fichaje-de-mbappe\/"]}]},{"@type":"ImageObject","inLanguage":"en-US","@id":"https:\/\/www.americanonewspaper.com\/es\/kylian-mbapp\/el-real-madrid-anunciara-el-lunes-el-fichaje-de-mbappe\/#primaryimage","url":"https:\/\/www.americanonewspaper.com\/es\/wp-content\/uploads\/2024\/05\/El-delantero-Kylan-Mbappe.jpg","contentUrl":"https:\/\/www.americanonewspaper.com\/es\/wp-content\/uploads\/2024\/05\/El-delantero-Kylan-Mbappe.jpg","width":900,"height":600,"caption":"El delantero Kylan Mbappe que el lunes puede ser anunciado como nuevo jugador del Real Madrid, seg\u00fan la prensa francesa. EFEEPAANNA SZILAGYI"},{"@type":"BreadcrumbList","@id":"https:\/\/www.americanonewspaper.com\/es\/kylian-mbapp\/el-real-madrid-anunciara-el-lunes-el-fichaje-de-mbappe\/#breadcrumb","itemListElement":[{"@type":"ListItem","position":1,"name":"Home","item":"https:\/\/www.americanonewspaper.com\/es\/"},{"@type":"ListItem","position":2,"name":"El Real Madrid anunciar\u00e1 el lunes el fichaje de Mbapp\u00e9."}]},{"@type":"WebSite","@id":"https:\/\/www.americanonewspaper.com\/es\/#website","url":"https:\/\/www.americanonewspaper.com\/es\/","name":"Americano Newspaper","description":"The Hispanic Newspaper of New Jersey.","publisher":{"@id":"https:\/\/www.americanonewspaper.com\/es\/#organization"},"potentialAction":[{"@type":"SearchAction","target":{"@type":"EntryPoint","urlTemplate":"https:\/\/www.americanonewspaper.com\/es\/?s={search_term_string}"},"query-input":{"@type":"PropertyValueSpecification","valueRequired":true,"valueName":"search_term_string"}}],"inLanguage":"en-US"},{"@type":"Organization","@id":"https:\/\/www.americanonewspaper.com\/es\/#organization","name":"Americano Newspaper","url":"https:\/\/www.americanonewspaper.com\/es\/","logo":{"@type":"ImageObject","inLanguage":"en-US","@id":"https:\/\/www.americanonewspaper.com\/es\/#\/schema\/logo\/image\/","url":"https:\/\/www.americanonewspaper.com\/es\/wp-content\/uploads\/2024\/05\/AmericanoLogoCircle.comCircle2.jpg","contentUrl":"https:\/\/www.americanonewspaper.com\/es\/wp-content\/uploads\/2024\/05\/AmericanoLogoCircle.comCircle2.jpg","width":600,"height":600,"caption":"Americano Newspaper"},"image":{"@id":"https:\/\/www.americanonewspaper.com\/es\/#\/schema\/logo\/image\/"},"sameAs":["https:\/\/www.facebook.com\/AmericanoNewspaper\/"]},{"@type":"Person","@id":"https:\/\/www.americanonewspaper.com\/es\/#\/schema\/person\/a81eb3623ae782c1e150b34de61f4b4e","name":"Yaosmil Roque Quintana","image":{"@type":"ImageObject","inLanguage":"en-US","@id":"https:\/\/www.americanonewspaper.com\/es\/wp-content\/litespeed\/avatar\/85f3fe7c1df9b60d267b025b95d99980.jpg?ver=1777430850","url":"https:\/\/www.americanonewspaper.com\/es\/wp-content\/litespeed\/avatar\/85f3fe7c1df9b60d267b025b95d99980.jpg?ver=1777430850","contentUrl":"https:\/\/www.americanonewspaper.com\/es\/wp-content\/litespeed\/avatar\/85f3fe7c1df9b60d267b025b95d99980.jpg?ver=1777430850","caption":"Yaosmil Roque Quintana"},"url":"https:\/\/www.americanonewspaper.com\/es\/author\/yaosmil\/"}]}},"jetpack_publicize_connections":[],"jetpack_featured_media_url":"https:\/\/www.americanonewspaper.com\/es\/wp-content\/uploads\/2024\/05\/El-delantero-Kylan-Mbappe.jpg","featured_image_urls":{"full":["https:\/\/www.americanonewspaper.com\/es\/wp-content\/uploads\/2024\/05\/El-delantero-Kylan-Mbappe.jpg",900,600,false],"thumbnail":["https:\/\/www.americanonewspaper.com\/es\/wp-content\/uploads\/2024\/05\/El-delantero-Kylan-Mbappe-250x250.jpg",250,250,true],"medium":["https:\/\/www.americanonewspaper.com\/es\/wp-content\/uploads\/2024\/05\/El-delantero-Kylan-Mbappe-300x200.jpg",300,200,true],"medium_large":["https:\/\/www.americanonewspaper.com\/es\/wp-content\/uploads\/2024\/05\/El-delantero-Kylan-Mbappe-768x512.jpg",696,464,true],"large":["https:\/\/www.americanonewspaper.com\/es\/wp-content\/uploads\/2024\/05\/El-delantero-Kylan-Mbappe-750x500.jpg",696,464,true],"1536x1536":["https:\/\/www.americanonewspaper.com\/es\/wp-content\/uploads\/2024\/05\/El-delantero-Kylan-Mbappe.jpg",900,600,false],"2048x2048":["https:\/\/www.americanonewspaper.com\/es\/wp-content\/uploads\/2024\/05\/El-delantero-Kylan-Mbappe.jpg",900,600,false],"td_150x0":["https:\/\/www.americanonewspaper.com\/es\/wp-content\/uploads\/2024\/05\/El-delantero-Kylan-Mbappe-150x100.jpg",150,100,true],"td_218x150":["https:\/\/www.americanonewspaper.com\/es\/wp-content\/uploads\/2024\/05\/El-delantero-Kylan-Mbappe-218x150.jpg",218,150,true],"td_300x0":["https:\/\/www.americanonewspaper.com\/es\/wp-content\/uploads\/2024\/05\/El-delantero-Kylan-Mbappe-300x200.jpg",300,200,true],"td_324x400":["https:\/\/www.americanonewspaper.com\/es\/wp-content\/uploads\/2024\/05\/El-delantero-Kylan-Mbappe-324x400.jpg",324,400,true],"td_485x360":["https:\/\/www.americanonewspaper.com\/es\/wp-content\/uploads\/2024\/05\/El-delantero-Kylan-Mbappe-485x360.jpg",485,360,true],"td_696x0":["https:\/\/www.americanonewspaper.com\/es\/wp-content\/uploads\/2024\/05\/El-delantero-Kylan-Mbappe-696x464.jpg",696,464,true],"td_1068x0":["https:\/\/www.americanonewspaper.com\/es\/wp-content\/uploads\/2024\/05\/El-delantero-Kylan-Mbappe.jpg",900,600,false],"td_1920x0":["https:\/\/www.americanonewspaper.com\/es\/wp-content\/uploads\/2024\/05\/El-delantero-Kylan-Mbappe.jpg",900,600,false],"bdpp-medium":["https:\/\/www.americanonewspaper.com\/es\/wp-content\/uploads\/2024\/05\/El-delantero-Kylan-Mbappe.jpg",640,427,false]},"author_info":{"display_name":"Yaosmil Roque Quintana","author_link":"https:\/\/www.americanonewspaper.com\/es\/author\/yaosmil\/"},"category_info":"<a href=\"https:\/\/www.americanonewspaper.com\/es\/category\/deportes\/\" rel=\"category tag\">Deportes<\/a> <a href=\"https:\/\/www.americanonewspaper.com\/es\/category\/kyliam-mbappe\/\" rel=\"category tag\">Kyliam Mbapp\u00e9<\/a> <a href=\"https:\/\/www.americanonewspaper.com\/es\/category\/kylian-mbapp\/\" rel=\"category tag\">Kylian Mbapp<\/a>","tag_info":"Kylian Mbapp","comment_count":"0","jetpack_sharing_enabled":true,"jetpack_likes_enabled":true,"_links":{"self":[{"href":"https:\/\/www.americanonewspaper.com\/es\/wp-json\/wp\/v2\/posts\/22374","targetHints":{"allow":["GET"]}}],"collection":[{"href":"https:\/\/www.americanonewspaper.com\/es\/wp-json\/wp\/v2\/posts"}],"about":[{"href":"https:\/\/www.americanonewspaper.com\/es\/wp-json\/wp\/v2\/types\/post"}],"author":[{"embeddable":true,"href":"https:\/\/www.americanonewspaper.com\/es\/wp-json\/wp\/v2\/users\/13"}],"replies":[{"embeddable":true,"href":"https:\/\/www.americanonewspaper.com\/es\/wp-json\/wp\/v2\/comments?post=22374"}],"version-history":[{"count":2,"href":"https:\/\/www.americanonewspaper.com\/es\/wp-json\/wp\/v2\/posts\/22374\/revisions"}],"predecessor-version":[{"id":22386,"href":"https:\/\/www.americanonewspaper.com\/es\/wp-json\/wp\/v2\/posts\/22374\/revisions\/22386"}],"wp:featuredmedia":[{"embeddable":true,"href":"https:\/\/www.americanonewspaper.com\/es\/wp-json\/wp\/v2\/media\/22375"}],"wp:attachment":[{"href":"https:\/\/www.americanonewspaper.com\/es\/wp-json\/wp\/v2\/media?parent=22374"}],"wp:term":[{"taxonomy":"category","embeddable":true,"href":"https:\/\/www.americanonewspaper.com\/es\/wp-json\/wp\/v2\/categories?post=22374"},{"taxonomy":"post_tag","embeddable":true,"href":"https:\/\/www.americanonewspaper.com\/es\/wp-json\/wp\/v2\/tags?post=22374"}],"curies":[{"name":"wp","href":"https:\/\/api.w.org\/{rel}","templated":true}]}}