{"id":22368,"date":"2024-05-30T12:15:56","date_gmt":"2024-05-30T16:15:56","guid":{"rendered":"https:\/\/www.americanonewspaper.com\/es\/?p=22368"},"modified":"2024-05-30T12:15:59","modified_gmt":"2024-05-30T16:15:59","slug":"milei-estrecha-lazos-con-el-lider-de-google","status":"publish","type":"post","link":"https:\/\/www.americanonewspaper.com\/es\/argentina\/milei-estrecha-lazos-con-el-lider-de-google\/","title":{"rendered":"Milei estrecha lazos con el l\u00edder de Google."},"content":{"rendered":"\n<p>Palo Alto (EE.UU.),  (EFE).<\/p>\n\n\n\n<p class=\"has-drop-cap dropcapp3\">El presidente argentino, Javier Milei, se reuni\u00f3 este mi\u00e9rcoles con el director ejecutivo de Google, Sundar Pichai, para hablar de las oportunidades que ofrece la inteligencia artificial (IA) y estrechar los lazos con la multinacional de tecnolog\u00eda para &#8220;la transformaci\u00f3n digital&#8221; de Argentina.<\/p>\n\n\n\n<p>Seg\u00fan inform\u00f3 a la prensa el portavoz de la presidencia del Gobierno argentino, Manuel Adorni, Milei present\u00f3 su visi\u00f3n &#8220;sobre el futuro de Argentina y la importancia de un marco regulatorio que promueva la innovaci\u00f3n y la inversi\u00f3n&#8221;, mientras que Pichai reiter\u00f3 su compromiso para &#8220;apoyar la transformaci\u00f3n digital del pa\u00eds&#8221;.<\/p>\n\n\n\n<p>En la reuni\u00f3n Milei estuvo acompa\u00f1ado del ministro de Econom\u00eda, Luis Caputo; el embajador de Argentina en EE.UU., Gerardo Werthein; el presidente del Consejo de Asesores Econ\u00f3micos, Demi\u00e1n Reidel, y el cofundador y consejero delegado de Grandata, Mat Travizano.<\/p>\n\n\n<div class=\"wp-block-image\">\n<figure class=\"aligncenter size-full is-resized\"><a href=\"https:\/\/patricia4senate.com\/es\/inicio\/\" target=\"_blank\" rel=\"noreferrer noopener\"><img fetchpriority=\"high\" decoding=\"async\" width=\"1200\" height=\"550\" src=\"https:\/\/www.americanonewspaper.com\/es\/wp-content\/uploads\/2024\/05\/Patricia4SenateSpanish.jpg\" alt=\"\" class=\"wp-image-22326\" style=\"width:864px;height:auto\" srcset=\"https:\/\/www.americanonewspaper.com\/es\/wp-content\/uploads\/2024\/05\/Patricia4SenateSpanish.jpg 1200w, https:\/\/www.americanonewspaper.com\/es\/wp-content\/uploads\/2024\/05\/Patricia4SenateSpanish-300x138.jpg 300w, https:\/\/www.americanonewspaper.com\/es\/wp-content\/uploads\/2024\/05\/Patricia4SenateSpanish-800x367.jpg 800w, https:\/\/www.americanonewspaper.com\/es\/wp-content\/uploads\/2024\/05\/Patricia4SenateSpanish-768x352.jpg 768w, https:\/\/www.americanonewspaper.com\/es\/wp-content\/uploads\/2024\/05\/Patricia4SenateSpanish-150x69.jpg 150w, https:\/\/www.americanonewspaper.com\/es\/wp-content\/uploads\/2024\/05\/Patricia4SenateSpanish-696x319.jpg 696w, https:\/\/www.americanonewspaper.com\/es\/wp-content\/uploads\/2024\/05\/Patricia4SenateSpanish-1068x490.jpg 1068w\" sizes=\"(max-width: 1200px) 100vw, 1200px\" \/><\/a><\/figure>\n<\/div>\n\n\n<p>Adorni inform\u00f3 por medio de su canal de difusi\u00f3n de Whatsapp que la charla adem\u00e1s cont\u00f3 con la participaci\u00f3n de otros directivos de Google de Argentina y Am\u00e9rica Latina.<\/p>\n\n\n\n<p>&#8220;Se discutieron varios proyectos potenciales de colaboraci\u00f3n, enfocados en el desarrollo de infraestructura digital y la capacitaci\u00f3n en habilidades tecnol\u00f3gicas para la poblaci\u00f3n&#8221;, termina el anuncio.<\/p>\n\n\n\n<p>Milei y la comitiva argentina tambi\u00e9n se reunieron este mi\u00e9rcoles con el consejero delegado de Apple, Tim Cook, en las oficinas centrales de la empresa en Cupertino, California.<\/p>\n\n\n\n<p>Este encuentro qued\u00f3 registrado en una fotograf\u00eda que comparti\u00f3 el propio Milei en su cuenta de Instagram, en la que aparece junto a Cook haciendo una de sus tradicionales poses con los pulgares levantados.<\/p>\n\n\n<div class=\"wp-block-image\">\n<figure class=\"aligncenter size-full is-resized\"><a href=\"https:\/\/www.facebook.com\/people\/Rancho-Taqueria\/100092427934454\/\" target=\"_blank\" rel=\"noreferrer noopener\"><img decoding=\"async\" width=\"1200\" height=\"550\" src=\"https:\/\/www.americanonewspaper.com\/es\/wp-content\/uploads\/2024\/05\/RanchoNew-1.jpg\" alt=\"\" class=\"wp-image-22328\" style=\"width:860px;height:auto\" srcset=\"https:\/\/www.americanonewspaper.com\/es\/wp-content\/uploads\/2024\/05\/RanchoNew-1.jpg 1200w, https:\/\/www.americanonewspaper.com\/es\/wp-content\/uploads\/2024\/05\/RanchoNew-1-300x138.jpg 300w, https:\/\/www.americanonewspaper.com\/es\/wp-content\/uploads\/2024\/05\/RanchoNew-1-800x367.jpg 800w, https:\/\/www.americanonewspaper.com\/es\/wp-content\/uploads\/2024\/05\/RanchoNew-1-768x352.jpg 768w, https:\/\/www.americanonewspaper.com\/es\/wp-content\/uploads\/2024\/05\/RanchoNew-1-150x69.jpg 150w, https:\/\/www.americanonewspaper.com\/es\/wp-content\/uploads\/2024\/05\/RanchoNew-1-696x319.jpg 696w, https:\/\/www.americanonewspaper.com\/es\/wp-content\/uploads\/2024\/05\/RanchoNew-1-1068x490.jpg 1068w\" sizes=\"(max-width: 1200px) 100vw, 1200px\" \/><\/a><\/figure>\n<\/div>\n\n\n<p>Por la ma\u00f1ana, el mandatario tuvo una disertaci\u00f3n en el Instituto Hoover de la Universidad de Stanford en la que sostuvo sus ideas liberales y su rechazo al &#8220;socialismo del siglo XXI&#8221; y a la intervenci\u00f3n del Estado en la econom\u00eda.<\/p>\n\n\n\n<p>Milei se encuentra de gira por EE.UU., en el cuarto viaje al pa\u00eds norteamericano desde que tom\u00f3 posesi\u00f3n en diciembre de 2023, y en su agenda todav\u00eda tiene previsto un encuentro con treinta empresarios e inversores ligados a la IA, empresarios de &#8216;starups&#8217;, adem\u00e1s de una reuni\u00f3n con el consejero delegado de Meta, Mark Zuckerberg.<\/p>\n\n\n\n<p>El argentino ten\u00eda preparada una aparici\u00f3n como orador de clausura de la Cumbre del Pac\u00edfico para el jueves que fue cancelada tras su presentaci\u00f3n en Hoover &#8220;debido a un inesperado problema de agenda&#8221;, seg\u00fan reza el comunicado enviado por el Consejo del \u00c1rea de la Bah\u00eda a los invitados al evento.<\/p>\n\n\n\n<p>En la tarde del martes el presidente de Argentina se reuni\u00f3 con Sam Altman, consejero delegado de la empresa de inteligencia artificial OpenAI, compa\u00f1\u00eda que en 2022 desarroll\u00f3 ChatGPT, para hablar sobre las posibilidades que ofrece Argentina en esta \u00e1rea.<\/p>\n\n\n<div class=\"wp-block-image\">\n<figure class=\"aligncenter size-full is-resized\"><img decoding=\"async\" width=\"1200\" height=\"549\" src=\"https:\/\/www.americanonewspaper.com\/es\/wp-content\/uploads\/2024\/05\/GGlSpanish.png\" alt=\"\" class=\"wp-image-22170\" style=\"width:834px;height:auto\" srcset=\"https:\/\/www.americanonewspaper.com\/es\/wp-content\/uploads\/2024\/05\/GGlSpanish.png 1200w, https:\/\/www.americanonewspaper.com\/es\/wp-content\/uploads\/2024\/05\/GGlSpanish-300x137.png 300w, https:\/\/www.americanonewspaper.com\/es\/wp-content\/uploads\/2024\/05\/GGlSpanish-800x366.png 800w, https:\/\/www.americanonewspaper.com\/es\/wp-content\/uploads\/2024\/05\/GGlSpanish-768x351.png 768w, https:\/\/www.americanonewspaper.com\/es\/wp-content\/uploads\/2024\/05\/GGlSpanish-150x69.png 150w, https:\/\/www.americanonewspaper.com\/es\/wp-content\/uploads\/2024\/05\/GGlSpanish-696x318.png 696w, https:\/\/www.americanonewspaper.com\/es\/wp-content\/uploads\/2024\/05\/GGlSpanish-1068x489.png 1068w\" sizes=\"(max-width: 1200px) 100vw, 1200px\" \/><\/figure>\n<\/div>","protected":false},"excerpt":{"rendered":"<p>Palo Alto (EE.UU.), (EFE). El presidente argentino, Javier Milei, se reuni\u00f3 este mi\u00e9rcoles con el director ejecutivo de Google, Sundar Pichai, para hablar de las oportunidades que ofrece la inteligencia artificial (IA) y estrechar los lazos con la multinacional de tecnolog\u00eda para &#8220;la transformaci\u00f3n digital&#8221; de Argentina. Seg\u00fan inform\u00f3 a la prensa el portavoz de [&hellip;]<\/p>\n","protected":false},"author":13,"featured_media":22369,"comment_status":"closed","ping_status":"open","sticky":true,"template":"","format":"standard","meta":{"_acf_changed":false,"tdm_status":"","tdm_grid_status":"","_jetpack_memberships_contains_paid_content":false,"footnotes":"","jetpack_publicize_message":"","jetpack_publicize_feature_enabled":true,"jetpack_social_post_already_shared":true,"jetpack_social_options":{"image_generator_settings":{"template":"highway","default_image_id":0,"font":"","enabled":false},"version":2},"_wpas_customize_per_network":false},"categories":[89,683,620,294],"tags":[],"class_list":{"0":"post-22368","1":"post","2":"type-post","3":"status-publish","4":"format-standard","5":"has-post-thumbnail","7":"category-argentina","8":"category-google","9":"category-politica","10":"category-tecnologia"},"acf":[],"yoast_head":"<!-- This site is optimized with the Yoast SEO Premium plugin v27.5 (Yoast SEO v27.5) - https:\/\/yoast.com\/product\/yoast-seo-premium-wordpress\/ -->\n<title>Milei estrecha lazos con el l\u00edder de Google. - Americano Newspaper<\/title>\n<meta name=\"description\" content=\"El presidente argentino, Javier Milei, se reuni\u00f3 este mi\u00e9rcoles con el director ejecutivo de Google, Sundar Pichai, para hablar de las oportunidades que ofrece la inteligencia artificial (IA) y estrechar los lazos con la multinacional de tecnolog\u00eda para &quot;la transformaci\u00f3n digital&quot; de Argentina.\" \/>\n<meta name=\"robots\" content=\"index, follow, max-snippet:-1, max-image-preview:large, max-video-preview:-1\" \/>\n<link rel=\"canonical\" href=\"https:\/\/www.americanonewspaper.com\/es\/argentina\/milei-estrecha-lazos-con-el-lider-de-google\/\" \/>\n<meta property=\"og:locale\" content=\"en_US\" \/>\n<meta property=\"og:type\" content=\"article\" \/>\n<meta property=\"og:title\" content=\"Milei estrecha lazos con el l\u00edder de Google.\" \/>\n<meta property=\"og:description\" content=\"El presidente argentino, Javier Milei, se reuni\u00f3 este mi\u00e9rcoles con el director ejecutivo de Google, Sundar Pichai, para hablar de las oportunidades que ofrece la inteligencia artificial (IA) y estrechar los lazos con la multinacional de tecnolog\u00eda para &quot;la transformaci\u00f3n digital&quot; de Argentina.\" \/>\n<meta property=\"og:url\" content=\"https:\/\/www.americanonewspaper.com\/es\/argentina\/milei-estrecha-lazos-con-el-lider-de-google\/\" \/>\n<meta property=\"og:site_name\" content=\"Americano Newspaper\" \/>\n<meta property=\"article:publisher\" content=\"https:\/\/www.facebook.com\/AmericanoNewspaper\/\" \/>\n<meta property=\"article:published_time\" content=\"2024-05-30T16:15:56+00:00\" \/>\n<meta property=\"article:modified_time\" content=\"2024-05-30T16:15:59+00:00\" \/>\n<meta property=\"og:image\" content=\"https:\/\/www.americanonewspaper.com\/es\/wp-content\/uploads\/2024\/05\/presidente-de-argentina-Milie.jpg\" \/>\n\t<meta property=\"og:image:width\" content=\"900\" \/>\n\t<meta property=\"og:image:height\" content=\"645\" \/>\n\t<meta property=\"og:image:type\" content=\"image\/jpeg\" \/>\n<meta name=\"author\" content=\"Yaosmil Roque Quintana\" \/>\n<meta name=\"twitter:card\" content=\"summary_large_image\" \/>\n<meta name=\"twitter:label1\" content=\"Written by\" \/>\n\t<meta name=\"twitter:data1\" content=\"Yaosmil Roque Quintana\" \/>\n\t<meta name=\"twitter:label2\" content=\"Est. reading time\" \/>\n\t<meta name=\"twitter:data2\" content=\"3 minutes\" \/>\n<script type=\"application\/ld+json\" class=\"yoast-schema-graph\">{\"@context\":\"https:\\\/\\\/schema.org\",\"@graph\":[{\"@type\":\"Article\",\"@id\":\"https:\\\/\\\/www.americanonewspaper.com\\\/es\\\/argentina\\\/milei-estrecha-lazos-con-el-lider-de-google\\\/#article\",\"isPartOf\":{\"@id\":\"https:\\\/\\\/www.americanonewspaper.com\\\/es\\\/argentina\\\/milei-estrecha-lazos-con-el-lider-de-google\\\/\"},\"author\":{\"name\":\"Yaosmil Roque Quintana\",\"@id\":\"https:\\\/\\\/www.americanonewspaper.com\\\/es\\\/#\\\/schema\\\/person\\\/a81eb3623ae782c1e150b34de61f4b4e\"},\"headline\":\"Milei estrecha lazos con el l\u00edder de Google.\",\"datePublished\":\"2024-05-30T16:15:56+00:00\",\"dateModified\":\"2024-05-30T16:15:59+00:00\",\"mainEntityOfPage\":{\"@id\":\"https:\\\/\\\/www.americanonewspaper.com\\\/es\\\/argentina\\\/milei-estrecha-lazos-con-el-lider-de-google\\\/\"},\"wordCount\":492,\"publisher\":{\"@id\":\"https:\\\/\\\/www.americanonewspaper.com\\\/es\\\/#organization\"},\"image\":{\"@id\":\"https:\\\/\\\/www.americanonewspaper.com\\\/es\\\/argentina\\\/milei-estrecha-lazos-con-el-lider-de-google\\\/#primaryimage\"},\"thumbnailUrl\":\"https:\\\/\\\/www.americanonewspaper.com\\\/es\\\/wp-content\\\/uploads\\\/2024\\\/05\\\/presidente-de-argentina-Milie.jpg\",\"articleSection\":[\"Argentina\",\"Google\",\"Pol\u00edtica\",\"Tecnolog\u00eda\"],\"inLanguage\":\"en-US\"},{\"@type\":\"WebPage\",\"@id\":\"https:\\\/\\\/www.americanonewspaper.com\\\/es\\\/argentina\\\/milei-estrecha-lazos-con-el-lider-de-google\\\/\",\"url\":\"https:\\\/\\\/www.americanonewspaper.com\\\/es\\\/argentina\\\/milei-estrecha-lazos-con-el-lider-de-google\\\/\",\"name\":\"Milei estrecha lazos con el l\u00edder de Google. - Americano Newspaper\",\"isPartOf\":{\"@id\":\"https:\\\/\\\/www.americanonewspaper.com\\\/es\\\/#website\"},\"primaryImageOfPage\":{\"@id\":\"https:\\\/\\\/www.americanonewspaper.com\\\/es\\\/argentina\\\/milei-estrecha-lazos-con-el-lider-de-google\\\/#primaryimage\"},\"image\":{\"@id\":\"https:\\\/\\\/www.americanonewspaper.com\\\/es\\\/argentina\\\/milei-estrecha-lazos-con-el-lider-de-google\\\/#primaryimage\"},\"thumbnailUrl\":\"https:\\\/\\\/www.americanonewspaper.com\\\/es\\\/wp-content\\\/uploads\\\/2024\\\/05\\\/presidente-de-argentina-Milie.jpg\",\"datePublished\":\"2024-05-30T16:15:56+00:00\",\"dateModified\":\"2024-05-30T16:15:59+00:00\",\"description\":\"El presidente argentino, Javier Milei, se reuni\u00f3 este mi\u00e9rcoles con el director ejecutivo de Google, Sundar Pichai, para hablar de las oportunidades que ofrece la inteligencia artificial (IA) y estrechar los lazos con la multinacional de tecnolog\u00eda para \\\"la transformaci\u00f3n digital\\\" de Argentina.\",\"breadcrumb\":{\"@id\":\"https:\\\/\\\/www.americanonewspaper.com\\\/es\\\/argentina\\\/milei-estrecha-lazos-con-el-lider-de-google\\\/#breadcrumb\"},\"inLanguage\":\"en-US\",\"potentialAction\":[{\"@type\":\"ReadAction\",\"target\":[\"https:\\\/\\\/www.americanonewspaper.com\\\/es\\\/argentina\\\/milei-estrecha-lazos-con-el-lider-de-google\\\/\"]}]},{\"@type\":\"ImageObject\",\"inLanguage\":\"en-US\",\"@id\":\"https:\\\/\\\/www.americanonewspaper.com\\\/es\\\/argentina\\\/milei-estrecha-lazos-con-el-lider-de-google\\\/#primaryimage\",\"url\":\"https:\\\/\\\/www.americanonewspaper.com\\\/es\\\/wp-content\\\/uploads\\\/2024\\\/05\\\/presidente-de-argentina-Milie.jpg\",\"contentUrl\":\"https:\\\/\\\/www.americanonewspaper.com\\\/es\\\/wp-content\\\/uploads\\\/2024\\\/05\\\/presidente-de-argentina-Milie.jpg\",\"width\":900,\"height\":645,\"caption\":\"Captura de pantalla de una fotograf\u00eda publicada en la cuenta de la red social Instagram del presidente de Argentina, Javier Milei, donde aparece el mandatario junto al consejero delegado de Apple, Tim Cook (i), este mi\u00e9rcoles. EFE\\\/ Captura Cuenta De Instagram Javier Milei\"},{\"@type\":\"BreadcrumbList\",\"@id\":\"https:\\\/\\\/www.americanonewspaper.com\\\/es\\\/argentina\\\/milei-estrecha-lazos-con-el-lider-de-google\\\/#breadcrumb\",\"itemListElement\":[{\"@type\":\"ListItem\",\"position\":1,\"name\":\"Home\",\"item\":\"https:\\\/\\\/www.americanonewspaper.com\\\/es\\\/\"},{\"@type\":\"ListItem\",\"position\":2,\"name\":\"Milei estrecha lazos con el l\u00edder de Google.\"}]},{\"@type\":\"WebSite\",\"@id\":\"https:\\\/\\\/www.americanonewspaper.com\\\/es\\\/#website\",\"url\":\"https:\\\/\\\/www.americanonewspaper.com\\\/es\\\/\",\"name\":\"Americano Newspaper\",\"description\":\"The Hispanic Newspaper of New Jersey.\",\"publisher\":{\"@id\":\"https:\\\/\\\/www.americanonewspaper.com\\\/es\\\/#organization\"},\"potentialAction\":[{\"@type\":\"SearchAction\",\"target\":{\"@type\":\"EntryPoint\",\"urlTemplate\":\"https:\\\/\\\/www.americanonewspaper.com\\\/es\\\/?s={search_term_string}\"},\"query-input\":{\"@type\":\"PropertyValueSpecification\",\"valueRequired\":true,\"valueName\":\"search_term_string\"}}],\"inLanguage\":\"en-US\"},{\"@type\":\"Organization\",\"@id\":\"https:\\\/\\\/www.americanonewspaper.com\\\/es\\\/#organization\",\"name\":\"Americano Newspaper\",\"url\":\"https:\\\/\\\/www.americanonewspaper.com\\\/es\\\/\",\"logo\":{\"@type\":\"ImageObject\",\"inLanguage\":\"en-US\",\"@id\":\"https:\\\/\\\/www.americanonewspaper.com\\\/es\\\/#\\\/schema\\\/logo\\\/image\\\/\",\"url\":\"https:\\\/\\\/www.americanonewspaper.com\\\/es\\\/wp-content\\\/uploads\\\/2024\\\/05\\\/AmericanoLogoCircle.comCircle2.jpg\",\"contentUrl\":\"https:\\\/\\\/www.americanonewspaper.com\\\/es\\\/wp-content\\\/uploads\\\/2024\\\/05\\\/AmericanoLogoCircle.comCircle2.jpg\",\"width\":600,\"height\":600,\"caption\":\"Americano Newspaper\"},\"image\":{\"@id\":\"https:\\\/\\\/www.americanonewspaper.com\\\/es\\\/#\\\/schema\\\/logo\\\/image\\\/\"},\"sameAs\":[\"https:\\\/\\\/www.facebook.com\\\/AmericanoNewspaper\\\/\"]},{\"@type\":\"Person\",\"@id\":\"https:\\\/\\\/www.americanonewspaper.com\\\/es\\\/#\\\/schema\\\/person\\\/a81eb3623ae782c1e150b34de61f4b4e\",\"name\":\"Yaosmil Roque Quintana\",\"image\":{\"@type\":\"ImageObject\",\"inLanguage\":\"en-US\",\"@id\":\"https:\\\/\\\/www.americanonewspaper.com\\\/es\\\/wp-content\\\/litespeed\\\/avatar\\\/85f3fe7c1df9b60d267b025b95d99980.jpg?ver=1777430850\",\"url\":\"https:\\\/\\\/www.americanonewspaper.com\\\/es\\\/wp-content\\\/litespeed\\\/avatar\\\/85f3fe7c1df9b60d267b025b95d99980.jpg?ver=1777430850\",\"contentUrl\":\"https:\\\/\\\/www.americanonewspaper.com\\\/es\\\/wp-content\\\/litespeed\\\/avatar\\\/85f3fe7c1df9b60d267b025b95d99980.jpg?ver=1777430850\",\"caption\":\"Yaosmil Roque Quintana\"},\"url\":\"https:\\\/\\\/www.americanonewspaper.com\\\/es\\\/author\\\/yaosmil\\\/\"}]}<\/script>\n<!-- \/ Yoast SEO Premium plugin. -->","yoast_head_json":{"title":"Milei estrecha lazos con el l\u00edder de Google. - Americano Newspaper","description":"El presidente argentino, Javier Milei, se reuni\u00f3 este mi\u00e9rcoles con el director ejecutivo de Google, Sundar Pichai, para hablar de las oportunidades que ofrece la inteligencia artificial (IA) y estrechar los lazos con la multinacional de tecnolog\u00eda para \"la transformaci\u00f3n digital\" de Argentina.","robots":{"index":"index","follow":"follow","max-snippet":"max-snippet:-1","max-image-preview":"max-image-preview:large","max-video-preview":"max-video-preview:-1"},"canonical":"https:\/\/www.americanonewspaper.com\/es\/argentina\/milei-estrecha-lazos-con-el-lider-de-google\/","og_locale":"en_US","og_type":"article","og_title":"Milei estrecha lazos con el l\u00edder de Google.","og_description":"El presidente argentino, Javier Milei, se reuni\u00f3 este mi\u00e9rcoles con el director ejecutivo de Google, Sundar Pichai, para hablar de las oportunidades que ofrece la inteligencia artificial (IA) y estrechar los lazos con la multinacional de tecnolog\u00eda para \"la transformaci\u00f3n digital\" de Argentina.","og_url":"https:\/\/www.americanonewspaper.com\/es\/argentina\/milei-estrecha-lazos-con-el-lider-de-google\/","og_site_name":"Americano Newspaper","article_publisher":"https:\/\/www.facebook.com\/AmericanoNewspaper\/","article_published_time":"2024-05-30T16:15:56+00:00","article_modified_time":"2024-05-30T16:15:59+00:00","og_image":[{"width":900,"height":645,"url":"https:\/\/www.americanonewspaper.com\/es\/wp-content\/uploads\/2024\/05\/presidente-de-argentina-Milie.jpg","type":"image\/jpeg"}],"author":"Yaosmil Roque Quintana","twitter_card":"summary_large_image","twitter_misc":{"Written by":"Yaosmil Roque Quintana","Est. reading time":"3 minutes"},"schema":{"@context":"https:\/\/schema.org","@graph":[{"@type":"Article","@id":"https:\/\/www.americanonewspaper.com\/es\/argentina\/milei-estrecha-lazos-con-el-lider-de-google\/#article","isPartOf":{"@id":"https:\/\/www.americanonewspaper.com\/es\/argentina\/milei-estrecha-lazos-con-el-lider-de-google\/"},"author":{"name":"Yaosmil Roque Quintana","@id":"https:\/\/www.americanonewspaper.com\/es\/#\/schema\/person\/a81eb3623ae782c1e150b34de61f4b4e"},"headline":"Milei estrecha lazos con el l\u00edder de Google.","datePublished":"2024-05-30T16:15:56+00:00","dateModified":"2024-05-30T16:15:59+00:00","mainEntityOfPage":{"@id":"https:\/\/www.americanonewspaper.com\/es\/argentina\/milei-estrecha-lazos-con-el-lider-de-google\/"},"wordCount":492,"publisher":{"@id":"https:\/\/www.americanonewspaper.com\/es\/#organization"},"image":{"@id":"https:\/\/www.americanonewspaper.com\/es\/argentina\/milei-estrecha-lazos-con-el-lider-de-google\/#primaryimage"},"thumbnailUrl":"https:\/\/www.americanonewspaper.com\/es\/wp-content\/uploads\/2024\/05\/presidente-de-argentina-Milie.jpg","articleSection":["Argentina","Google","Pol\u00edtica","Tecnolog\u00eda"],"inLanguage":"en-US"},{"@type":"WebPage","@id":"https:\/\/www.americanonewspaper.com\/es\/argentina\/milei-estrecha-lazos-con-el-lider-de-google\/","url":"https:\/\/www.americanonewspaper.com\/es\/argentina\/milei-estrecha-lazos-con-el-lider-de-google\/","name":"Milei estrecha lazos con el l\u00edder de Google. - Americano Newspaper","isPartOf":{"@id":"https:\/\/www.americanonewspaper.com\/es\/#website"},"primaryImageOfPage":{"@id":"https:\/\/www.americanonewspaper.com\/es\/argentina\/milei-estrecha-lazos-con-el-lider-de-google\/#primaryimage"},"image":{"@id":"https:\/\/www.americanonewspaper.com\/es\/argentina\/milei-estrecha-lazos-con-el-lider-de-google\/#primaryimage"},"thumbnailUrl":"https:\/\/www.americanonewspaper.com\/es\/wp-content\/uploads\/2024\/05\/presidente-de-argentina-Milie.jpg","datePublished":"2024-05-30T16:15:56+00:00","dateModified":"2024-05-30T16:15:59+00:00","description":"El presidente argentino, Javier Milei, se reuni\u00f3 este mi\u00e9rcoles con el director ejecutivo de Google, Sundar Pichai, para hablar de las oportunidades que ofrece la inteligencia artificial (IA) y estrechar los lazos con la multinacional de tecnolog\u00eda para \"la transformaci\u00f3n digital\" de Argentina.","breadcrumb":{"@id":"https:\/\/www.americanonewspaper.com\/es\/argentina\/milei-estrecha-lazos-con-el-lider-de-google\/#breadcrumb"},"inLanguage":"en-US","potentialAction":[{"@type":"ReadAction","target":["https:\/\/www.americanonewspaper.com\/es\/argentina\/milei-estrecha-lazos-con-el-lider-de-google\/"]}]},{"@type":"ImageObject","inLanguage":"en-US","@id":"https:\/\/www.americanonewspaper.com\/es\/argentina\/milei-estrecha-lazos-con-el-lider-de-google\/#primaryimage","url":"https:\/\/www.americanonewspaper.com\/es\/wp-content\/uploads\/2024\/05\/presidente-de-argentina-Milie.jpg","contentUrl":"https:\/\/www.americanonewspaper.com\/es\/wp-content\/uploads\/2024\/05\/presidente-de-argentina-Milie.jpg","width":900,"height":645,"caption":"Captura de pantalla de una fotograf\u00eda publicada en la cuenta de la red social Instagram del presidente de Argentina, Javier Milei, donde aparece el mandatario junto al consejero delegado de Apple, Tim Cook (i), este mi\u00e9rcoles. EFE\/ Captura Cuenta De Instagram Javier Milei"},{"@type":"BreadcrumbList","@id":"https:\/\/www.americanonewspaper.com\/es\/argentina\/milei-estrecha-lazos-con-el-lider-de-google\/#breadcrumb","itemListElement":[{"@type":"ListItem","position":1,"name":"Home","item":"https:\/\/www.americanonewspaper.com\/es\/"},{"@type":"ListItem","position":2,"name":"Milei estrecha lazos con el l\u00edder de Google."}]},{"@type":"WebSite","@id":"https:\/\/www.americanonewspaper.com\/es\/#website","url":"https:\/\/www.americanonewspaper.com\/es\/","name":"Americano Newspaper","description":"The Hispanic Newspaper of New Jersey.","publisher":{"@id":"https:\/\/www.americanonewspaper.com\/es\/#organization"},"potentialAction":[{"@type":"SearchAction","target":{"@type":"EntryPoint","urlTemplate":"https:\/\/www.americanonewspaper.com\/es\/?s={search_term_string}"},"query-input":{"@type":"PropertyValueSpecification","valueRequired":true,"valueName":"search_term_string"}}],"inLanguage":"en-US"},{"@type":"Organization","@id":"https:\/\/www.americanonewspaper.com\/es\/#organization","name":"Americano Newspaper","url":"https:\/\/www.americanonewspaper.com\/es\/","logo":{"@type":"ImageObject","inLanguage":"en-US","@id":"https:\/\/www.americanonewspaper.com\/es\/#\/schema\/logo\/image\/","url":"https:\/\/www.americanonewspaper.com\/es\/wp-content\/uploads\/2024\/05\/AmericanoLogoCircle.comCircle2.jpg","contentUrl":"https:\/\/www.americanonewspaper.com\/es\/wp-content\/uploads\/2024\/05\/AmericanoLogoCircle.comCircle2.jpg","width":600,"height":600,"caption":"Americano Newspaper"},"image":{"@id":"https:\/\/www.americanonewspaper.com\/es\/#\/schema\/logo\/image\/"},"sameAs":["https:\/\/www.facebook.com\/AmericanoNewspaper\/"]},{"@type":"Person","@id":"https:\/\/www.americanonewspaper.com\/es\/#\/schema\/person\/a81eb3623ae782c1e150b34de61f4b4e","name":"Yaosmil Roque Quintana","image":{"@type":"ImageObject","inLanguage":"en-US","@id":"https:\/\/www.americanonewspaper.com\/es\/wp-content\/litespeed\/avatar\/85f3fe7c1df9b60d267b025b95d99980.jpg?ver=1777430850","url":"https:\/\/www.americanonewspaper.com\/es\/wp-content\/litespeed\/avatar\/85f3fe7c1df9b60d267b025b95d99980.jpg?ver=1777430850","contentUrl":"https:\/\/www.americanonewspaper.com\/es\/wp-content\/litespeed\/avatar\/85f3fe7c1df9b60d267b025b95d99980.jpg?ver=1777430850","caption":"Yaosmil Roque Quintana"},"url":"https:\/\/www.americanonewspaper.com\/es\/author\/yaosmil\/"}]}},"jetpack_publicize_connections":[],"jetpack_featured_media_url":"https:\/\/www.americanonewspaper.com\/es\/wp-content\/uploads\/2024\/05\/presidente-de-argentina-Milie.jpg","featured_image_urls":{"full":["https:\/\/www.americanonewspaper.com\/es\/wp-content\/uploads\/2024\/05\/presidente-de-argentina-Milie.jpg",900,645,false],"thumbnail":["https:\/\/www.americanonewspaper.com\/es\/wp-content\/uploads\/2024\/05\/presidente-de-argentina-Milie-250x250.jpg",250,250,true],"medium":["https:\/\/www.americanonewspaper.com\/es\/wp-content\/uploads\/2024\/05\/presidente-de-argentina-Milie-300x215.jpg",300,215,true],"medium_large":["https:\/\/www.americanonewspaper.com\/es\/wp-content\/uploads\/2024\/05\/presidente-de-argentina-Milie-768x550.jpg",696,498,true],"large":["https:\/\/www.americanonewspaper.com\/es\/wp-content\/uploads\/2024\/05\/presidente-de-argentina-Milie-698x500.jpg",696,499,true],"1536x1536":["https:\/\/www.americanonewspaper.com\/es\/wp-content\/uploads\/2024\/05\/presidente-de-argentina-Milie.jpg",900,645,false],"2048x2048":["https:\/\/www.americanonewspaper.com\/es\/wp-content\/uploads\/2024\/05\/presidente-de-argentina-Milie.jpg",900,645,false],"td_150x0":["https:\/\/www.americanonewspaper.com\/es\/wp-content\/uploads\/2024\/05\/presidente-de-argentina-Milie-150x108.jpg",150,108,true],"td_218x150":["https:\/\/www.americanonewspaper.com\/es\/wp-content\/uploads\/2024\/05\/presidente-de-argentina-Milie-218x150.jpg",218,150,true],"td_300x0":["https:\/\/www.americanonewspaper.com\/es\/wp-content\/uploads\/2024\/05\/presidente-de-argentina-Milie-300x215.jpg",300,215,true],"td_324x400":["https:\/\/www.americanonewspaper.com\/es\/wp-content\/uploads\/2024\/05\/presidente-de-argentina-Milie-324x400.jpg",324,400,true],"td_485x360":["https:\/\/www.americanonewspaper.com\/es\/wp-content\/uploads\/2024\/05\/presidente-de-argentina-Milie-485x360.jpg",485,360,true],"td_696x0":["https:\/\/www.americanonewspaper.com\/es\/wp-content\/uploads\/2024\/05\/presidente-de-argentina-Milie-696x499.jpg",696,499,true],"td_1068x0":["https:\/\/www.americanonewspaper.com\/es\/wp-content\/uploads\/2024\/05\/presidente-de-argentina-Milie.jpg",900,645,false],"td_1920x0":["https:\/\/www.americanonewspaper.com\/es\/wp-content\/uploads\/2024\/05\/presidente-de-argentina-Milie.jpg",900,645,false],"bdpp-medium":["https:\/\/www.americanonewspaper.com\/es\/wp-content\/uploads\/2024\/05\/presidente-de-argentina-Milie.jpg",640,459,false]},"author_info":{"display_name":"Yaosmil Roque Quintana","author_link":"https:\/\/www.americanonewspaper.com\/es\/author\/yaosmil\/"},"category_info":"<a href=\"https:\/\/www.americanonewspaper.com\/es\/category\/argentina\/\" rel=\"category tag\">Argentina<\/a> <a href=\"https:\/\/www.americanonewspaper.com\/es\/category\/google\/\" rel=\"category tag\">Google<\/a> <a href=\"https:\/\/www.americanonewspaper.com\/es\/category\/politica\/\" rel=\"category tag\">Pol\u00edtica<\/a> <a href=\"https:\/\/www.americanonewspaper.com\/es\/category\/tecnologia\/\" rel=\"category tag\">Tecnolog\u00eda<\/a>","tag_info":"Tecnolog\u00eda","comment_count":"0","jetpack_sharing_enabled":true,"jetpack_likes_enabled":true,"_links":{"self":[{"href":"https:\/\/www.americanonewspaper.com\/es\/wp-json\/wp\/v2\/posts\/22368","targetHints":{"allow":["GET"]}}],"collection":[{"href":"https:\/\/www.americanonewspaper.com\/es\/wp-json\/wp\/v2\/posts"}],"about":[{"href":"https:\/\/www.americanonewspaper.com\/es\/wp-json\/wp\/v2\/types\/post"}],"author":[{"embeddable":true,"href":"https:\/\/www.americanonewspaper.com\/es\/wp-json\/wp\/v2\/users\/13"}],"replies":[{"embeddable":true,"href":"https:\/\/www.americanonewspaper.com\/es\/wp-json\/wp\/v2\/comments?post=22368"}],"version-history":[{"count":1,"href":"https:\/\/www.americanonewspaper.com\/es\/wp-json\/wp\/v2\/posts\/22368\/revisions"}],"predecessor-version":[{"id":22370,"href":"https:\/\/www.americanonewspaper.com\/es\/wp-json\/wp\/v2\/posts\/22368\/revisions\/22370"}],"wp:featuredmedia":[{"embeddable":true,"href":"https:\/\/www.americanonewspaper.com\/es\/wp-json\/wp\/v2\/media\/22369"}],"wp:attachment":[{"href":"https:\/\/www.americanonewspaper.com\/es\/wp-json\/wp\/v2\/media?parent=22368"}],"wp:term":[{"taxonomy":"category","embeddable":true,"href":"https:\/\/www.americanonewspaper.com\/es\/wp-json\/wp\/v2\/categories?post=22368"},{"taxonomy":"post_tag","embeddable":true,"href":"https:\/\/www.americanonewspaper.com\/es\/wp-json\/wp\/v2\/tags?post=22368"}],"curies":[{"name":"wp","href":"https:\/\/api.w.org\/{rel}","templated":true}]}}