{"id":22307,"date":"2024-05-21T17:17:58","date_gmt":"2024-05-21T21:17:58","guid":{"rendered":"https:\/\/www.americanonewspaper.com\/es\/?p=22307"},"modified":"2024-05-21T17:18:01","modified_gmt":"2024-05-21T21:18:01","slug":"los-incendios-degradan-2-846-kilometros-cuadrados-de-la-amazonia","status":"publish","type":"post","link":"https:\/\/www.americanonewspaper.com\/es\/amazonia\/los-incendios-degradan-2-846-kilometros-cuadrados-de-la-amazonia\/","title":{"rendered":"Los incendios degradan 2.846 kil\u00f3metros cuadrados de la Amazon\u00eda"},"content":{"rendered":"\n<p>R\u00edo de Janeiro, (EFE). <\/p>\n\n\n\n<p class=\"has-drop-cap\">Los incendios en la Amazon\u00eda brasile\u00f1a degradaron una cifra r\u00e9cord de 2.846 kil\u00f3metros cuadrados de selva entre enero y abril pasados, seg\u00fan un estudio divulgado este martes por la organizaci\u00f3n ecologista Imazon.<\/p>\n\n\n\n<p>Esto supone 34 veces m\u00e1s que los 84 kil\u00f3metros cuadrados degradados en los cuatro primeros meses de 2023 y el dato m\u00e1s alto desde 2009, a\u00f1o en el que comenz\u00f3 la medici\u00f3n.<\/p>\n\n\n\n<figure class=\"wp-block-gallery has-nested-images columns-default is-cropped wp-block-gallery-1 is-layout-flex wp-block-gallery-is-layout-flex\">\n<figure class=\"wp-block-image size-large\"><a href=\"https:\/\/patricia4senate.com\/es\/inicio\/\" target=\"_blank\" rel=\"noreferrer noopener\"><img fetchpriority=\"high\" decoding=\"async\" width=\"800\" height=\"367\" data-id=\"22001\" src=\"https:\/\/www.americanonewspaper.com\/es\/wp-content\/uploads\/2024\/04\/Patricia4SenateSpanish-1-800x367.jpg\" alt=\"\" class=\"wp-image-22001\" srcset=\"https:\/\/www.americanonewspaper.com\/es\/wp-content\/uploads\/2024\/04\/Patricia4SenateSpanish-1-800x367.jpg 800w, https:\/\/www.americanonewspaper.com\/es\/wp-content\/uploads\/2024\/04\/Patricia4SenateSpanish-1-300x138.jpg 300w, https:\/\/www.americanonewspaper.com\/es\/wp-content\/uploads\/2024\/04\/Patricia4SenateSpanish-1-768x352.jpg 768w, https:\/\/www.americanonewspaper.com\/es\/wp-content\/uploads\/2024\/04\/Patricia4SenateSpanish-1-150x69.jpg 150w, https:\/\/www.americanonewspaper.com\/es\/wp-content\/uploads\/2024\/04\/Patricia4SenateSpanish-1-696x319.jpg 696w, https:\/\/www.americanonewspaper.com\/es\/wp-content\/uploads\/2024\/04\/Patricia4SenateSpanish-1-1068x490.jpg 1068w, https:\/\/www.americanonewspaper.com\/es\/wp-content\/uploads\/2024\/04\/Patricia4SenateSpanish-1.jpg 1200w\" sizes=\"(max-width: 800px) 100vw, 800px\" \/><\/a><\/figure>\n<\/figure>\n\n\n\n<p>El 99 % del \u00e1rea degradada ocurri\u00f3 en el estado de Roraima, fronterizo con Venezuela, que ha registrado un r\u00e9cord de incendios y una sequ\u00eda sin precedentes en el comienzo del a\u00f1o, que oblig\u00f3 a 14 de sus 15 municipios a declarar el estado de emergencia.<\/p>\n\n\n\n<p>Pese al fuerte aumento de los incendios, la deforestaci\u00f3n en la Amazon\u00eda brasile\u00f1a cay\u00f3 un 42 % en el mismo per\u00edodo, desde 1.173,4 kil\u00f3metros en los cuatro primeros meses de 2023 hasta 681 kil\u00f3metros cuadrados entre enero y abril de este a\u00f1o.<\/p>\n\n\n\n<p>De acuerdo con Imazon, la &#8216;degradaci\u00f3n&#8217; forestal significa que la destrucci\u00f3n de la vegetaci\u00f3n original es parcial y la &#8216;deforestaci\u00f3n&#8217; es su eliminaci\u00f3n total.<\/p>\n\n\n\n<figure class=\"wp-block-gallery has-nested-images columns-default is-cropped wp-block-gallery-2 is-layout-flex wp-block-gallery-is-layout-flex\">\n<figure class=\"wp-block-image size-large\"><a href=\"https:\/\/www.facebook.com\/people\/Rancho-Taqueria\/100092427934454\/\" target=\"_blank\" rel=\"noreferrer noopener\"><img decoding=\"async\" width=\"800\" height=\"433\" data-id=\"22057\" src=\"https:\/\/www.americanonewspaper.com\/es\/wp-content\/uploads\/2024\/05\/WebRancho-1-800x433.jpg\" alt=\"\" class=\"wp-image-22057\" srcset=\"https:\/\/www.americanonewspaper.com\/es\/wp-content\/uploads\/2024\/05\/WebRancho-1-800x433.jpg 800w, https:\/\/www.americanonewspaper.com\/es\/wp-content\/uploads\/2024\/05\/WebRancho-1-300x162.jpg 300w, https:\/\/www.americanonewspaper.com\/es\/wp-content\/uploads\/2024\/05\/WebRancho-1-768x415.jpg 768w, https:\/\/www.americanonewspaper.com\/es\/wp-content\/uploads\/2024\/05\/WebRancho-1-150x81.jpg 150w, https:\/\/www.americanonewspaper.com\/es\/wp-content\/uploads\/2024\/05\/WebRancho-1-696x376.jpg 696w, https:\/\/www.americanonewspaper.com\/es\/wp-content\/uploads\/2024\/05\/WebRancho-1-1068x578.jpg 1068w, https:\/\/www.americanonewspaper.com\/es\/wp-content\/uploads\/2024\/05\/WebRancho-1.jpg 1200w\" sizes=\"(max-width: 800px) 100vw, 800px\" \/><\/a><\/figure>\n<\/figure>\n\n\n\n<p>&#8220;Esos n\u00fameros muestran la importancia de que, en sus esfuerzos para combatir la deforestaci\u00f3n de la Amazon\u00eda, el Gobierno tambi\u00e9n realice acciones espec\u00edficas para enfrentar los incendios forestales&#8221;, afirm\u00f3 Larissa Amorim, investigadora del Programa de Vigilancia de la Amazon\u00eda de Imazon.<\/p>\n\n\n\n<p>Seg\u00fan datos oficiales divulgados a comienzos de mayo, la Amazon\u00eda brasile\u00f1a registr\u00f3 8.977 incendios entre enero y abril, el peor n\u00famero para el primer cuatrimestre desde 2016.<\/p>\n\n\n\n<figure class=\"wp-block-gallery has-nested-images columns-default is-cropped wp-block-gallery-3 is-layout-flex wp-block-gallery-is-layout-flex\">\n<figure class=\"wp-block-image size-large\"><a href=\"https:\/\/www.facebook.com\/villanuevasmultiservices\" target=\"_blank\" rel=\"noreferrer noopener\"><img decoding=\"async\" width=\"800\" height=\"368\" data-id=\"22003\" src=\"https:\/\/www.americanonewspaper.com\/es\/wp-content\/uploads\/2024\/04\/Screenshot-2024-04-27-at-8.03.23\u202fPM-800x368.png\" alt=\"\" class=\"wp-image-22003\" srcset=\"https:\/\/www.americanonewspaper.com\/es\/wp-content\/uploads\/2024\/04\/Screenshot-2024-04-27-at-8.03.23\u202fPM-800x368.png 800w, https:\/\/www.americanonewspaper.com\/es\/wp-content\/uploads\/2024\/04\/Screenshot-2024-04-27-at-8.03.23\u202fPM-300x138.png 300w, https:\/\/www.americanonewspaper.com\/es\/wp-content\/uploads\/2024\/04\/Screenshot-2024-04-27-at-8.03.23\u202fPM-768x353.png 768w, https:\/\/www.americanonewspaper.com\/es\/wp-content\/uploads\/2024\/04\/Screenshot-2024-04-27-at-8.03.23\u202fPM-1536x706.png 1536w, https:\/\/www.americanonewspaper.com\/es\/wp-content\/uploads\/2024\/04\/Screenshot-2024-04-27-at-8.03.23\u202fPM-2048x941.png 2048w, https:\/\/www.americanonewspaper.com\/es\/wp-content\/uploads\/2024\/04\/Screenshot-2024-04-27-at-8.03.23\u202fPM-150x69.png 150w, https:\/\/www.americanonewspaper.com\/es\/wp-content\/uploads\/2024\/04\/Screenshot-2024-04-27-at-8.03.23\u202fPM-696x320.png 696w, https:\/\/www.americanonewspaper.com\/es\/wp-content\/uploads\/2024\/04\/Screenshot-2024-04-27-at-8.03.23\u202fPM-1068x491.png 1068w, https:\/\/www.americanonewspaper.com\/es\/wp-content\/uploads\/2024\/04\/Screenshot-2024-04-27-at-8.03.23\u202fPM-1920x882.png 1920w\" sizes=\"(max-width: 800px) 100vw, 800px\" \/><\/a><\/figure>\n<\/figure>\n","protected":false},"excerpt":{"rendered":"<p>R\u00edo de Janeiro, (EFE). Los incendios en la Amazon\u00eda brasile\u00f1a degradaron una cifra r\u00e9cord de 2.846 kil\u00f3metros cuadrados de selva entre enero y abril pasados, seg\u00fan un estudio divulgado este martes por la organizaci\u00f3n ecologista Imazon. Esto supone 34 veces m\u00e1s que los 84 kil\u00f3metros cuadrados degradados en los cuatro primeros meses de 2023 y [&hellip;]<\/p>\n","protected":false},"author":12,"featured_media":22308,"comment_status":"closed","ping_status":"open","sticky":true,"template":"","format":"standard","meta":{"_acf_changed":false,"tdm_status":"","tdm_grid_status":"","_jetpack_memberships_contains_paid_content":false,"footnotes":"","jetpack_publicize_message":"","jetpack_publicize_feature_enabled":true,"jetpack_social_post_already_shared":true,"jetpack_social_options":{"image_generator_settings":{"template":"highway","default_image_id":0,"font":"","enabled":false},"version":2},"_wpas_customize_per_network":false},"categories":[693,647],"tags":[],"class_list":{"0":"post-22307","1":"post","2":"type-post","3":"status-publish","4":"format-standard","5":"has-post-thumbnail","7":"category-amazonia","8":"category-brasil"},"acf":[],"yoast_head":"<!-- This site is optimized with the Yoast SEO Premium plugin v27.5 (Yoast SEO v27.5) - https:\/\/yoast.com\/product\/yoast-seo-premium-wordpress\/ -->\n<title>Los incendios degradan 2.846 kil\u00f3metros cuadrados de la Amazon\u00eda - Americano Newspaper<\/title>\n<meta name=\"description\" content=\"Los incendios en la Amazon\u00eda brasile\u00f1a degradaron una cifra r\u00e9cord de 2.846 kil\u00f3metros cuadrados de selva entre enero y abril pasados, seg\u00fan un estudio divulgado este martes por la organizaci\u00f3n ecologista Imazon.\" \/>\n<meta name=\"robots\" content=\"index, follow, max-snippet:-1, max-image-preview:large, max-video-preview:-1\" \/>\n<link rel=\"canonical\" href=\"https:\/\/www.americanonewspaper.com\/es\/amazonia\/los-incendios-degradan-2-846-kilometros-cuadrados-de-la-amazonia\/\" \/>\n<meta property=\"og:locale\" content=\"en_US\" \/>\n<meta property=\"og:type\" content=\"article\" \/>\n<meta property=\"og:title\" content=\"Los incendios degradan 2.846 kil\u00f3metros cuadrados de la Amazon\u00eda\" \/>\n<meta property=\"og:description\" content=\"Los incendios en la Amazon\u00eda brasile\u00f1a degradaron una cifra r\u00e9cord de 2.846 kil\u00f3metros cuadrados de selva entre enero y abril pasados, seg\u00fan un estudio divulgado este martes por la organizaci\u00f3n ecologista Imazon.\" \/>\n<meta property=\"og:url\" content=\"https:\/\/www.americanonewspaper.com\/es\/amazonia\/los-incendios-degradan-2-846-kilometros-cuadrados-de-la-amazonia\/\" \/>\n<meta property=\"og:site_name\" content=\"Americano Newspaper\" \/>\n<meta property=\"article:publisher\" content=\"https:\/\/www.facebook.com\/AmericanoNewspaper\/\" \/>\n<meta property=\"article:published_time\" content=\"2024-05-21T21:17:58+00:00\" \/>\n<meta property=\"article:modified_time\" content=\"2024-05-21T21:18:01+00:00\" \/>\n<meta property=\"og:image\" content=\"https:\/\/www.americanonewspaper.com\/es\/wp-content\/uploads\/2024\/05\/da73c3608903ede07429926e0245905253191172miniw.jpg\" \/>\n\t<meta property=\"og:image:width\" content=\"900\" \/>\n\t<meta property=\"og:image:height\" content=\"600\" \/>\n\t<meta property=\"og:image:type\" content=\"image\/jpeg\" \/>\n<meta name=\"author\" content=\"Maria Quintana\" \/>\n<meta name=\"twitter:card\" content=\"summary_large_image\" \/>\n<meta name=\"twitter:label1\" content=\"Written by\" \/>\n\t<meta name=\"twitter:data1\" content=\"Maria Quintana\" \/>\n\t<meta name=\"twitter:label2\" content=\"Est. reading time\" \/>\n\t<meta name=\"twitter:data2\" content=\"2 minutes\" \/>\n<script type=\"application\/ld+json\" class=\"yoast-schema-graph\">{\"@context\":\"https:\\\/\\\/schema.org\",\"@graph\":[{\"@type\":\"Article\",\"@id\":\"https:\\\/\\\/www.americanonewspaper.com\\\/es\\\/amazonia\\\/los-incendios-degradan-2-846-kilometros-cuadrados-de-la-amazonia\\\/#article\",\"isPartOf\":{\"@id\":\"https:\\\/\\\/www.americanonewspaper.com\\\/es\\\/amazonia\\\/los-incendios-degradan-2-846-kilometros-cuadrados-de-la-amazonia\\\/\"},\"author\":{\"name\":\"Maria Quintana\",\"@id\":\"https:\\\/\\\/www.americanonewspaper.com\\\/es\\\/#\\\/schema\\\/person\\\/ff0825ff964ec074668f1d9571f5232d\"},\"headline\":\"Los incendios degradan 2.846 kil\u00f3metros cuadrados de la Amazon\u00eda\",\"datePublished\":\"2024-05-21T21:17:58+00:00\",\"dateModified\":\"2024-05-21T21:18:01+00:00\",\"mainEntityOfPage\":{\"@id\":\"https:\\\/\\\/www.americanonewspaper.com\\\/es\\\/amazonia\\\/los-incendios-degradan-2-846-kilometros-cuadrados-de-la-amazonia\\\/\"},\"wordCount\":279,\"publisher\":{\"@id\":\"https:\\\/\\\/www.americanonewspaper.com\\\/es\\\/#organization\"},\"image\":{\"@id\":\"https:\\\/\\\/www.americanonewspaper.com\\\/es\\\/amazonia\\\/los-incendios-degradan-2-846-kilometros-cuadrados-de-la-amazonia\\\/#primaryimage\"},\"thumbnailUrl\":\"https:\\\/\\\/www.americanonewspaper.com\\\/es\\\/wp-content\\\/uploads\\\/2024\\\/05\\\/da73c3608903ede07429926e0245905253191172miniw.jpg\",\"articleSection\":[\"Amazon\u00eda\",\"Brasil\"],\"inLanguage\":\"en-US\"},{\"@type\":\"WebPage\",\"@id\":\"https:\\\/\\\/www.americanonewspaper.com\\\/es\\\/amazonia\\\/los-incendios-degradan-2-846-kilometros-cuadrados-de-la-amazonia\\\/\",\"url\":\"https:\\\/\\\/www.americanonewspaper.com\\\/es\\\/amazonia\\\/los-incendios-degradan-2-846-kilometros-cuadrados-de-la-amazonia\\\/\",\"name\":\"Los incendios degradan 2.846 kil\u00f3metros cuadrados de la Amazon\u00eda - Americano Newspaper\",\"isPartOf\":{\"@id\":\"https:\\\/\\\/www.americanonewspaper.com\\\/es\\\/#website\"},\"primaryImageOfPage\":{\"@id\":\"https:\\\/\\\/www.americanonewspaper.com\\\/es\\\/amazonia\\\/los-incendios-degradan-2-846-kilometros-cuadrados-de-la-amazonia\\\/#primaryimage\"},\"image\":{\"@id\":\"https:\\\/\\\/www.americanonewspaper.com\\\/es\\\/amazonia\\\/los-incendios-degradan-2-846-kilometros-cuadrados-de-la-amazonia\\\/#primaryimage\"},\"thumbnailUrl\":\"https:\\\/\\\/www.americanonewspaper.com\\\/es\\\/wp-content\\\/uploads\\\/2024\\\/05\\\/da73c3608903ede07429926e0245905253191172miniw.jpg\",\"datePublished\":\"2024-05-21T21:17:58+00:00\",\"dateModified\":\"2024-05-21T21:18:01+00:00\",\"description\":\"Los incendios en la Amazon\u00eda brasile\u00f1a degradaron una cifra r\u00e9cord de 2.846 kil\u00f3metros cuadrados de selva entre enero y abril pasados, seg\u00fan un estudio divulgado este martes por la organizaci\u00f3n ecologista Imazon.\",\"breadcrumb\":{\"@id\":\"https:\\\/\\\/www.americanonewspaper.com\\\/es\\\/amazonia\\\/los-incendios-degradan-2-846-kilometros-cuadrados-de-la-amazonia\\\/#breadcrumb\"},\"inLanguage\":\"en-US\",\"potentialAction\":[{\"@type\":\"ReadAction\",\"target\":[\"https:\\\/\\\/www.americanonewspaper.com\\\/es\\\/amazonia\\\/los-incendios-degradan-2-846-kilometros-cuadrados-de-la-amazonia\\\/\"]}]},{\"@type\":\"ImageObject\",\"inLanguage\":\"en-US\",\"@id\":\"https:\\\/\\\/www.americanonewspaper.com\\\/es\\\/amazonia\\\/los-incendios-degradan-2-846-kilometros-cuadrados-de-la-amazonia\\\/#primaryimage\",\"url\":\"https:\\\/\\\/www.americanonewspaper.com\\\/es\\\/wp-content\\\/uploads\\\/2024\\\/05\\\/da73c3608903ede07429926e0245905253191172miniw.jpg\",\"contentUrl\":\"https:\\\/\\\/www.americanonewspaper.com\\\/es\\\/wp-content\\\/uploads\\\/2024\\\/05\\\/da73c3608903ede07429926e0245905253191172miniw.jpg\",\"width\":900,\"height\":600,\"caption\":\"Fotograf\u00eda de archivo de un incendio en la Amazon\u00eda de Brasil. EFE\\\/ Raphael Alves\"},{\"@type\":\"BreadcrumbList\",\"@id\":\"https:\\\/\\\/www.americanonewspaper.com\\\/es\\\/amazonia\\\/los-incendios-degradan-2-846-kilometros-cuadrados-de-la-amazonia\\\/#breadcrumb\",\"itemListElement\":[{\"@type\":\"ListItem\",\"position\":1,\"name\":\"Home\",\"item\":\"https:\\\/\\\/www.americanonewspaper.com\\\/es\\\/\"},{\"@type\":\"ListItem\",\"position\":2,\"name\":\"Los incendios degradan 2.846 kil\u00f3metros cuadrados de la Amazon\u00eda\"}]},{\"@type\":\"WebSite\",\"@id\":\"https:\\\/\\\/www.americanonewspaper.com\\\/es\\\/#website\",\"url\":\"https:\\\/\\\/www.americanonewspaper.com\\\/es\\\/\",\"name\":\"Americano Newspaper\",\"description\":\"The Hispanic Newspaper of New Jersey.\",\"publisher\":{\"@id\":\"https:\\\/\\\/www.americanonewspaper.com\\\/es\\\/#organization\"},\"potentialAction\":[{\"@type\":\"SearchAction\",\"target\":{\"@type\":\"EntryPoint\",\"urlTemplate\":\"https:\\\/\\\/www.americanonewspaper.com\\\/es\\\/?s={search_term_string}\"},\"query-input\":{\"@type\":\"PropertyValueSpecification\",\"valueRequired\":true,\"valueName\":\"search_term_string\"}}],\"inLanguage\":\"en-US\"},{\"@type\":\"Organization\",\"@id\":\"https:\\\/\\\/www.americanonewspaper.com\\\/es\\\/#organization\",\"name\":\"Americano Newspaper\",\"url\":\"https:\\\/\\\/www.americanonewspaper.com\\\/es\\\/\",\"logo\":{\"@type\":\"ImageObject\",\"inLanguage\":\"en-US\",\"@id\":\"https:\\\/\\\/www.americanonewspaper.com\\\/es\\\/#\\\/schema\\\/logo\\\/image\\\/\",\"url\":\"https:\\\/\\\/www.americanonewspaper.com\\\/es\\\/wp-content\\\/uploads\\\/2024\\\/05\\\/AmericanoLogoCircle.comCircle2.jpg\",\"contentUrl\":\"https:\\\/\\\/www.americanonewspaper.com\\\/es\\\/wp-content\\\/uploads\\\/2024\\\/05\\\/AmericanoLogoCircle.comCircle2.jpg\",\"width\":600,\"height\":600,\"caption\":\"Americano Newspaper\"},\"image\":{\"@id\":\"https:\\\/\\\/www.americanonewspaper.com\\\/es\\\/#\\\/schema\\\/logo\\\/image\\\/\"},\"sameAs\":[\"https:\\\/\\\/www.facebook.com\\\/AmericanoNewspaper\\\/\"]},{\"@type\":\"Person\",\"@id\":\"https:\\\/\\\/www.americanonewspaper.com\\\/es\\\/#\\\/schema\\\/person\\\/ff0825ff964ec074668f1d9571f5232d\",\"name\":\"Maria Quintana\",\"image\":{\"@type\":\"ImageObject\",\"inLanguage\":\"en-US\",\"@id\":\"https:\\\/\\\/www.americanonewspaper.com\\\/es\\\/wp-content\\\/uploads\\\/2024\\\/02\\\/Crystal-Quintana-250x250.jpg\",\"url\":\"https:\\\/\\\/www.americanonewspaper.com\\\/es\\\/wp-content\\\/uploads\\\/2024\\\/02\\\/Crystal-Quintana-250x250.jpg\",\"contentUrl\":\"https:\\\/\\\/www.americanonewspaper.com\\\/es\\\/wp-content\\\/uploads\\\/2024\\\/02\\\/Crystal-Quintana-250x250.jpg\",\"caption\":\"Maria Quintana\"},\"url\":\"https:\\\/\\\/www.americanonewspaper.com\\\/es\\\/author\\\/crystal\\\/\"}]}<\/script>\n<!-- \/ Yoast SEO Premium plugin. -->","yoast_head_json":{"title":"Los incendios degradan 2.846 kil\u00f3metros cuadrados de la Amazon\u00eda - Americano Newspaper","description":"Los incendios en la Amazon\u00eda brasile\u00f1a degradaron una cifra r\u00e9cord de 2.846 kil\u00f3metros cuadrados de selva entre enero y abril pasados, seg\u00fan un estudio divulgado este martes por la organizaci\u00f3n ecologista Imazon.","robots":{"index":"index","follow":"follow","max-snippet":"max-snippet:-1","max-image-preview":"max-image-preview:large","max-video-preview":"max-video-preview:-1"},"canonical":"https:\/\/www.americanonewspaper.com\/es\/amazonia\/los-incendios-degradan-2-846-kilometros-cuadrados-de-la-amazonia\/","og_locale":"en_US","og_type":"article","og_title":"Los incendios degradan 2.846 kil\u00f3metros cuadrados de la Amazon\u00eda","og_description":"Los incendios en la Amazon\u00eda brasile\u00f1a degradaron una cifra r\u00e9cord de 2.846 kil\u00f3metros cuadrados de selva entre enero y abril pasados, seg\u00fan un estudio divulgado este martes por la organizaci\u00f3n ecologista Imazon.","og_url":"https:\/\/www.americanonewspaper.com\/es\/amazonia\/los-incendios-degradan-2-846-kilometros-cuadrados-de-la-amazonia\/","og_site_name":"Americano Newspaper","article_publisher":"https:\/\/www.facebook.com\/AmericanoNewspaper\/","article_published_time":"2024-05-21T21:17:58+00:00","article_modified_time":"2024-05-21T21:18:01+00:00","og_image":[{"width":900,"height":600,"url":"https:\/\/www.americanonewspaper.com\/es\/wp-content\/uploads\/2024\/05\/da73c3608903ede07429926e0245905253191172miniw.jpg","type":"image\/jpeg"}],"author":"Maria Quintana","twitter_card":"summary_large_image","twitter_misc":{"Written by":"Maria Quintana","Est. reading time":"2 minutes"},"schema":{"@context":"https:\/\/schema.org","@graph":[{"@type":"Article","@id":"https:\/\/www.americanonewspaper.com\/es\/amazonia\/los-incendios-degradan-2-846-kilometros-cuadrados-de-la-amazonia\/#article","isPartOf":{"@id":"https:\/\/www.americanonewspaper.com\/es\/amazonia\/los-incendios-degradan-2-846-kilometros-cuadrados-de-la-amazonia\/"},"author":{"name":"Maria Quintana","@id":"https:\/\/www.americanonewspaper.com\/es\/#\/schema\/person\/ff0825ff964ec074668f1d9571f5232d"},"headline":"Los incendios degradan 2.846 kil\u00f3metros cuadrados de la Amazon\u00eda","datePublished":"2024-05-21T21:17:58+00:00","dateModified":"2024-05-21T21:18:01+00:00","mainEntityOfPage":{"@id":"https:\/\/www.americanonewspaper.com\/es\/amazonia\/los-incendios-degradan-2-846-kilometros-cuadrados-de-la-amazonia\/"},"wordCount":279,"publisher":{"@id":"https:\/\/www.americanonewspaper.com\/es\/#organization"},"image":{"@id":"https:\/\/www.americanonewspaper.com\/es\/amazonia\/los-incendios-degradan-2-846-kilometros-cuadrados-de-la-amazonia\/#primaryimage"},"thumbnailUrl":"https:\/\/www.americanonewspaper.com\/es\/wp-content\/uploads\/2024\/05\/da73c3608903ede07429926e0245905253191172miniw.jpg","articleSection":["Amazon\u00eda","Brasil"],"inLanguage":"en-US"},{"@type":"WebPage","@id":"https:\/\/www.americanonewspaper.com\/es\/amazonia\/los-incendios-degradan-2-846-kilometros-cuadrados-de-la-amazonia\/","url":"https:\/\/www.americanonewspaper.com\/es\/amazonia\/los-incendios-degradan-2-846-kilometros-cuadrados-de-la-amazonia\/","name":"Los incendios degradan 2.846 kil\u00f3metros cuadrados de la Amazon\u00eda - Americano Newspaper","isPartOf":{"@id":"https:\/\/www.americanonewspaper.com\/es\/#website"},"primaryImageOfPage":{"@id":"https:\/\/www.americanonewspaper.com\/es\/amazonia\/los-incendios-degradan-2-846-kilometros-cuadrados-de-la-amazonia\/#primaryimage"},"image":{"@id":"https:\/\/www.americanonewspaper.com\/es\/amazonia\/los-incendios-degradan-2-846-kilometros-cuadrados-de-la-amazonia\/#primaryimage"},"thumbnailUrl":"https:\/\/www.americanonewspaper.com\/es\/wp-content\/uploads\/2024\/05\/da73c3608903ede07429926e0245905253191172miniw.jpg","datePublished":"2024-05-21T21:17:58+00:00","dateModified":"2024-05-21T21:18:01+00:00","description":"Los incendios en la Amazon\u00eda brasile\u00f1a degradaron una cifra r\u00e9cord de 2.846 kil\u00f3metros cuadrados de selva entre enero y abril pasados, seg\u00fan un estudio divulgado este martes por la organizaci\u00f3n ecologista Imazon.","breadcrumb":{"@id":"https:\/\/www.americanonewspaper.com\/es\/amazonia\/los-incendios-degradan-2-846-kilometros-cuadrados-de-la-amazonia\/#breadcrumb"},"inLanguage":"en-US","potentialAction":[{"@type":"ReadAction","target":["https:\/\/www.americanonewspaper.com\/es\/amazonia\/los-incendios-degradan-2-846-kilometros-cuadrados-de-la-amazonia\/"]}]},{"@type":"ImageObject","inLanguage":"en-US","@id":"https:\/\/www.americanonewspaper.com\/es\/amazonia\/los-incendios-degradan-2-846-kilometros-cuadrados-de-la-amazonia\/#primaryimage","url":"https:\/\/www.americanonewspaper.com\/es\/wp-content\/uploads\/2024\/05\/da73c3608903ede07429926e0245905253191172miniw.jpg","contentUrl":"https:\/\/www.americanonewspaper.com\/es\/wp-content\/uploads\/2024\/05\/da73c3608903ede07429926e0245905253191172miniw.jpg","width":900,"height":600,"caption":"Fotograf\u00eda de archivo de un incendio en la Amazon\u00eda de Brasil. EFE\/ Raphael Alves"},{"@type":"BreadcrumbList","@id":"https:\/\/www.americanonewspaper.com\/es\/amazonia\/los-incendios-degradan-2-846-kilometros-cuadrados-de-la-amazonia\/#breadcrumb","itemListElement":[{"@type":"ListItem","position":1,"name":"Home","item":"https:\/\/www.americanonewspaper.com\/es\/"},{"@type":"ListItem","position":2,"name":"Los incendios degradan 2.846 kil\u00f3metros cuadrados de la Amazon\u00eda"}]},{"@type":"WebSite","@id":"https:\/\/www.americanonewspaper.com\/es\/#website","url":"https:\/\/www.americanonewspaper.com\/es\/","name":"Americano Newspaper","description":"The Hispanic Newspaper of New Jersey.","publisher":{"@id":"https:\/\/www.americanonewspaper.com\/es\/#organization"},"potentialAction":[{"@type":"SearchAction","target":{"@type":"EntryPoint","urlTemplate":"https:\/\/www.americanonewspaper.com\/es\/?s={search_term_string}"},"query-input":{"@type":"PropertyValueSpecification","valueRequired":true,"valueName":"search_term_string"}}],"inLanguage":"en-US"},{"@type":"Organization","@id":"https:\/\/www.americanonewspaper.com\/es\/#organization","name":"Americano Newspaper","url":"https:\/\/www.americanonewspaper.com\/es\/","logo":{"@type":"ImageObject","inLanguage":"en-US","@id":"https:\/\/www.americanonewspaper.com\/es\/#\/schema\/logo\/image\/","url":"https:\/\/www.americanonewspaper.com\/es\/wp-content\/uploads\/2024\/05\/AmericanoLogoCircle.comCircle2.jpg","contentUrl":"https:\/\/www.americanonewspaper.com\/es\/wp-content\/uploads\/2024\/05\/AmericanoLogoCircle.comCircle2.jpg","width":600,"height":600,"caption":"Americano Newspaper"},"image":{"@id":"https:\/\/www.americanonewspaper.com\/es\/#\/schema\/logo\/image\/"},"sameAs":["https:\/\/www.facebook.com\/AmericanoNewspaper\/"]},{"@type":"Person","@id":"https:\/\/www.americanonewspaper.com\/es\/#\/schema\/person\/ff0825ff964ec074668f1d9571f5232d","name":"Maria Quintana","image":{"@type":"ImageObject","inLanguage":"en-US","@id":"https:\/\/www.americanonewspaper.com\/es\/wp-content\/uploads\/2024\/02\/Crystal-Quintana-250x250.jpg","url":"https:\/\/www.americanonewspaper.com\/es\/wp-content\/uploads\/2024\/02\/Crystal-Quintana-250x250.jpg","contentUrl":"https:\/\/www.americanonewspaper.com\/es\/wp-content\/uploads\/2024\/02\/Crystal-Quintana-250x250.jpg","caption":"Maria Quintana"},"url":"https:\/\/www.americanonewspaper.com\/es\/author\/crystal\/"}]}},"jetpack_publicize_connections":[],"jetpack_featured_media_url":"https:\/\/www.americanonewspaper.com\/es\/wp-content\/uploads\/2024\/05\/da73c3608903ede07429926e0245905253191172miniw.jpg","featured_image_urls":{"full":["https:\/\/www.americanonewspaper.com\/es\/wp-content\/uploads\/2024\/05\/da73c3608903ede07429926e0245905253191172miniw.jpg",900,600,false],"thumbnail":["https:\/\/www.americanonewspaper.com\/es\/wp-content\/uploads\/2024\/05\/da73c3608903ede07429926e0245905253191172miniw-250x250.jpg",250,250,true],"medium":["https:\/\/www.americanonewspaper.com\/es\/wp-content\/uploads\/2024\/05\/da73c3608903ede07429926e0245905253191172miniw-300x200.jpg",300,200,true],"medium_large":["https:\/\/www.americanonewspaper.com\/es\/wp-content\/uploads\/2024\/05\/da73c3608903ede07429926e0245905253191172miniw-768x512.jpg",696,464,true],"large":["https:\/\/www.americanonewspaper.com\/es\/wp-content\/uploads\/2024\/05\/da73c3608903ede07429926e0245905253191172miniw-750x500.jpg",696,464,true],"1536x1536":["https:\/\/www.americanonewspaper.com\/es\/wp-content\/uploads\/2024\/05\/da73c3608903ede07429926e0245905253191172miniw.jpg",900,600,false],"2048x2048":["https:\/\/www.americanonewspaper.com\/es\/wp-content\/uploads\/2024\/05\/da73c3608903ede07429926e0245905253191172miniw.jpg",900,600,false],"td_150x0":["https:\/\/www.americanonewspaper.com\/es\/wp-content\/uploads\/2024\/05\/da73c3608903ede07429926e0245905253191172miniw-150x100.jpg",150,100,true],"td_218x150":["https:\/\/www.americanonewspaper.com\/es\/wp-content\/uploads\/2024\/05\/da73c3608903ede07429926e0245905253191172miniw-218x150.jpg",218,150,true],"td_300x0":["https:\/\/www.americanonewspaper.com\/es\/wp-content\/uploads\/2024\/05\/da73c3608903ede07429926e0245905253191172miniw-300x200.jpg",300,200,true],"td_324x400":["https:\/\/www.americanonewspaper.com\/es\/wp-content\/uploads\/2024\/05\/da73c3608903ede07429926e0245905253191172miniw-324x400.jpg",324,400,true],"td_485x360":["https:\/\/www.americanonewspaper.com\/es\/wp-content\/uploads\/2024\/05\/da73c3608903ede07429926e0245905253191172miniw-485x360.jpg",485,360,true],"td_696x0":["https:\/\/www.americanonewspaper.com\/es\/wp-content\/uploads\/2024\/05\/da73c3608903ede07429926e0245905253191172miniw-696x464.jpg",696,464,true],"td_1068x0":["https:\/\/www.americanonewspaper.com\/es\/wp-content\/uploads\/2024\/05\/da73c3608903ede07429926e0245905253191172miniw.jpg",900,600,false],"td_1920x0":["https:\/\/www.americanonewspaper.com\/es\/wp-content\/uploads\/2024\/05\/da73c3608903ede07429926e0245905253191172miniw.jpg",900,600,false],"bdpp-medium":["https:\/\/www.americanonewspaper.com\/es\/wp-content\/uploads\/2024\/05\/da73c3608903ede07429926e0245905253191172miniw.jpg",640,427,false]},"author_info":{"display_name":"Maria Quintana","author_link":"https:\/\/www.americanonewspaper.com\/es\/author\/crystal\/"},"category_info":"<a href=\"https:\/\/www.americanonewspaper.com\/es\/category\/amazonia\/\" rel=\"category tag\">Amazon\u00eda<\/a> <a href=\"https:\/\/www.americanonewspaper.com\/es\/category\/brasil\/\" rel=\"category tag\">Brasil<\/a>","tag_info":"Brasil","comment_count":"0","jetpack_sharing_enabled":true,"jetpack_likes_enabled":true,"_links":{"self":[{"href":"https:\/\/www.americanonewspaper.com\/es\/wp-json\/wp\/v2\/posts\/22307","targetHints":{"allow":["GET"]}}],"collection":[{"href":"https:\/\/www.americanonewspaper.com\/es\/wp-json\/wp\/v2\/posts"}],"about":[{"href":"https:\/\/www.americanonewspaper.com\/es\/wp-json\/wp\/v2\/types\/post"}],"author":[{"embeddable":true,"href":"https:\/\/www.americanonewspaper.com\/es\/wp-json\/wp\/v2\/users\/12"}],"replies":[{"embeddable":true,"href":"https:\/\/www.americanonewspaper.com\/es\/wp-json\/wp\/v2\/comments?post=22307"}],"version-history":[{"count":1,"href":"https:\/\/www.americanonewspaper.com\/es\/wp-json\/wp\/v2\/posts\/22307\/revisions"}],"predecessor-version":[{"id":22309,"href":"https:\/\/www.americanonewspaper.com\/es\/wp-json\/wp\/v2\/posts\/22307\/revisions\/22309"}],"wp:featuredmedia":[{"embeddable":true,"href":"https:\/\/www.americanonewspaper.com\/es\/wp-json\/wp\/v2\/media\/22308"}],"wp:attachment":[{"href":"https:\/\/www.americanonewspaper.com\/es\/wp-json\/wp\/v2\/media?parent=22307"}],"wp:term":[{"taxonomy":"category","embeddable":true,"href":"https:\/\/www.americanonewspaper.com\/es\/wp-json\/wp\/v2\/categories?post=22307"},{"taxonomy":"post_tag","embeddable":true,"href":"https:\/\/www.americanonewspaper.com\/es\/wp-json\/wp\/v2\/tags?post=22307"}],"curies":[{"name":"wp","href":"https:\/\/api.w.org\/{rel}","templated":true}]}}