{"id":22224,"date":"2024-05-13T09:00:00","date_gmt":"2024-05-13T13:00:00","guid":{"rendered":"https:\/\/www.americanonewspaper.com\/es\/?p=22224"},"modified":"2024-05-13T00:28:59","modified_gmt":"2024-05-13T04:28:59","slug":"las-lluvias-se-intensifican-en-el-sur-de-brasil-y-la-situacion-puede-empeorar","status":"publish","type":"post","link":"https:\/\/www.americanonewspaper.com\/es\/brasil\/las-lluvias-se-intensifican-en-el-sur-de-brasil-y-la-situacion-puede-empeorar\/","title":{"rendered":"Las lluvias se intensifican en el sur de Brasil y la situaci\u00f3n puede empeorar"},"content":{"rendered":"\n<p>Porto Alegre (Brasil), (EFE).<\/p>\n\n\n\n<p class=\"has-drop-cap\">La tragedia que se vive en el sur de Brasil, donde las inundaciones por las fuertes lluvias que azotan la regi\u00f3n desde hace dos semanas ya han dejado 146 muertos y 132 desaparecidos, puede empeorar en las pr\u00f3ximas horas debido a la crecida de los r\u00edos por los temporales de este domingo.<\/p>\n\n\n\n<p>Seg\u00fan un nuevo reporte de la Defensa Civil, fueron registrados dos \u00f3bitos y siete desaparecidos adicionales.<\/p>\n\n\n\n<figure class=\"wp-block-gallery has-nested-images columns-default is-cropped wp-block-gallery-1 is-layout-flex wp-block-gallery-is-layout-flex\">\n<figure class=\"wp-block-image size-large\"><a href=\"https:\/\/www.facebook.com\/people\/Rancho-Taqueria\/100092427934454\/\" target=\"_blank\" rel=\"noreferrer noopener\"><img fetchpriority=\"high\" decoding=\"async\" width=\"800\" height=\"433\" data-id=\"22057\" src=\"https:\/\/www.americanonewspaper.com\/es\/wp-content\/uploads\/2024\/05\/WebRancho-1-800x433.jpg\" alt=\"\" class=\"wp-image-22057\" srcset=\"https:\/\/www.americanonewspaper.com\/es\/wp-content\/uploads\/2024\/05\/WebRancho-1-800x433.jpg 800w, https:\/\/www.americanonewspaper.com\/es\/wp-content\/uploads\/2024\/05\/WebRancho-1-300x162.jpg 300w, https:\/\/www.americanonewspaper.com\/es\/wp-content\/uploads\/2024\/05\/WebRancho-1-768x415.jpg 768w, https:\/\/www.americanonewspaper.com\/es\/wp-content\/uploads\/2024\/05\/WebRancho-1-150x81.jpg 150w, https:\/\/www.americanonewspaper.com\/es\/wp-content\/uploads\/2024\/05\/WebRancho-1-696x376.jpg 696w, https:\/\/www.americanonewspaper.com\/es\/wp-content\/uploads\/2024\/05\/WebRancho-1-1068x578.jpg 1068w, https:\/\/www.americanonewspaper.com\/es\/wp-content\/uploads\/2024\/05\/WebRancho-1.jpg 1200w\" sizes=\"(max-width: 800px) 100vw, 800px\" \/><\/a><\/figure>\n<\/figure>\n\n\n\n<p>Las alertas por el clima en la regi\u00f3n han dificultado las labores de rescate y las acciones se han concentrado en la distribuci\u00f3n de ayuda humanitaria a los 620.000 desplazados, de los cuales 82.200 est\u00e1n en albergues provisionales.<\/p>\n\n\n\n<p>En total son 2,1 millones de personas damnificadas por la falta de vivienda, alimentos, agua, energ\u00eda y servicios m\u00e9dicos.<\/p>\n\n\n\n<p>En Rio Grande do Sul, estado fronterizo con Argentina y Uruguay, se vive el panorama m\u00e1s dram\u00e1tico de la regi\u00f3n, pues las inundaciones ya dejan 145 muertos y 806 heridos.<\/p>\n\n\n\n<p>En el vecino estado de Santa Catarina, afectado en menor grado por la cat\u00e1strofe, se ha notificado un \u00f3bito, pero las cifras pueden cambiar en las pr\u00f3ximas horas por los temporales, que no dan tregua desde el amanecer en seis municipios fronterizos con Rio Grande do Sul.<\/p>\n\n\n\n<p>Las alertas emitidas este domingo por el Centro Nacional de Vigilancia y Alerta de Desastres (Cemaden) permanecen activas, especialmente en el Vale de Taquar\u00ed, una de las regiones m\u00e1s afectadas, y en Porto Alegre, la capital de Rio Grande do Sul, cuyo centro hist\u00f3rico permanece inundado y puede empeorar si el r\u00edo Gua\u00edba sobrepasa de nuevo los cinco metros.<\/p>\n\n\n\n<figure class=\"wp-block-gallery has-nested-images columns-default is-cropped wp-block-gallery-2 is-layout-flex wp-block-gallery-is-layout-flex\">\n<figure class=\"wp-block-image size-large\"><a href=\"https:\/\/patricia4senate.com\/es\/inicio\/\" target=\"_blank\" rel=\"noreferrer noopener\"><img decoding=\"async\" width=\"800\" height=\"367\" data-id=\"21991\" src=\"https:\/\/www.americanonewspaper.com\/es\/wp-content\/uploads\/2024\/04\/Patricia4SenateSpanish-800x367.jpg\" alt=\"\" class=\"wp-image-21991\" srcset=\"https:\/\/www.americanonewspaper.com\/es\/wp-content\/uploads\/2024\/04\/Patricia4SenateSpanish-800x367.jpg 800w, https:\/\/www.americanonewspaper.com\/es\/wp-content\/uploads\/2024\/04\/Patricia4SenateSpanish-300x138.jpg 300w, https:\/\/www.americanonewspaper.com\/es\/wp-content\/uploads\/2024\/04\/Patricia4SenateSpanish-768x352.jpg 768w, https:\/\/www.americanonewspaper.com\/es\/wp-content\/uploads\/2024\/04\/Patricia4SenateSpanish-150x69.jpg 150w, https:\/\/www.americanonewspaper.com\/es\/wp-content\/uploads\/2024\/04\/Patricia4SenateSpanish-696x319.jpg 696w, https:\/\/www.americanonewspaper.com\/es\/wp-content\/uploads\/2024\/04\/Patricia4SenateSpanish-1068x490.jpg 1068w, https:\/\/www.americanonewspaper.com\/es\/wp-content\/uploads\/2024\/04\/Patricia4SenateSpanish.jpg 1200w\" sizes=\"(max-width: 800px) 100vw, 800px\" \/><\/a><\/figure>\n<\/figure>\n\n\n\n<p>Seg\u00fan la entidad, el Gua\u00edba recibir\u00e1 entre el domingo y el lunes toda el agua que se mueve por las cuencas de los r\u00edos Jacu\u00ed, Taquari-Antas, Ca\u00ed, Sinos y Gravata\u00ed, todos crecidos.<\/p>\n\n\n\n<p>Las alarmas tambi\u00e9n contin\u00faan reforz\u00e1ndose para el municipio de Uruguaiana, en la frontera con Argentina, donde las aguas del R\u00edo Uruguay ya sobrepasaron los niveles cr\u00edticos y contin\u00faan creciendo.<\/p>\n\n\n\n<p>En el pa\u00eds vecino, los temporales ya se sienten en la ciudad de Concordia, donde las autoridades han tenido que evacuar a 547 personas, de las cuales, 329 fueron trasladadas a domicilios particulares y 218 a albergues.<\/p>\n\n\n\n<p>El gobernador de R\u00edo Grande do Sul, Eduardo Leite, reiter\u00f3 este domingo el llamado que ha hecho en los \u00faltimos d\u00edas para que los desplazados no vuelvan a sus hogares hasta que se normalice completamente la situaci\u00f3n, para evitar m\u00e1s tragedias humanas.<\/p>\n\n\n\n<figure class=\"wp-block-gallery has-nested-images columns-default is-cropped wp-block-gallery-3 is-layout-flex wp-block-gallery-is-layout-flex\">\n<figure class=\"wp-block-image size-large\"><a href=\"https:\/\/www.facebook.com\/people\/Villanuevas-Driving-School\/100090554964280\/\" target=\"_blank\" rel=\"noreferrer noopener\"><img decoding=\"async\" width=\"800\" height=\"361\" data-id=\"22002\" src=\"https:\/\/www.americanonewspaper.com\/es\/wp-content\/uploads\/2024\/04\/DrivingschoolSpanish-800x361.png\" alt=\"\" class=\"wp-image-22002\" srcset=\"https:\/\/www.americanonewspaper.com\/es\/wp-content\/uploads\/2024\/04\/DrivingschoolSpanish-800x361.png 800w, https:\/\/www.americanonewspaper.com\/es\/wp-content\/uploads\/2024\/04\/DrivingschoolSpanish-300x135.png 300w, https:\/\/www.americanonewspaper.com\/es\/wp-content\/uploads\/2024\/04\/DrivingschoolSpanish-768x346.png 768w, https:\/\/www.americanonewspaper.com\/es\/wp-content\/uploads\/2024\/04\/DrivingschoolSpanish-150x68.png 150w, https:\/\/www.americanonewspaper.com\/es\/wp-content\/uploads\/2024\/04\/DrivingschoolSpanish-696x314.png 696w, https:\/\/www.americanonewspaper.com\/es\/wp-content\/uploads\/2024\/04\/DrivingschoolSpanish-1068x481.png 1068w, https:\/\/www.americanonewspaper.com\/es\/wp-content\/uploads\/2024\/04\/DrivingschoolSpanish.png 1200w\" sizes=\"(max-width: 800px) 100vw, 800px\" \/><\/a><\/figure>\n<\/figure>\n\n\n\n<h2 class=\"wp-block-heading\" id=\"h-salvar-lo-que-se-pueda\"><strong>Salvar lo que se pueda<\/strong><\/h2>\n\n\n\n<p>No obstante, en varios municipios de R\u00edo Grande do Sul, algunos de los habitantes, que tuvieron que evacuar sus hogares, regresaron temporalmente a primeras horas del d\u00eda a sus casas, cuando las lluvias hab\u00edan menguado un poco, para intentar rescatar algunas pertenencias.<\/p>\n\n\n\n<p>As\u00ed lo pudo constatar EFE en el municipio de R\u00edo Pardo, en el centroeste del estado, donde solo algunos de los habitantes que viven cerca del r\u00edo que lleva el mismo nombre pudieron acceder a sus viviendas, pues varias quedaron cubiertas hasta el tejado.<\/p>\n\n\n\n<p>En medio de un infinito lodazal, las familias rebuscaban entre los destrozos objetos de valor sentimental que no podr\u00eda reponer ning\u00fan dinero, mientras miraban con desesperanza la destrucci\u00f3n que hab\u00eda dejado a su paso la fuerza de la naturaleza.<\/p>\n\n\n\n<figure class=\"wp-block-gallery has-nested-images columns-default is-cropped wp-block-gallery-4 is-layout-flex wp-block-gallery-is-layout-flex\">\n<figure class=\"wp-block-image size-large\"><a href=\"https:\/\/www.facebook.com\/villanuevasmultiservices\" target=\"_blank\" rel=\"noreferrer noopener\"><img loading=\"lazy\" decoding=\"async\" width=\"800\" height=\"368\" data-id=\"22003\" src=\"https:\/\/www.americanonewspaper.com\/es\/wp-content\/uploads\/2024\/04\/Screenshot-2024-04-27-at-8.03.23\u202fPM-800x368.png\" alt=\"\" class=\"wp-image-22003\" srcset=\"https:\/\/www.americanonewspaper.com\/es\/wp-content\/uploads\/2024\/04\/Screenshot-2024-04-27-at-8.03.23\u202fPM-800x368.png 800w, https:\/\/www.americanonewspaper.com\/es\/wp-content\/uploads\/2024\/04\/Screenshot-2024-04-27-at-8.03.23\u202fPM-300x138.png 300w, https:\/\/www.americanonewspaper.com\/es\/wp-content\/uploads\/2024\/04\/Screenshot-2024-04-27-at-8.03.23\u202fPM-768x353.png 768w, https:\/\/www.americanonewspaper.com\/es\/wp-content\/uploads\/2024\/04\/Screenshot-2024-04-27-at-8.03.23\u202fPM-1536x706.png 1536w, https:\/\/www.americanonewspaper.com\/es\/wp-content\/uploads\/2024\/04\/Screenshot-2024-04-27-at-8.03.23\u202fPM-2048x941.png 2048w, https:\/\/www.americanonewspaper.com\/es\/wp-content\/uploads\/2024\/04\/Screenshot-2024-04-27-at-8.03.23\u202fPM-150x69.png 150w, https:\/\/www.americanonewspaper.com\/es\/wp-content\/uploads\/2024\/04\/Screenshot-2024-04-27-at-8.03.23\u202fPM-696x320.png 696w, https:\/\/www.americanonewspaper.com\/es\/wp-content\/uploads\/2024\/04\/Screenshot-2024-04-27-at-8.03.23\u202fPM-1068x491.png 1068w, https:\/\/www.americanonewspaper.com\/es\/wp-content\/uploads\/2024\/04\/Screenshot-2024-04-27-at-8.03.23\u202fPM-1920x882.png 1920w\" sizes=\"(max-width: 800px) 100vw, 800px\" \/><\/a><\/figure>\n<\/figure>\n\n\n\n<p>Para Sandra Santos, una humilde mujer de 70 a\u00f1os, lo m\u00e1s triste fue perder las fotos de los cinco hijos que con mucho esfuerzo lograron sacar adelante con su esposo.<\/p>\n\n\n\n<p>&#8220;Nuestra vida nunca fue f\u00e1cil, fue de mucho sacrificio. Ver todo esto nos duele, duele mucho&#8221;, asegur\u00f3 a EFE.<\/p>\n","protected":false},"excerpt":{"rendered":"<p>Porto Alegre (Brasil), (EFE). La tragedia que se vive en el sur de Brasil, donde las inundaciones por las fuertes lluvias que azotan la regi\u00f3n desde hace dos semanas ya han dejado 146 muertos y 132 desaparecidos, puede empeorar en las pr\u00f3ximas horas debido a la crecida de los r\u00edos por los temporales de este [&hellip;]<\/p>\n","protected":false},"author":14,"featured_media":22225,"comment_status":"closed","ping_status":"open","sticky":true,"template":"","format":"standard","meta":{"_acf_changed":false,"tdm_status":"","tdm_grid_status":"","_jetpack_memberships_contains_paid_content":false,"footnotes":"","jetpack_publicize_message":"","jetpack_publicize_feature_enabled":true,"jetpack_social_post_already_shared":true,"jetpack_social_options":{"image_generator_settings":{"template":"highway","default_image_id":0,"font":"","enabled":false},"version":2},"_wpas_customize_per_network":false},"categories":[647,648,678,649],"tags":[],"class_list":{"0":"post-22224","1":"post","2":"type-post","3":"status-publish","4":"format-standard","5":"has-post-thumbnail","7":"category-brasil","8":"category-inundacion","9":"category-lluvia","10":"category-porto-alegre"},"acf":[],"yoast_head":"<!-- This site is optimized with the Yoast SEO Premium plugin v27.5 (Yoast SEO v27.5) - https:\/\/yoast.com\/product\/yoast-seo-premium-wordpress\/ -->\n<title>Las lluvias se intensifican en el sur de Brasil y la situaci\u00f3n puede empeorar - Americano Newspaper<\/title>\n<meta name=\"description\" content=\"La tragedia que se vive en el sur de Brasil, donde las inundaciones por las fuertes lluvias que azotan la regi\u00f3n desde hace dos semanas ya han dejado 146 muertos y 132 desaparecidos, puede empeorar en las pr\u00f3ximas horas debido a la crecida de los r\u00edos por los temporales de este domingo.\" \/>\n<meta name=\"robots\" content=\"index, follow, max-snippet:-1, max-image-preview:large, max-video-preview:-1\" \/>\n<link rel=\"canonical\" href=\"https:\/\/www.americanonewspaper.com\/es\/brasil\/las-lluvias-se-intensifican-en-el-sur-de-brasil-y-la-situacion-puede-empeorar\/\" \/>\n<meta property=\"og:locale\" content=\"en_US\" \/>\n<meta property=\"og:type\" content=\"article\" \/>\n<meta property=\"og:title\" content=\"Las lluvias se intensifican en el sur de Brasil y la situaci\u00f3n puede empeorar\" \/>\n<meta property=\"og:description\" content=\"La tragedia que se vive en el sur de Brasil, donde las inundaciones por las fuertes lluvias que azotan la regi\u00f3n desde hace dos semanas ya han dejado 146 muertos y 132 desaparecidos, puede empeorar en las pr\u00f3ximas horas debido a la crecida de los r\u00edos por los temporales de este domingo.\" \/>\n<meta property=\"og:url\" content=\"https:\/\/www.americanonewspaper.com\/es\/brasil\/las-lluvias-se-intensifican-en-el-sur-de-brasil-y-la-situacion-puede-empeorar\/\" \/>\n<meta property=\"og:site_name\" content=\"Americano Newspaper\" \/>\n<meta property=\"article:publisher\" content=\"https:\/\/www.facebook.com\/AmericanoNewspaper\/\" \/>\n<meta property=\"article:published_time\" content=\"2024-05-13T13:00:00+00:00\" \/>\n<meta property=\"og:image\" content=\"https:\/\/www.americanonewspaper.com\/es\/wp-content\/uploads\/2024\/05\/dd8552ab97d6dff0cc5f9f969ee0270577f0f276miniw.jpg\" \/>\n\t<meta property=\"og:image:width\" content=\"900\" \/>\n\t<meta property=\"og:image:height\" content=\"599\" \/>\n\t<meta property=\"og:image:type\" content=\"image\/jpeg\" \/>\n<meta name=\"author\" content=\"Harmony Quintana\" \/>\n<meta name=\"twitter:card\" content=\"summary_large_image\" \/>\n<meta name=\"twitter:label1\" content=\"Written by\" \/>\n\t<meta name=\"twitter:data1\" content=\"Harmony Quintana\" \/>\n\t<meta name=\"twitter:label2\" content=\"Est. reading time\" \/>\n\t<meta name=\"twitter:data2\" content=\"4 minutes\" \/>\n<script type=\"application\/ld+json\" class=\"yoast-schema-graph\">{\"@context\":\"https:\\\/\\\/schema.org\",\"@graph\":[{\"@type\":\"Article\",\"@id\":\"https:\\\/\\\/www.americanonewspaper.com\\\/es\\\/brasil\\\/las-lluvias-se-intensifican-en-el-sur-de-brasil-y-la-situacion-puede-empeorar\\\/#article\",\"isPartOf\":{\"@id\":\"https:\\\/\\\/www.americanonewspaper.com\\\/es\\\/brasil\\\/las-lluvias-se-intensifican-en-el-sur-de-brasil-y-la-situacion-puede-empeorar\\\/\"},\"author\":{\"name\":\"Harmony Quintana\",\"@id\":\"https:\\\/\\\/www.americanonewspaper.com\\\/es\\\/#\\\/schema\\\/person\\\/82c7c1ac5e9a005b627b6c7db5361c90\"},\"headline\":\"Las lluvias se intensifican en el sur de Brasil y la situaci\u00f3n puede empeorar\",\"datePublished\":\"2024-05-13T13:00:00+00:00\",\"mainEntityOfPage\":{\"@id\":\"https:\\\/\\\/www.americanonewspaper.com\\\/es\\\/brasil\\\/las-lluvias-se-intensifican-en-el-sur-de-brasil-y-la-situacion-puede-empeorar\\\/\"},\"wordCount\":632,\"publisher\":{\"@id\":\"https:\\\/\\\/www.americanonewspaper.com\\\/es\\\/#organization\"},\"image\":{\"@id\":\"https:\\\/\\\/www.americanonewspaper.com\\\/es\\\/brasil\\\/las-lluvias-se-intensifican-en-el-sur-de-brasil-y-la-situacion-puede-empeorar\\\/#primaryimage\"},\"thumbnailUrl\":\"https:\\\/\\\/www.americanonewspaper.com\\\/es\\\/wp-content\\\/uploads\\\/2024\\\/05\\\/dd8552ab97d6dff0cc5f9f969ee0270577f0f276miniw.jpg\",\"articleSection\":[\"Brasil\",\"Inundaci\u00f3n\",\"Lluvia\",\"Porto Alegre\"],\"inLanguage\":\"en-US\"},{\"@type\":\"WebPage\",\"@id\":\"https:\\\/\\\/www.americanonewspaper.com\\\/es\\\/brasil\\\/las-lluvias-se-intensifican-en-el-sur-de-brasil-y-la-situacion-puede-empeorar\\\/\",\"url\":\"https:\\\/\\\/www.americanonewspaper.com\\\/es\\\/brasil\\\/las-lluvias-se-intensifican-en-el-sur-de-brasil-y-la-situacion-puede-empeorar\\\/\",\"name\":\"Las lluvias se intensifican en el sur de Brasil y la situaci\u00f3n puede empeorar - Americano Newspaper\",\"isPartOf\":{\"@id\":\"https:\\\/\\\/www.americanonewspaper.com\\\/es\\\/#website\"},\"primaryImageOfPage\":{\"@id\":\"https:\\\/\\\/www.americanonewspaper.com\\\/es\\\/brasil\\\/las-lluvias-se-intensifican-en-el-sur-de-brasil-y-la-situacion-puede-empeorar\\\/#primaryimage\"},\"image\":{\"@id\":\"https:\\\/\\\/www.americanonewspaper.com\\\/es\\\/brasil\\\/las-lluvias-se-intensifican-en-el-sur-de-brasil-y-la-situacion-puede-empeorar\\\/#primaryimage\"},\"thumbnailUrl\":\"https:\\\/\\\/www.americanonewspaper.com\\\/es\\\/wp-content\\\/uploads\\\/2024\\\/05\\\/dd8552ab97d6dff0cc5f9f969ee0270577f0f276miniw.jpg\",\"datePublished\":\"2024-05-13T13:00:00+00:00\",\"description\":\"La tragedia que se vive en el sur de Brasil, donde las inundaciones por las fuertes lluvias que azotan la regi\u00f3n desde hace dos semanas ya han dejado 146 muertos y 132 desaparecidos, puede empeorar en las pr\u00f3ximas horas debido a la crecida de los r\u00edos por los temporales de este domingo.\",\"breadcrumb\":{\"@id\":\"https:\\\/\\\/www.americanonewspaper.com\\\/es\\\/brasil\\\/las-lluvias-se-intensifican-en-el-sur-de-brasil-y-la-situacion-puede-empeorar\\\/#breadcrumb\"},\"inLanguage\":\"en-US\",\"potentialAction\":[{\"@type\":\"ReadAction\",\"target\":[\"https:\\\/\\\/www.americanonewspaper.com\\\/es\\\/brasil\\\/las-lluvias-se-intensifican-en-el-sur-de-brasil-y-la-situacion-puede-empeorar\\\/\"]}]},{\"@type\":\"ImageObject\",\"inLanguage\":\"en-US\",\"@id\":\"https:\\\/\\\/www.americanonewspaper.com\\\/es\\\/brasil\\\/las-lluvias-se-intensifican-en-el-sur-de-brasil-y-la-situacion-puede-empeorar\\\/#primaryimage\",\"url\":\"https:\\\/\\\/www.americanonewspaper.com\\\/es\\\/wp-content\\\/uploads\\\/2024\\\/05\\\/dd8552ab97d6dff0cc5f9f969ee0270577f0f276miniw.jpg\",\"contentUrl\":\"https:\\\/\\\/www.americanonewspaper.com\\\/es\\\/wp-content\\\/uploads\\\/2024\\\/05\\\/dd8552ab97d6dff0cc5f9f969ee0270577f0f276miniw.jpg\",\"width\":900,\"height\":599,\"caption\":\"Un hombre transporta suministros en una tabla en medio de una calle inundada en el barrio de Humaita en Porto Alegre (Brasil). EFE\\\/Sebasti\u00e3o Moreira\"},{\"@type\":\"BreadcrumbList\",\"@id\":\"https:\\\/\\\/www.americanonewspaper.com\\\/es\\\/brasil\\\/las-lluvias-se-intensifican-en-el-sur-de-brasil-y-la-situacion-puede-empeorar\\\/#breadcrumb\",\"itemListElement\":[{\"@type\":\"ListItem\",\"position\":1,\"name\":\"Home\",\"item\":\"https:\\\/\\\/www.americanonewspaper.com\\\/es\\\/\"},{\"@type\":\"ListItem\",\"position\":2,\"name\":\"Las lluvias se intensifican en el sur de Brasil y la situaci\u00f3n puede empeorar\"}]},{\"@type\":\"WebSite\",\"@id\":\"https:\\\/\\\/www.americanonewspaper.com\\\/es\\\/#website\",\"url\":\"https:\\\/\\\/www.americanonewspaper.com\\\/es\\\/\",\"name\":\"Americano Newspaper\",\"description\":\"The Hispanic Newspaper of New Jersey.\",\"publisher\":{\"@id\":\"https:\\\/\\\/www.americanonewspaper.com\\\/es\\\/#organization\"},\"potentialAction\":[{\"@type\":\"SearchAction\",\"target\":{\"@type\":\"EntryPoint\",\"urlTemplate\":\"https:\\\/\\\/www.americanonewspaper.com\\\/es\\\/?s={search_term_string}\"},\"query-input\":{\"@type\":\"PropertyValueSpecification\",\"valueRequired\":true,\"valueName\":\"search_term_string\"}}],\"inLanguage\":\"en-US\"},{\"@type\":\"Organization\",\"@id\":\"https:\\\/\\\/www.americanonewspaper.com\\\/es\\\/#organization\",\"name\":\"Americano Newspaper\",\"url\":\"https:\\\/\\\/www.americanonewspaper.com\\\/es\\\/\",\"logo\":{\"@type\":\"ImageObject\",\"inLanguage\":\"en-US\",\"@id\":\"https:\\\/\\\/www.americanonewspaper.com\\\/es\\\/#\\\/schema\\\/logo\\\/image\\\/\",\"url\":\"https:\\\/\\\/www.americanonewspaper.com\\\/es\\\/wp-content\\\/uploads\\\/2024\\\/05\\\/AmericanoLogoCircle.comCircle2.jpg\",\"contentUrl\":\"https:\\\/\\\/www.americanonewspaper.com\\\/es\\\/wp-content\\\/uploads\\\/2024\\\/05\\\/AmericanoLogoCircle.comCircle2.jpg\",\"width\":600,\"height\":600,\"caption\":\"Americano Newspaper\"},\"image\":{\"@id\":\"https:\\\/\\\/www.americanonewspaper.com\\\/es\\\/#\\\/schema\\\/logo\\\/image\\\/\"},\"sameAs\":[\"https:\\\/\\\/www.facebook.com\\\/AmericanoNewspaper\\\/\"]},{\"@type\":\"Person\",\"@id\":\"https:\\\/\\\/www.americanonewspaper.com\\\/es\\\/#\\\/schema\\\/person\\\/82c7c1ac5e9a005b627b6c7db5361c90\",\"name\":\"Harmony Quintana\",\"image\":{\"@type\":\"ImageObject\",\"inLanguage\":\"en-US\",\"@id\":\"https:\\\/\\\/www.americanonewspaper.com\\\/es\\\/wp-content\\\/litespeed\\\/avatar\\\/656e5d40e40a67e90b0fee2acae8a764.jpg?ver=1777427866\",\"url\":\"https:\\\/\\\/www.americanonewspaper.com\\\/es\\\/wp-content\\\/litespeed\\\/avatar\\\/656e5d40e40a67e90b0fee2acae8a764.jpg?ver=1777427866\",\"contentUrl\":\"https:\\\/\\\/www.americanonewspaper.com\\\/es\\\/wp-content\\\/litespeed\\\/avatar\\\/656e5d40e40a67e90b0fee2acae8a764.jpg?ver=1777427866\",\"caption\":\"Harmony Quintana\"},\"sameAs\":[\"http:\\\/\\\/www.americanonewspaper.com\"],\"url\":\"https:\\\/\\\/www.americanonewspaper.com\\\/es\\\/author\\\/harmony\\\/\"}]}<\/script>\n<!-- \/ Yoast SEO Premium plugin. -->","yoast_head_json":{"title":"Las lluvias se intensifican en el sur de Brasil y la situaci\u00f3n puede empeorar - Americano Newspaper","description":"La tragedia que se vive en el sur de Brasil, donde las inundaciones por las fuertes lluvias que azotan la regi\u00f3n desde hace dos semanas ya han dejado 146 muertos y 132 desaparecidos, puede empeorar en las pr\u00f3ximas horas debido a la crecida de los r\u00edos por los temporales de este domingo.","robots":{"index":"index","follow":"follow","max-snippet":"max-snippet:-1","max-image-preview":"max-image-preview:large","max-video-preview":"max-video-preview:-1"},"canonical":"https:\/\/www.americanonewspaper.com\/es\/brasil\/las-lluvias-se-intensifican-en-el-sur-de-brasil-y-la-situacion-puede-empeorar\/","og_locale":"en_US","og_type":"article","og_title":"Las lluvias se intensifican en el sur de Brasil y la situaci\u00f3n puede empeorar","og_description":"La tragedia que se vive en el sur de Brasil, donde las inundaciones por las fuertes lluvias que azotan la regi\u00f3n desde hace dos semanas ya han dejado 146 muertos y 132 desaparecidos, puede empeorar en las pr\u00f3ximas horas debido a la crecida de los r\u00edos por los temporales de este domingo.","og_url":"https:\/\/www.americanonewspaper.com\/es\/brasil\/las-lluvias-se-intensifican-en-el-sur-de-brasil-y-la-situacion-puede-empeorar\/","og_site_name":"Americano Newspaper","article_publisher":"https:\/\/www.facebook.com\/AmericanoNewspaper\/","article_published_time":"2024-05-13T13:00:00+00:00","og_image":[{"width":900,"height":599,"url":"https:\/\/www.americanonewspaper.com\/es\/wp-content\/uploads\/2024\/05\/dd8552ab97d6dff0cc5f9f969ee0270577f0f276miniw.jpg","type":"image\/jpeg"}],"author":"Harmony Quintana","twitter_card":"summary_large_image","twitter_misc":{"Written by":"Harmony Quintana","Est. reading time":"4 minutes"},"schema":{"@context":"https:\/\/schema.org","@graph":[{"@type":"Article","@id":"https:\/\/www.americanonewspaper.com\/es\/brasil\/las-lluvias-se-intensifican-en-el-sur-de-brasil-y-la-situacion-puede-empeorar\/#article","isPartOf":{"@id":"https:\/\/www.americanonewspaper.com\/es\/brasil\/las-lluvias-se-intensifican-en-el-sur-de-brasil-y-la-situacion-puede-empeorar\/"},"author":{"name":"Harmony Quintana","@id":"https:\/\/www.americanonewspaper.com\/es\/#\/schema\/person\/82c7c1ac5e9a005b627b6c7db5361c90"},"headline":"Las lluvias se intensifican en el sur de Brasil y la situaci\u00f3n puede empeorar","datePublished":"2024-05-13T13:00:00+00:00","mainEntityOfPage":{"@id":"https:\/\/www.americanonewspaper.com\/es\/brasil\/las-lluvias-se-intensifican-en-el-sur-de-brasil-y-la-situacion-puede-empeorar\/"},"wordCount":632,"publisher":{"@id":"https:\/\/www.americanonewspaper.com\/es\/#organization"},"image":{"@id":"https:\/\/www.americanonewspaper.com\/es\/brasil\/las-lluvias-se-intensifican-en-el-sur-de-brasil-y-la-situacion-puede-empeorar\/#primaryimage"},"thumbnailUrl":"https:\/\/www.americanonewspaper.com\/es\/wp-content\/uploads\/2024\/05\/dd8552ab97d6dff0cc5f9f969ee0270577f0f276miniw.jpg","articleSection":["Brasil","Inundaci\u00f3n","Lluvia","Porto Alegre"],"inLanguage":"en-US"},{"@type":"WebPage","@id":"https:\/\/www.americanonewspaper.com\/es\/brasil\/las-lluvias-se-intensifican-en-el-sur-de-brasil-y-la-situacion-puede-empeorar\/","url":"https:\/\/www.americanonewspaper.com\/es\/brasil\/las-lluvias-se-intensifican-en-el-sur-de-brasil-y-la-situacion-puede-empeorar\/","name":"Las lluvias se intensifican en el sur de Brasil y la situaci\u00f3n puede empeorar - Americano Newspaper","isPartOf":{"@id":"https:\/\/www.americanonewspaper.com\/es\/#website"},"primaryImageOfPage":{"@id":"https:\/\/www.americanonewspaper.com\/es\/brasil\/las-lluvias-se-intensifican-en-el-sur-de-brasil-y-la-situacion-puede-empeorar\/#primaryimage"},"image":{"@id":"https:\/\/www.americanonewspaper.com\/es\/brasil\/las-lluvias-se-intensifican-en-el-sur-de-brasil-y-la-situacion-puede-empeorar\/#primaryimage"},"thumbnailUrl":"https:\/\/www.americanonewspaper.com\/es\/wp-content\/uploads\/2024\/05\/dd8552ab97d6dff0cc5f9f969ee0270577f0f276miniw.jpg","datePublished":"2024-05-13T13:00:00+00:00","description":"La tragedia que se vive en el sur de Brasil, donde las inundaciones por las fuertes lluvias que azotan la regi\u00f3n desde hace dos semanas ya han dejado 146 muertos y 132 desaparecidos, puede empeorar en las pr\u00f3ximas horas debido a la crecida de los r\u00edos por los temporales de este domingo.","breadcrumb":{"@id":"https:\/\/www.americanonewspaper.com\/es\/brasil\/las-lluvias-se-intensifican-en-el-sur-de-brasil-y-la-situacion-puede-empeorar\/#breadcrumb"},"inLanguage":"en-US","potentialAction":[{"@type":"ReadAction","target":["https:\/\/www.americanonewspaper.com\/es\/brasil\/las-lluvias-se-intensifican-en-el-sur-de-brasil-y-la-situacion-puede-empeorar\/"]}]},{"@type":"ImageObject","inLanguage":"en-US","@id":"https:\/\/www.americanonewspaper.com\/es\/brasil\/las-lluvias-se-intensifican-en-el-sur-de-brasil-y-la-situacion-puede-empeorar\/#primaryimage","url":"https:\/\/www.americanonewspaper.com\/es\/wp-content\/uploads\/2024\/05\/dd8552ab97d6dff0cc5f9f969ee0270577f0f276miniw.jpg","contentUrl":"https:\/\/www.americanonewspaper.com\/es\/wp-content\/uploads\/2024\/05\/dd8552ab97d6dff0cc5f9f969ee0270577f0f276miniw.jpg","width":900,"height":599,"caption":"Un hombre transporta suministros en una tabla en medio de una calle inundada en el barrio de Humaita en Porto Alegre (Brasil). EFE\/Sebasti\u00e3o Moreira"},{"@type":"BreadcrumbList","@id":"https:\/\/www.americanonewspaper.com\/es\/brasil\/las-lluvias-se-intensifican-en-el-sur-de-brasil-y-la-situacion-puede-empeorar\/#breadcrumb","itemListElement":[{"@type":"ListItem","position":1,"name":"Home","item":"https:\/\/www.americanonewspaper.com\/es\/"},{"@type":"ListItem","position":2,"name":"Las lluvias se intensifican en el sur de Brasil y la situaci\u00f3n puede empeorar"}]},{"@type":"WebSite","@id":"https:\/\/www.americanonewspaper.com\/es\/#website","url":"https:\/\/www.americanonewspaper.com\/es\/","name":"Americano Newspaper","description":"The Hispanic Newspaper of New Jersey.","publisher":{"@id":"https:\/\/www.americanonewspaper.com\/es\/#organization"},"potentialAction":[{"@type":"SearchAction","target":{"@type":"EntryPoint","urlTemplate":"https:\/\/www.americanonewspaper.com\/es\/?s={search_term_string}"},"query-input":{"@type":"PropertyValueSpecification","valueRequired":true,"valueName":"search_term_string"}}],"inLanguage":"en-US"},{"@type":"Organization","@id":"https:\/\/www.americanonewspaper.com\/es\/#organization","name":"Americano Newspaper","url":"https:\/\/www.americanonewspaper.com\/es\/","logo":{"@type":"ImageObject","inLanguage":"en-US","@id":"https:\/\/www.americanonewspaper.com\/es\/#\/schema\/logo\/image\/","url":"https:\/\/www.americanonewspaper.com\/es\/wp-content\/uploads\/2024\/05\/AmericanoLogoCircle.comCircle2.jpg","contentUrl":"https:\/\/www.americanonewspaper.com\/es\/wp-content\/uploads\/2024\/05\/AmericanoLogoCircle.comCircle2.jpg","width":600,"height":600,"caption":"Americano Newspaper"},"image":{"@id":"https:\/\/www.americanonewspaper.com\/es\/#\/schema\/logo\/image\/"},"sameAs":["https:\/\/www.facebook.com\/AmericanoNewspaper\/"]},{"@type":"Person","@id":"https:\/\/www.americanonewspaper.com\/es\/#\/schema\/person\/82c7c1ac5e9a005b627b6c7db5361c90","name":"Harmony Quintana","image":{"@type":"ImageObject","inLanguage":"en-US","@id":"https:\/\/www.americanonewspaper.com\/es\/wp-content\/litespeed\/avatar\/656e5d40e40a67e90b0fee2acae8a764.jpg?ver=1777427866","url":"https:\/\/www.americanonewspaper.com\/es\/wp-content\/litespeed\/avatar\/656e5d40e40a67e90b0fee2acae8a764.jpg?ver=1777427866","contentUrl":"https:\/\/www.americanonewspaper.com\/es\/wp-content\/litespeed\/avatar\/656e5d40e40a67e90b0fee2acae8a764.jpg?ver=1777427866","caption":"Harmony Quintana"},"sameAs":["http:\/\/www.americanonewspaper.com"],"url":"https:\/\/www.americanonewspaper.com\/es\/author\/harmony\/"}]}},"jetpack_publicize_connections":[],"jetpack_featured_media_url":"https:\/\/www.americanonewspaper.com\/es\/wp-content\/uploads\/2024\/05\/dd8552ab97d6dff0cc5f9f969ee0270577f0f276miniw.jpg","featured_image_urls":{"full":["https:\/\/www.americanonewspaper.com\/es\/wp-content\/uploads\/2024\/05\/dd8552ab97d6dff0cc5f9f969ee0270577f0f276miniw.jpg",900,599,false],"thumbnail":["https:\/\/www.americanonewspaper.com\/es\/wp-content\/uploads\/2024\/05\/dd8552ab97d6dff0cc5f9f969ee0270577f0f276miniw-250x250.jpg",250,250,true],"medium":["https:\/\/www.americanonewspaper.com\/es\/wp-content\/uploads\/2024\/05\/dd8552ab97d6dff0cc5f9f969ee0270577f0f276miniw-300x200.jpg",300,200,true],"medium_large":["https:\/\/www.americanonewspaper.com\/es\/wp-content\/uploads\/2024\/05\/dd8552ab97d6dff0cc5f9f969ee0270577f0f276miniw-768x511.jpg",696,463,true],"large":["https:\/\/www.americanonewspaper.com\/es\/wp-content\/uploads\/2024\/05\/dd8552ab97d6dff0cc5f9f969ee0270577f0f276miniw-751x500.jpg",696,463,true],"1536x1536":["https:\/\/www.americanonewspaper.com\/es\/wp-content\/uploads\/2024\/05\/dd8552ab97d6dff0cc5f9f969ee0270577f0f276miniw.jpg",900,599,false],"2048x2048":["https:\/\/www.americanonewspaper.com\/es\/wp-content\/uploads\/2024\/05\/dd8552ab97d6dff0cc5f9f969ee0270577f0f276miniw.jpg",900,599,false],"td_150x0":["https:\/\/www.americanonewspaper.com\/es\/wp-content\/uploads\/2024\/05\/dd8552ab97d6dff0cc5f9f969ee0270577f0f276miniw-150x100.jpg",150,100,true],"td_218x150":["https:\/\/www.americanonewspaper.com\/es\/wp-content\/uploads\/2024\/05\/dd8552ab97d6dff0cc5f9f969ee0270577f0f276miniw-218x150.jpg",218,150,true],"td_300x0":["https:\/\/www.americanonewspaper.com\/es\/wp-content\/uploads\/2024\/05\/dd8552ab97d6dff0cc5f9f969ee0270577f0f276miniw-300x200.jpg",300,200,true],"td_324x400":["https:\/\/www.americanonewspaper.com\/es\/wp-content\/uploads\/2024\/05\/dd8552ab97d6dff0cc5f9f969ee0270577f0f276miniw-324x400.jpg",324,400,true],"td_485x360":["https:\/\/www.americanonewspaper.com\/es\/wp-content\/uploads\/2024\/05\/dd8552ab97d6dff0cc5f9f969ee0270577f0f276miniw-485x360.jpg",485,360,true],"td_696x0":["https:\/\/www.americanonewspaper.com\/es\/wp-content\/uploads\/2024\/05\/dd8552ab97d6dff0cc5f9f969ee0270577f0f276miniw-696x463.jpg",696,463,true],"td_1068x0":["https:\/\/www.americanonewspaper.com\/es\/wp-content\/uploads\/2024\/05\/dd8552ab97d6dff0cc5f9f969ee0270577f0f276miniw.jpg",900,599,false],"td_1920x0":["https:\/\/www.americanonewspaper.com\/es\/wp-content\/uploads\/2024\/05\/dd8552ab97d6dff0cc5f9f969ee0270577f0f276miniw.jpg",900,599,false],"bdpp-medium":["https:\/\/www.americanonewspaper.com\/es\/wp-content\/uploads\/2024\/05\/dd8552ab97d6dff0cc5f9f969ee0270577f0f276miniw.jpg",640,426,false]},"author_info":{"display_name":"Harmony Quintana","author_link":"https:\/\/www.americanonewspaper.com\/es\/author\/harmony\/"},"category_info":"<a href=\"https:\/\/www.americanonewspaper.com\/es\/category\/brasil\/\" rel=\"category tag\">Brasil<\/a> <a href=\"https:\/\/www.americanonewspaper.com\/es\/category\/inundacion\/\" rel=\"category tag\">Inundaci\u00f3n<\/a> <a href=\"https:\/\/www.americanonewspaper.com\/es\/category\/lluvia\/\" rel=\"category tag\">Lluvia<\/a> <a href=\"https:\/\/www.americanonewspaper.com\/es\/category\/porto-alegre\/\" rel=\"category tag\">Porto Alegre<\/a>","tag_info":"Porto Alegre","comment_count":"0","jetpack_sharing_enabled":true,"jetpack_likes_enabled":true,"_links":{"self":[{"href":"https:\/\/www.americanonewspaper.com\/es\/wp-json\/wp\/v2\/posts\/22224","targetHints":{"allow":["GET"]}}],"collection":[{"href":"https:\/\/www.americanonewspaper.com\/es\/wp-json\/wp\/v2\/posts"}],"about":[{"href":"https:\/\/www.americanonewspaper.com\/es\/wp-json\/wp\/v2\/types\/post"}],"author":[{"embeddable":true,"href":"https:\/\/www.americanonewspaper.com\/es\/wp-json\/wp\/v2\/users\/14"}],"replies":[{"embeddable":true,"href":"https:\/\/www.americanonewspaper.com\/es\/wp-json\/wp\/v2\/comments?post=22224"}],"version-history":[{"count":1,"href":"https:\/\/www.americanonewspaper.com\/es\/wp-json\/wp\/v2\/posts\/22224\/revisions"}],"predecessor-version":[{"id":22226,"href":"https:\/\/www.americanonewspaper.com\/es\/wp-json\/wp\/v2\/posts\/22224\/revisions\/22226"}],"wp:featuredmedia":[{"embeddable":true,"href":"https:\/\/www.americanonewspaper.com\/es\/wp-json\/wp\/v2\/media\/22225"}],"wp:attachment":[{"href":"https:\/\/www.americanonewspaper.com\/es\/wp-json\/wp\/v2\/media?parent=22224"}],"wp:term":[{"taxonomy":"category","embeddable":true,"href":"https:\/\/www.americanonewspaper.com\/es\/wp-json\/wp\/v2\/categories?post=22224"},{"taxonomy":"post_tag","embeddable":true,"href":"https:\/\/www.americanonewspaper.com\/es\/wp-json\/wp\/v2\/tags?post=22224"}],"curies":[{"name":"wp","href":"https:\/\/api.w.org\/{rel}","templated":true}]}}