{"id":22178,"date":"2024-05-10T09:00:00","date_gmt":"2024-05-10T13:00:00","guid":{"rendered":"https:\/\/www.americanonewspaper.com\/es\/?p=22178"},"modified":"2024-05-09T22:22:05","modified_gmt":"2024-05-10T02:22:05","slug":"las-inundaciones-en-uruguay-dejan-mas-de-2-000-desplazados-y-plantaciones-afectadas","status":"publish","type":"post","link":"https:\/\/www.americanonewspaper.com\/es\/uruguay\/las-inundaciones-en-uruguay-dejan-mas-de-2-000-desplazados-y-plantaciones-afectadas\/","title":{"rendered":"Las inundaciones en Uruguay dejan m\u00e1s de 2.000 desplazados y plantaciones afectadas"},"content":{"rendered":"\n<p>Montevideo, (EFE).<\/p>\n\n\n\n<p class=\"has-drop-cap\">Las inundaciones que afectan a Uruguay dejan hasta el momento a m\u00e1s de 2.000 personas desplazadas de sus hogares y plantaciones comprometidas.<\/p>\n\n\n\n<p>Seg\u00fan el \u00faltimo reporte presentado por el Sistema Nacional de Emergencias, 2.184 personas han tenido que desplazarse en diez departamentos (provincias) del pa\u00eds sudamericano. De est\u00e1s, 534 fueron evacuadas y 1.650 son autoevacuadas.<\/p>\n\n\n\n<p>Estos n\u00fameros indican que la cifra pr\u00e1cticamente se duplic\u00f3 en las \u00faltimas 24 horas.<\/p>\n\n\n\n<figure class=\"wp-block-gallery has-nested-images columns-default is-cropped wp-block-gallery-1 is-layout-flex wp-block-gallery-is-layout-flex\">\n<figure class=\"wp-block-image size-large\"><a href=\"https:\/\/patricia4senate.com\/es\/inicio\/\" target=\"_blank\" rel=\"noreferrer noopener\"><img fetchpriority=\"high\" decoding=\"async\" width=\"800\" height=\"367\" data-id=\"22001\" src=\"https:\/\/www.americanonewspaper.com\/es\/wp-content\/uploads\/2024\/04\/Patricia4SenateSpanish-1-800x367.jpg\" alt=\"\" class=\"wp-image-22001\" srcset=\"https:\/\/www.americanonewspaper.com\/es\/wp-content\/uploads\/2024\/04\/Patricia4SenateSpanish-1-800x367.jpg 800w, https:\/\/www.americanonewspaper.com\/es\/wp-content\/uploads\/2024\/04\/Patricia4SenateSpanish-1-300x138.jpg 300w, https:\/\/www.americanonewspaper.com\/es\/wp-content\/uploads\/2024\/04\/Patricia4SenateSpanish-1-768x352.jpg 768w, https:\/\/www.americanonewspaper.com\/es\/wp-content\/uploads\/2024\/04\/Patricia4SenateSpanish-1-150x69.jpg 150w, https:\/\/www.americanonewspaper.com\/es\/wp-content\/uploads\/2024\/04\/Patricia4SenateSpanish-1-696x319.jpg 696w, https:\/\/www.americanonewspaper.com\/es\/wp-content\/uploads\/2024\/04\/Patricia4SenateSpanish-1-1068x490.jpg 1068w, https:\/\/www.americanonewspaper.com\/es\/wp-content\/uploads\/2024\/04\/Patricia4SenateSpanish-1.jpg 1200w\" sizes=\"(max-width: 800px) 100vw, 800px\" \/><\/a><\/figure>\n<\/figure>\n\n\n\n<p>Del total de afectados, 1.130 se encuentran en el departamento de Treinta y Tres, 454 en Paysand\u00fa, 243 en Salto, 130 en Cerro Largo, 109 en Durazno, 46 en Tacuaremb\u00f3, 25 en Artigas, 23 en Rocha, 14 en Soriano y 10 en R\u00edo Negro.<\/p>\n\n\n\n<p>Asimismo, diez rutas nacionales se encuentran cortadas, una de estas en dos lugares diferentes, al tiempo que cerca de 2.800 hogares tienen interrumpido el servicio de electricidad, pese a que la empresa estatal que se encarga de esta ya restableci\u00f3 el del 90 % de los afectados.<\/p>\n\n\n\n<figure class=\"wp-block-gallery has-nested-images columns-default is-cropped wp-block-gallery-2 is-layout-flex wp-block-gallery-is-layout-flex\">\n<figure class=\"wp-block-image size-large\"><a href=\"https:\/\/www.facebook.com\/people\/Rancho-Taqueria\/100092427934454\/\" target=\"_blank\" rel=\"noreferrer noopener\"><img decoding=\"async\" width=\"800\" height=\"433\" data-id=\"22057\" src=\"https:\/\/www.americanonewspaper.com\/es\/wp-content\/uploads\/2024\/05\/WebRancho-1-800x433.jpg\" alt=\"\" class=\"wp-image-22057\" srcset=\"https:\/\/www.americanonewspaper.com\/es\/wp-content\/uploads\/2024\/05\/WebRancho-1-800x433.jpg 800w, https:\/\/www.americanonewspaper.com\/es\/wp-content\/uploads\/2024\/05\/WebRancho-1-300x162.jpg 300w, https:\/\/www.americanonewspaper.com\/es\/wp-content\/uploads\/2024\/05\/WebRancho-1-768x415.jpg 768w, https:\/\/www.americanonewspaper.com\/es\/wp-content\/uploads\/2024\/05\/WebRancho-1-150x81.jpg 150w, https:\/\/www.americanonewspaper.com\/es\/wp-content\/uploads\/2024\/05\/WebRancho-1-696x376.jpg 696w, https:\/\/www.americanonewspaper.com\/es\/wp-content\/uploads\/2024\/05\/WebRancho-1-1068x578.jpg 1068w, https:\/\/www.americanonewspaper.com\/es\/wp-content\/uploads\/2024\/05\/WebRancho-1.jpg 1200w\" sizes=\"(max-width: 800px) 100vw, 800px\" \/><\/a><\/figure>\n<\/figure>\n\n\n\n<p>Por otra parte, el presidente de la Asociaci\u00f3n de Cultivadores de Arroz, Alfredo Lago, indic\u00f3 este jueves a la Agencia EFE que unas 4.000 hect\u00e1reas de arroz se encuentran afectadas y no podr\u00e1n ser cosechadas o deber\u00e1n serlo parcialmente. Esto generar\u00e1 p\u00e9rdidas cercanas a los 15 millones de d\u00f3lares.<\/p>\n\n\n\n<p>Hasta el momento, los productores ya cosecharon el 90 % de las cerca de 150.000 hect\u00e1reas que se plantaron y a\u00fan restan unas 15.000.<\/p>\n\n\n\n<figure class=\"wp-block-gallery has-nested-images columns-default is-cropped wp-block-gallery-3 is-layout-flex wp-block-gallery-is-layout-flex\">\n<figure class=\"wp-block-image size-large\"><a href=\"https:\/\/www.facebook.com\/people\/Villanuevas-Driving-School\/100090554964280\/\" target=\"_blank\" rel=\"noreferrer noopener\"><img decoding=\"async\" width=\"800\" height=\"361\" data-id=\"22002\" src=\"https:\/\/www.americanonewspaper.com\/es\/wp-content\/uploads\/2024\/04\/DrivingschoolSpanish-800x361.png\" alt=\"\" class=\"wp-image-22002\" srcset=\"https:\/\/www.americanonewspaper.com\/es\/wp-content\/uploads\/2024\/04\/DrivingschoolSpanish-800x361.png 800w, https:\/\/www.americanonewspaper.com\/es\/wp-content\/uploads\/2024\/04\/DrivingschoolSpanish-300x135.png 300w, https:\/\/www.americanonewspaper.com\/es\/wp-content\/uploads\/2024\/04\/DrivingschoolSpanish-768x346.png 768w, https:\/\/www.americanonewspaper.com\/es\/wp-content\/uploads\/2024\/04\/DrivingschoolSpanish-150x68.png 150w, https:\/\/www.americanonewspaper.com\/es\/wp-content\/uploads\/2024\/04\/DrivingschoolSpanish-696x314.png 696w, https:\/\/www.americanonewspaper.com\/es\/wp-content\/uploads\/2024\/04\/DrivingschoolSpanish-1068x481.png 1068w, https:\/\/www.americanonewspaper.com\/es\/wp-content\/uploads\/2024\/04\/DrivingschoolSpanish.png 1200w\" sizes=\"(max-width: 800px) 100vw, 800px\" \/><\/a><\/figure>\n<\/figure>\n\n\n\n<p>De estas, hay cerca de 11.000 que ya comenzaron a cosecharse o que comenzar\u00e1 a hacerse cuando el agua que afecta a los caminos permita el ingreso y la salida de los camiones.<\/p>\n\n\n\n<p>Adem\u00e1s, plantaciones de otros productos como la soja tambi\u00e9n fueron afectados por las precipitaciones, que en algunos departamentos fueron de hasta 74 mil\u00edmetros.<\/p>\n\n\n\n<figure class=\"wp-block-gallery has-nested-images columns-default is-cropped wp-block-gallery-4 is-layout-flex wp-block-gallery-is-layout-flex\">\n<figure class=\"wp-block-image size-large\"><a href=\"https:\/\/www.facebook.com\/villanuevasmultiservices\" target=\"_blank\" rel=\"noreferrer noopener\"><img loading=\"lazy\" decoding=\"async\" width=\"800\" height=\"368\" data-id=\"22003\" src=\"https:\/\/www.americanonewspaper.com\/es\/wp-content\/uploads\/2024\/04\/Screenshot-2024-04-27-at-8.03.23\u202fPM-800x368.png\" alt=\"\" class=\"wp-image-22003\" srcset=\"https:\/\/www.americanonewspaper.com\/es\/wp-content\/uploads\/2024\/04\/Screenshot-2024-04-27-at-8.03.23\u202fPM-800x368.png 800w, https:\/\/www.americanonewspaper.com\/es\/wp-content\/uploads\/2024\/04\/Screenshot-2024-04-27-at-8.03.23\u202fPM-300x138.png 300w, https:\/\/www.americanonewspaper.com\/es\/wp-content\/uploads\/2024\/04\/Screenshot-2024-04-27-at-8.03.23\u202fPM-768x353.png 768w, https:\/\/www.americanonewspaper.com\/es\/wp-content\/uploads\/2024\/04\/Screenshot-2024-04-27-at-8.03.23\u202fPM-1536x706.png 1536w, https:\/\/www.americanonewspaper.com\/es\/wp-content\/uploads\/2024\/04\/Screenshot-2024-04-27-at-8.03.23\u202fPM-2048x941.png 2048w, https:\/\/www.americanonewspaper.com\/es\/wp-content\/uploads\/2024\/04\/Screenshot-2024-04-27-at-8.03.23\u202fPM-150x69.png 150w, https:\/\/www.americanonewspaper.com\/es\/wp-content\/uploads\/2024\/04\/Screenshot-2024-04-27-at-8.03.23\u202fPM-696x320.png 696w, https:\/\/www.americanonewspaper.com\/es\/wp-content\/uploads\/2024\/04\/Screenshot-2024-04-27-at-8.03.23\u202fPM-1068x491.png 1068w, https:\/\/www.americanonewspaper.com\/es\/wp-content\/uploads\/2024\/04\/Screenshot-2024-04-27-at-8.03.23\u202fPM-1920x882.png 1920w\" sizes=\"(max-width: 800px) 100vw, 800px\" \/><\/a><\/figure>\n<\/figure>\n","protected":false},"excerpt":{"rendered":"<p>Montevideo, (EFE). Las inundaciones que afectan a Uruguay dejan hasta el momento a m\u00e1s de 2.000 personas desplazadas de sus hogares y plantaciones comprometidas. Seg\u00fan el \u00faltimo reporte presentado por el Sistema Nacional de Emergencias, 2.184 personas han tenido que desplazarse en diez departamentos (provincias) del pa\u00eds sudamericano. De est\u00e1s, 534 fueron evacuadas y 1.650 [&hellip;]<\/p>\n","protected":false},"author":14,"featured_media":22179,"comment_status":"closed","ping_status":"open","sticky":true,"template":"","format":"standard","meta":{"_acf_changed":false,"tdm_status":"","tdm_grid_status":"","_jetpack_memberships_contains_paid_content":false,"footnotes":"","jetpack_publicize_message":"","jetpack_publicize_feature_enabled":true,"jetpack_social_post_already_shared":true,"jetpack_social_options":{"image_generator_settings":{"template":"highway","default_image_id":0,"font":"","enabled":false},"version":2},"_wpas_customize_per_network":false},"categories":[648,669,313],"tags":[],"class_list":{"0":"post-22178","1":"post","2":"type-post","3":"status-publish","4":"format-standard","5":"has-post-thumbnail","7":"category-inundacion","8":"category-montevideo","9":"category-uruguay"},"acf":[],"yoast_head":"<!-- This site is optimized with the Yoast SEO Premium plugin v27.5 (Yoast SEO v27.5) - https:\/\/yoast.com\/product\/yoast-seo-premium-wordpress\/ -->\n<title>Las inundaciones en Uruguay dejan m\u00e1s de 2.000 desplazados y plantaciones afectadas - Americano Newspaper<\/title>\n<meta name=\"description\" content=\"Las inundaciones que afectan a Uruguay dejan hasta el momento a m\u00e1s de 2.000 personas desplazadas de sus hogares y plantaciones comprometidas.\" \/>\n<meta name=\"robots\" content=\"index, follow, max-snippet:-1, max-image-preview:large, max-video-preview:-1\" \/>\n<link rel=\"canonical\" href=\"https:\/\/www.americanonewspaper.com\/es\/uruguay\/las-inundaciones-en-uruguay-dejan-mas-de-2-000-desplazados-y-plantaciones-afectadas\/\" \/>\n<meta property=\"og:locale\" content=\"en_US\" \/>\n<meta property=\"og:type\" content=\"article\" \/>\n<meta property=\"og:title\" content=\"Las inundaciones en Uruguay dejan m\u00e1s de 2.000 desplazados y plantaciones afectadas\" \/>\n<meta property=\"og:description\" content=\"Las inundaciones que afectan a Uruguay dejan hasta el momento a m\u00e1s de 2.000 personas desplazadas de sus hogares y plantaciones comprometidas.\" \/>\n<meta property=\"og:url\" content=\"https:\/\/www.americanonewspaper.com\/es\/uruguay\/las-inundaciones-en-uruguay-dejan-mas-de-2-000-desplazados-y-plantaciones-afectadas\/\" \/>\n<meta property=\"og:site_name\" content=\"Americano Newspaper\" \/>\n<meta property=\"article:publisher\" content=\"https:\/\/www.facebook.com\/AmericanoNewspaper\/\" \/>\n<meta property=\"article:published_time\" content=\"2024-05-10T13:00:00+00:00\" \/>\n<meta property=\"og:image\" content=\"https:\/\/www.americanonewspaper.com\/es\/wp-content\/uploads\/2024\/05\/b433a48f9f0cc2163adb63d838d52bbcf50db3bfminiw.jpg\" \/>\n\t<meta property=\"og:image:width\" content=\"900\" \/>\n\t<meta property=\"og:image:height\" content=\"675\" \/>\n\t<meta property=\"og:image:type\" content=\"image\/jpeg\" \/>\n<meta name=\"author\" content=\"Harmony Quintana\" \/>\n<meta name=\"twitter:card\" content=\"summary_large_image\" \/>\n<meta name=\"twitter:label1\" content=\"Written by\" \/>\n\t<meta name=\"twitter:data1\" content=\"Harmony Quintana\" \/>\n\t<meta name=\"twitter:label2\" content=\"Est. reading time\" \/>\n\t<meta name=\"twitter:data2\" content=\"3 minutes\" \/>\n<script type=\"application\/ld+json\" class=\"yoast-schema-graph\">{\"@context\":\"https:\\\/\\\/schema.org\",\"@graph\":[{\"@type\":\"Article\",\"@id\":\"https:\\\/\\\/www.americanonewspaper.com\\\/es\\\/uruguay\\\/las-inundaciones-en-uruguay-dejan-mas-de-2-000-desplazados-y-plantaciones-afectadas\\\/#article\",\"isPartOf\":{\"@id\":\"https:\\\/\\\/www.americanonewspaper.com\\\/es\\\/uruguay\\\/las-inundaciones-en-uruguay-dejan-mas-de-2-000-desplazados-y-plantaciones-afectadas\\\/\"},\"author\":{\"name\":\"Harmony Quintana\",\"@id\":\"https:\\\/\\\/www.americanonewspaper.com\\\/es\\\/#\\\/schema\\\/person\\\/82c7c1ac5e9a005b627b6c7db5361c90\"},\"headline\":\"Las inundaciones en Uruguay dejan m\u00e1s de 2.000 desplazados y plantaciones afectadas\",\"datePublished\":\"2024-05-10T13:00:00+00:00\",\"mainEntityOfPage\":{\"@id\":\"https:\\\/\\\/www.americanonewspaper.com\\\/es\\\/uruguay\\\/las-inundaciones-en-uruguay-dejan-mas-de-2-000-desplazados-y-plantaciones-afectadas\\\/\"},\"wordCount\":295,\"publisher\":{\"@id\":\"https:\\\/\\\/www.americanonewspaper.com\\\/es\\\/#organization\"},\"image\":{\"@id\":\"https:\\\/\\\/www.americanonewspaper.com\\\/es\\\/uruguay\\\/las-inundaciones-en-uruguay-dejan-mas-de-2-000-desplazados-y-plantaciones-afectadas\\\/#primaryimage\"},\"thumbnailUrl\":\"https:\\\/\\\/www.americanonewspaper.com\\\/es\\\/wp-content\\\/uploads\\\/2024\\\/05\\\/b433a48f9f0cc2163adb63d838d52bbcf50db3bfminiw.jpg\",\"articleSection\":[\"Inundaci\u00f3n\",\"Montevideo\",\"Uruguay\"],\"inLanguage\":\"en-US\"},{\"@type\":\"WebPage\",\"@id\":\"https:\\\/\\\/www.americanonewspaper.com\\\/es\\\/uruguay\\\/las-inundaciones-en-uruguay-dejan-mas-de-2-000-desplazados-y-plantaciones-afectadas\\\/\",\"url\":\"https:\\\/\\\/www.americanonewspaper.com\\\/es\\\/uruguay\\\/las-inundaciones-en-uruguay-dejan-mas-de-2-000-desplazados-y-plantaciones-afectadas\\\/\",\"name\":\"Las inundaciones en Uruguay dejan m\u00e1s de 2.000 desplazados y plantaciones afectadas - Americano Newspaper\",\"isPartOf\":{\"@id\":\"https:\\\/\\\/www.americanonewspaper.com\\\/es\\\/#website\"},\"primaryImageOfPage\":{\"@id\":\"https:\\\/\\\/www.americanonewspaper.com\\\/es\\\/uruguay\\\/las-inundaciones-en-uruguay-dejan-mas-de-2-000-desplazados-y-plantaciones-afectadas\\\/#primaryimage\"},\"image\":{\"@id\":\"https:\\\/\\\/www.americanonewspaper.com\\\/es\\\/uruguay\\\/las-inundaciones-en-uruguay-dejan-mas-de-2-000-desplazados-y-plantaciones-afectadas\\\/#primaryimage\"},\"thumbnailUrl\":\"https:\\\/\\\/www.americanonewspaper.com\\\/es\\\/wp-content\\\/uploads\\\/2024\\\/05\\\/b433a48f9f0cc2163adb63d838d52bbcf50db3bfminiw.jpg\",\"datePublished\":\"2024-05-10T13:00:00+00:00\",\"description\":\"Las inundaciones que afectan a Uruguay dejan hasta el momento a m\u00e1s de 2.000 personas desplazadas de sus hogares y plantaciones comprometidas.\",\"breadcrumb\":{\"@id\":\"https:\\\/\\\/www.americanonewspaper.com\\\/es\\\/uruguay\\\/las-inundaciones-en-uruguay-dejan-mas-de-2-000-desplazados-y-plantaciones-afectadas\\\/#breadcrumb\"},\"inLanguage\":\"en-US\",\"potentialAction\":[{\"@type\":\"ReadAction\",\"target\":[\"https:\\\/\\\/www.americanonewspaper.com\\\/es\\\/uruguay\\\/las-inundaciones-en-uruguay-dejan-mas-de-2-000-desplazados-y-plantaciones-afectadas\\\/\"]}]},{\"@type\":\"ImageObject\",\"inLanguage\":\"en-US\",\"@id\":\"https:\\\/\\\/www.americanonewspaper.com\\\/es\\\/uruguay\\\/las-inundaciones-en-uruguay-dejan-mas-de-2-000-desplazados-y-plantaciones-afectadas\\\/#primaryimage\",\"url\":\"https:\\\/\\\/www.americanonewspaper.com\\\/es\\\/wp-content\\\/uploads\\\/2024\\\/05\\\/b433a48f9f0cc2163adb63d838d52bbcf50db3bfminiw.jpg\",\"contentUrl\":\"https:\\\/\\\/www.americanonewspaper.com\\\/es\\\/wp-content\\\/uploads\\\/2024\\\/05\\\/b433a48f9f0cc2163adb63d838d52bbcf50db3bfminiw.jpg\",\"width\":900,\"height\":675,\"caption\":\"Fotograf\u00eda cedida que muestra una inundaci\u00f3n en un campo de soja, en la provincia de Treinta y Tres (Uruguay). EFE\\\/ Stringer\"},{\"@type\":\"BreadcrumbList\",\"@id\":\"https:\\\/\\\/www.americanonewspaper.com\\\/es\\\/uruguay\\\/las-inundaciones-en-uruguay-dejan-mas-de-2-000-desplazados-y-plantaciones-afectadas\\\/#breadcrumb\",\"itemListElement\":[{\"@type\":\"ListItem\",\"position\":1,\"name\":\"Home\",\"item\":\"https:\\\/\\\/www.americanonewspaper.com\\\/es\\\/\"},{\"@type\":\"ListItem\",\"position\":2,\"name\":\"Las inundaciones en Uruguay dejan m\u00e1s de 2.000 desplazados y plantaciones afectadas\"}]},{\"@type\":\"WebSite\",\"@id\":\"https:\\\/\\\/www.americanonewspaper.com\\\/es\\\/#website\",\"url\":\"https:\\\/\\\/www.americanonewspaper.com\\\/es\\\/\",\"name\":\"Americano Newspaper\",\"description\":\"The Hispanic Newspaper of New Jersey.\",\"publisher\":{\"@id\":\"https:\\\/\\\/www.americanonewspaper.com\\\/es\\\/#organization\"},\"potentialAction\":[{\"@type\":\"SearchAction\",\"target\":{\"@type\":\"EntryPoint\",\"urlTemplate\":\"https:\\\/\\\/www.americanonewspaper.com\\\/es\\\/?s={search_term_string}\"},\"query-input\":{\"@type\":\"PropertyValueSpecification\",\"valueRequired\":true,\"valueName\":\"search_term_string\"}}],\"inLanguage\":\"en-US\"},{\"@type\":\"Organization\",\"@id\":\"https:\\\/\\\/www.americanonewspaper.com\\\/es\\\/#organization\",\"name\":\"Americano Newspaper\",\"url\":\"https:\\\/\\\/www.americanonewspaper.com\\\/es\\\/\",\"logo\":{\"@type\":\"ImageObject\",\"inLanguage\":\"en-US\",\"@id\":\"https:\\\/\\\/www.americanonewspaper.com\\\/es\\\/#\\\/schema\\\/logo\\\/image\\\/\",\"url\":\"https:\\\/\\\/www.americanonewspaper.com\\\/es\\\/wp-content\\\/uploads\\\/2024\\\/05\\\/AmericanoLogoCircle.comCircle2.jpg\",\"contentUrl\":\"https:\\\/\\\/www.americanonewspaper.com\\\/es\\\/wp-content\\\/uploads\\\/2024\\\/05\\\/AmericanoLogoCircle.comCircle2.jpg\",\"width\":600,\"height\":600,\"caption\":\"Americano Newspaper\"},\"image\":{\"@id\":\"https:\\\/\\\/www.americanonewspaper.com\\\/es\\\/#\\\/schema\\\/logo\\\/image\\\/\"},\"sameAs\":[\"https:\\\/\\\/www.facebook.com\\\/AmericanoNewspaper\\\/\"]},{\"@type\":\"Person\",\"@id\":\"https:\\\/\\\/www.americanonewspaper.com\\\/es\\\/#\\\/schema\\\/person\\\/82c7c1ac5e9a005b627b6c7db5361c90\",\"name\":\"Harmony Quintana\",\"image\":{\"@type\":\"ImageObject\",\"inLanguage\":\"en-US\",\"@id\":\"https:\\\/\\\/www.americanonewspaper.com\\\/es\\\/wp-content\\\/litespeed\\\/avatar\\\/656e5d40e40a67e90b0fee2acae8a764.jpg?ver=1777427866\",\"url\":\"https:\\\/\\\/www.americanonewspaper.com\\\/es\\\/wp-content\\\/litespeed\\\/avatar\\\/656e5d40e40a67e90b0fee2acae8a764.jpg?ver=1777427866\",\"contentUrl\":\"https:\\\/\\\/www.americanonewspaper.com\\\/es\\\/wp-content\\\/litespeed\\\/avatar\\\/656e5d40e40a67e90b0fee2acae8a764.jpg?ver=1777427866\",\"caption\":\"Harmony Quintana\"},\"sameAs\":[\"http:\\\/\\\/www.americanonewspaper.com\"],\"url\":\"https:\\\/\\\/www.americanonewspaper.com\\\/es\\\/author\\\/harmony\\\/\"}]}<\/script>\n<!-- \/ Yoast SEO Premium plugin. -->","yoast_head_json":{"title":"Las inundaciones en Uruguay dejan m\u00e1s de 2.000 desplazados y plantaciones afectadas - Americano Newspaper","description":"Las inundaciones que afectan a Uruguay dejan hasta el momento a m\u00e1s de 2.000 personas desplazadas de sus hogares y plantaciones comprometidas.","robots":{"index":"index","follow":"follow","max-snippet":"max-snippet:-1","max-image-preview":"max-image-preview:large","max-video-preview":"max-video-preview:-1"},"canonical":"https:\/\/www.americanonewspaper.com\/es\/uruguay\/las-inundaciones-en-uruguay-dejan-mas-de-2-000-desplazados-y-plantaciones-afectadas\/","og_locale":"en_US","og_type":"article","og_title":"Las inundaciones en Uruguay dejan m\u00e1s de 2.000 desplazados y plantaciones afectadas","og_description":"Las inundaciones que afectan a Uruguay dejan hasta el momento a m\u00e1s de 2.000 personas desplazadas de sus hogares y plantaciones comprometidas.","og_url":"https:\/\/www.americanonewspaper.com\/es\/uruguay\/las-inundaciones-en-uruguay-dejan-mas-de-2-000-desplazados-y-plantaciones-afectadas\/","og_site_name":"Americano Newspaper","article_publisher":"https:\/\/www.facebook.com\/AmericanoNewspaper\/","article_published_time":"2024-05-10T13:00:00+00:00","og_image":[{"width":900,"height":675,"url":"https:\/\/www.americanonewspaper.com\/es\/wp-content\/uploads\/2024\/05\/b433a48f9f0cc2163adb63d838d52bbcf50db3bfminiw.jpg","type":"image\/jpeg"}],"author":"Harmony Quintana","twitter_card":"summary_large_image","twitter_misc":{"Written by":"Harmony Quintana","Est. reading time":"3 minutes"},"schema":{"@context":"https:\/\/schema.org","@graph":[{"@type":"Article","@id":"https:\/\/www.americanonewspaper.com\/es\/uruguay\/las-inundaciones-en-uruguay-dejan-mas-de-2-000-desplazados-y-plantaciones-afectadas\/#article","isPartOf":{"@id":"https:\/\/www.americanonewspaper.com\/es\/uruguay\/las-inundaciones-en-uruguay-dejan-mas-de-2-000-desplazados-y-plantaciones-afectadas\/"},"author":{"name":"Harmony Quintana","@id":"https:\/\/www.americanonewspaper.com\/es\/#\/schema\/person\/82c7c1ac5e9a005b627b6c7db5361c90"},"headline":"Las inundaciones en Uruguay dejan m\u00e1s de 2.000 desplazados y plantaciones afectadas","datePublished":"2024-05-10T13:00:00+00:00","mainEntityOfPage":{"@id":"https:\/\/www.americanonewspaper.com\/es\/uruguay\/las-inundaciones-en-uruguay-dejan-mas-de-2-000-desplazados-y-plantaciones-afectadas\/"},"wordCount":295,"publisher":{"@id":"https:\/\/www.americanonewspaper.com\/es\/#organization"},"image":{"@id":"https:\/\/www.americanonewspaper.com\/es\/uruguay\/las-inundaciones-en-uruguay-dejan-mas-de-2-000-desplazados-y-plantaciones-afectadas\/#primaryimage"},"thumbnailUrl":"https:\/\/www.americanonewspaper.com\/es\/wp-content\/uploads\/2024\/05\/b433a48f9f0cc2163adb63d838d52bbcf50db3bfminiw.jpg","articleSection":["Inundaci\u00f3n","Montevideo","Uruguay"],"inLanguage":"en-US"},{"@type":"WebPage","@id":"https:\/\/www.americanonewspaper.com\/es\/uruguay\/las-inundaciones-en-uruguay-dejan-mas-de-2-000-desplazados-y-plantaciones-afectadas\/","url":"https:\/\/www.americanonewspaper.com\/es\/uruguay\/las-inundaciones-en-uruguay-dejan-mas-de-2-000-desplazados-y-plantaciones-afectadas\/","name":"Las inundaciones en Uruguay dejan m\u00e1s de 2.000 desplazados y plantaciones afectadas - Americano Newspaper","isPartOf":{"@id":"https:\/\/www.americanonewspaper.com\/es\/#website"},"primaryImageOfPage":{"@id":"https:\/\/www.americanonewspaper.com\/es\/uruguay\/las-inundaciones-en-uruguay-dejan-mas-de-2-000-desplazados-y-plantaciones-afectadas\/#primaryimage"},"image":{"@id":"https:\/\/www.americanonewspaper.com\/es\/uruguay\/las-inundaciones-en-uruguay-dejan-mas-de-2-000-desplazados-y-plantaciones-afectadas\/#primaryimage"},"thumbnailUrl":"https:\/\/www.americanonewspaper.com\/es\/wp-content\/uploads\/2024\/05\/b433a48f9f0cc2163adb63d838d52bbcf50db3bfminiw.jpg","datePublished":"2024-05-10T13:00:00+00:00","description":"Las inundaciones que afectan a Uruguay dejan hasta el momento a m\u00e1s de 2.000 personas desplazadas de sus hogares y plantaciones comprometidas.","breadcrumb":{"@id":"https:\/\/www.americanonewspaper.com\/es\/uruguay\/las-inundaciones-en-uruguay-dejan-mas-de-2-000-desplazados-y-plantaciones-afectadas\/#breadcrumb"},"inLanguage":"en-US","potentialAction":[{"@type":"ReadAction","target":["https:\/\/www.americanonewspaper.com\/es\/uruguay\/las-inundaciones-en-uruguay-dejan-mas-de-2-000-desplazados-y-plantaciones-afectadas\/"]}]},{"@type":"ImageObject","inLanguage":"en-US","@id":"https:\/\/www.americanonewspaper.com\/es\/uruguay\/las-inundaciones-en-uruguay-dejan-mas-de-2-000-desplazados-y-plantaciones-afectadas\/#primaryimage","url":"https:\/\/www.americanonewspaper.com\/es\/wp-content\/uploads\/2024\/05\/b433a48f9f0cc2163adb63d838d52bbcf50db3bfminiw.jpg","contentUrl":"https:\/\/www.americanonewspaper.com\/es\/wp-content\/uploads\/2024\/05\/b433a48f9f0cc2163adb63d838d52bbcf50db3bfminiw.jpg","width":900,"height":675,"caption":"Fotograf\u00eda cedida que muestra una inundaci\u00f3n en un campo de soja, en la provincia de Treinta y Tres (Uruguay). EFE\/ Stringer"},{"@type":"BreadcrumbList","@id":"https:\/\/www.americanonewspaper.com\/es\/uruguay\/las-inundaciones-en-uruguay-dejan-mas-de-2-000-desplazados-y-plantaciones-afectadas\/#breadcrumb","itemListElement":[{"@type":"ListItem","position":1,"name":"Home","item":"https:\/\/www.americanonewspaper.com\/es\/"},{"@type":"ListItem","position":2,"name":"Las inundaciones en Uruguay dejan m\u00e1s de 2.000 desplazados y plantaciones afectadas"}]},{"@type":"WebSite","@id":"https:\/\/www.americanonewspaper.com\/es\/#website","url":"https:\/\/www.americanonewspaper.com\/es\/","name":"Americano Newspaper","description":"The Hispanic Newspaper of New Jersey.","publisher":{"@id":"https:\/\/www.americanonewspaper.com\/es\/#organization"},"potentialAction":[{"@type":"SearchAction","target":{"@type":"EntryPoint","urlTemplate":"https:\/\/www.americanonewspaper.com\/es\/?s={search_term_string}"},"query-input":{"@type":"PropertyValueSpecification","valueRequired":true,"valueName":"search_term_string"}}],"inLanguage":"en-US"},{"@type":"Organization","@id":"https:\/\/www.americanonewspaper.com\/es\/#organization","name":"Americano Newspaper","url":"https:\/\/www.americanonewspaper.com\/es\/","logo":{"@type":"ImageObject","inLanguage":"en-US","@id":"https:\/\/www.americanonewspaper.com\/es\/#\/schema\/logo\/image\/","url":"https:\/\/www.americanonewspaper.com\/es\/wp-content\/uploads\/2024\/05\/AmericanoLogoCircle.comCircle2.jpg","contentUrl":"https:\/\/www.americanonewspaper.com\/es\/wp-content\/uploads\/2024\/05\/AmericanoLogoCircle.comCircle2.jpg","width":600,"height":600,"caption":"Americano Newspaper"},"image":{"@id":"https:\/\/www.americanonewspaper.com\/es\/#\/schema\/logo\/image\/"},"sameAs":["https:\/\/www.facebook.com\/AmericanoNewspaper\/"]},{"@type":"Person","@id":"https:\/\/www.americanonewspaper.com\/es\/#\/schema\/person\/82c7c1ac5e9a005b627b6c7db5361c90","name":"Harmony Quintana","image":{"@type":"ImageObject","inLanguage":"en-US","@id":"https:\/\/www.americanonewspaper.com\/es\/wp-content\/litespeed\/avatar\/656e5d40e40a67e90b0fee2acae8a764.jpg?ver=1777427866","url":"https:\/\/www.americanonewspaper.com\/es\/wp-content\/litespeed\/avatar\/656e5d40e40a67e90b0fee2acae8a764.jpg?ver=1777427866","contentUrl":"https:\/\/www.americanonewspaper.com\/es\/wp-content\/litespeed\/avatar\/656e5d40e40a67e90b0fee2acae8a764.jpg?ver=1777427866","caption":"Harmony Quintana"},"sameAs":["http:\/\/www.americanonewspaper.com"],"url":"https:\/\/www.americanonewspaper.com\/es\/author\/harmony\/"}]}},"jetpack_publicize_connections":[],"jetpack_featured_media_url":"https:\/\/www.americanonewspaper.com\/es\/wp-content\/uploads\/2024\/05\/b433a48f9f0cc2163adb63d838d52bbcf50db3bfminiw.jpg","featured_image_urls":{"full":["https:\/\/www.americanonewspaper.com\/es\/wp-content\/uploads\/2024\/05\/b433a48f9f0cc2163adb63d838d52bbcf50db3bfminiw.jpg",900,675,false],"thumbnail":["https:\/\/www.americanonewspaper.com\/es\/wp-content\/uploads\/2024\/05\/b433a48f9f0cc2163adb63d838d52bbcf50db3bfminiw-250x250.jpg",250,250,true],"medium":["https:\/\/www.americanonewspaper.com\/es\/wp-content\/uploads\/2024\/05\/b433a48f9f0cc2163adb63d838d52bbcf50db3bfminiw-300x225.jpg",300,225,true],"medium_large":["https:\/\/www.americanonewspaper.com\/es\/wp-content\/uploads\/2024\/05\/b433a48f9f0cc2163adb63d838d52bbcf50db3bfminiw-768x576.jpg",696,522,true],"large":["https:\/\/www.americanonewspaper.com\/es\/wp-content\/uploads\/2024\/05\/b433a48f9f0cc2163adb63d838d52bbcf50db3bfminiw-667x500.jpg",667,500,true],"1536x1536":["https:\/\/www.americanonewspaper.com\/es\/wp-content\/uploads\/2024\/05\/b433a48f9f0cc2163adb63d838d52bbcf50db3bfminiw.jpg",900,675,false],"2048x2048":["https:\/\/www.americanonewspaper.com\/es\/wp-content\/uploads\/2024\/05\/b433a48f9f0cc2163adb63d838d52bbcf50db3bfminiw.jpg",900,675,false],"td_150x0":["https:\/\/www.americanonewspaper.com\/es\/wp-content\/uploads\/2024\/05\/b433a48f9f0cc2163adb63d838d52bbcf50db3bfminiw-150x113.jpg",150,113,true],"td_218x150":["https:\/\/www.americanonewspaper.com\/es\/wp-content\/uploads\/2024\/05\/b433a48f9f0cc2163adb63d838d52bbcf50db3bfminiw-218x150.jpg",218,150,true],"td_300x0":["https:\/\/www.americanonewspaper.com\/es\/wp-content\/uploads\/2024\/05\/b433a48f9f0cc2163adb63d838d52bbcf50db3bfminiw-300x225.jpg",300,225,true],"td_324x400":["https:\/\/www.americanonewspaper.com\/es\/wp-content\/uploads\/2024\/05\/b433a48f9f0cc2163adb63d838d52bbcf50db3bfminiw-324x400.jpg",324,400,true],"td_485x360":["https:\/\/www.americanonewspaper.com\/es\/wp-content\/uploads\/2024\/05\/b433a48f9f0cc2163adb63d838d52bbcf50db3bfminiw-485x360.jpg",485,360,true],"td_696x0":["https:\/\/www.americanonewspaper.com\/es\/wp-content\/uploads\/2024\/05\/b433a48f9f0cc2163adb63d838d52bbcf50db3bfminiw-696x522.jpg",696,522,true],"td_1068x0":["https:\/\/www.americanonewspaper.com\/es\/wp-content\/uploads\/2024\/05\/b433a48f9f0cc2163adb63d838d52bbcf50db3bfminiw.jpg",900,675,false],"td_1920x0":["https:\/\/www.americanonewspaper.com\/es\/wp-content\/uploads\/2024\/05\/b433a48f9f0cc2163adb63d838d52bbcf50db3bfminiw.jpg",900,675,false],"bdpp-medium":["https:\/\/www.americanonewspaper.com\/es\/wp-content\/uploads\/2024\/05\/b433a48f9f0cc2163adb63d838d52bbcf50db3bfminiw.jpg",640,480,false]},"author_info":{"display_name":"Harmony Quintana","author_link":"https:\/\/www.americanonewspaper.com\/es\/author\/harmony\/"},"category_info":"<a href=\"https:\/\/www.americanonewspaper.com\/es\/category\/inundacion\/\" rel=\"category tag\">Inundaci\u00f3n<\/a> <a href=\"https:\/\/www.americanonewspaper.com\/es\/category\/montevideo\/\" rel=\"category tag\">Montevideo<\/a> <a href=\"https:\/\/www.americanonewspaper.com\/es\/category\/uruguay\/\" rel=\"category tag\">Uruguay<\/a>","tag_info":"Uruguay","comment_count":"0","jetpack_sharing_enabled":true,"jetpack_likes_enabled":true,"_links":{"self":[{"href":"https:\/\/www.americanonewspaper.com\/es\/wp-json\/wp\/v2\/posts\/22178","targetHints":{"allow":["GET"]}}],"collection":[{"href":"https:\/\/www.americanonewspaper.com\/es\/wp-json\/wp\/v2\/posts"}],"about":[{"href":"https:\/\/www.americanonewspaper.com\/es\/wp-json\/wp\/v2\/types\/post"}],"author":[{"embeddable":true,"href":"https:\/\/www.americanonewspaper.com\/es\/wp-json\/wp\/v2\/users\/14"}],"replies":[{"embeddable":true,"href":"https:\/\/www.americanonewspaper.com\/es\/wp-json\/wp\/v2\/comments?post=22178"}],"version-history":[{"count":1,"href":"https:\/\/www.americanonewspaper.com\/es\/wp-json\/wp\/v2\/posts\/22178\/revisions"}],"predecessor-version":[{"id":22180,"href":"https:\/\/www.americanonewspaper.com\/es\/wp-json\/wp\/v2\/posts\/22178\/revisions\/22180"}],"wp:featuredmedia":[{"embeddable":true,"href":"https:\/\/www.americanonewspaper.com\/es\/wp-json\/wp\/v2\/media\/22179"}],"wp:attachment":[{"href":"https:\/\/www.americanonewspaper.com\/es\/wp-json\/wp\/v2\/media?parent=22178"}],"wp:term":[{"taxonomy":"category","embeddable":true,"href":"https:\/\/www.americanonewspaper.com\/es\/wp-json\/wp\/v2\/categories?post=22178"},{"taxonomy":"post_tag","embeddable":true,"href":"https:\/\/www.americanonewspaper.com\/es\/wp-json\/wp\/v2\/tags?post=22178"}],"curies":[{"name":"wp","href":"https:\/\/api.w.org\/{rel}","templated":true}]}}