{"id":22173,"date":"2024-05-09T20:54:43","date_gmt":"2024-05-10T00:54:43","guid":{"rendered":"https:\/\/www.americanonewspaper.com\/es\/?p=22173"},"modified":"2024-05-09T20:54:45","modified_gmt":"2024-05-10T00:54:45","slug":"suben-a-108-los-fallecidos-y-a-136-los-desaparecidos-por-las-inundaciones-en-el-sur-de-brasil","status":"publish","type":"post","link":"https:\/\/www.americanonewspaper.com\/es\/brasil\/suben-a-108-los-fallecidos-y-a-136-los-desaparecidos-por-las-inundaciones-en-el-sur-de-brasil\/","title":{"rendered":"Suben a 108 los fallecidos y a 136 los desaparecidos por las inundaciones en el sur de Brasil"},"content":{"rendered":"\n<p>Porto Alegre (Brasil), (EFE).<\/p>\n\n\n\n<p class=\"has-drop-cap\">Las devastadoras inundaciones en la regi\u00f3n sur de Brasil han dejado hasta el momento 108 fallecidos y 136 desaparecidos, adem\u00e1s de 374 heridos, seg\u00fan el balance divulgado este jueves por la Defensa Civil.<\/p>\n\n\n\n<p>Hay cerca de 1,5 millones de damnificados en Rio Grande do Sul, fronterizo con Uruguay y Argentina, donde las lluvias torrenciales han causado una destrucci\u00f3n sin precedentes en este pr\u00f3spero estado brasile\u00f1o, donde se han reportado 107 de las v\u00edctimas mortales.<\/p>\n\n\n\n<p>El otro fallecido se registr\u00f3 en el vecino estado de Santa Catarina, que tambi\u00e9n se vio afectado por el intenso temporal de la \u00faltima semana, aunque en menor grado.<\/p>\n\n\n\n<figure class=\"wp-block-gallery has-nested-images columns-default is-cropped wp-block-gallery-1 is-layout-flex wp-block-gallery-is-layout-flex\">\n<figure class=\"wp-block-image size-large\"><a href=\"https:\/\/patricia4senate.com\/es\/inicio\/\" target=\"_blank\" rel=\"noreferrer noopener\"><img fetchpriority=\"high\" decoding=\"async\" width=\"800\" height=\"367\" data-id=\"22001\" src=\"https:\/\/www.americanonewspaper.com\/es\/wp-content\/uploads\/2024\/04\/Patricia4SenateSpanish-1-800x367.jpg\" alt=\"\" class=\"wp-image-22001\" srcset=\"https:\/\/www.americanonewspaper.com\/es\/wp-content\/uploads\/2024\/04\/Patricia4SenateSpanish-1-800x367.jpg 800w, https:\/\/www.americanonewspaper.com\/es\/wp-content\/uploads\/2024\/04\/Patricia4SenateSpanish-1-300x138.jpg 300w, https:\/\/www.americanonewspaper.com\/es\/wp-content\/uploads\/2024\/04\/Patricia4SenateSpanish-1-768x352.jpg 768w, https:\/\/www.americanonewspaper.com\/es\/wp-content\/uploads\/2024\/04\/Patricia4SenateSpanish-1-150x69.jpg 150w, https:\/\/www.americanonewspaper.com\/es\/wp-content\/uploads\/2024\/04\/Patricia4SenateSpanish-1-696x319.jpg 696w, https:\/\/www.americanonewspaper.com\/es\/wp-content\/uploads\/2024\/04\/Patricia4SenateSpanish-1-1068x490.jpg 1068w, https:\/\/www.americanonewspaper.com\/es\/wp-content\/uploads\/2024\/04\/Patricia4SenateSpanish-1.jpg 1200w\" sizes=\"(max-width: 800px) 100vw, 800px\" \/><\/a><\/figure>\n<\/figure>\n\n\n\n<p>En Rio Grande do Sul se han visto afectados 425 municipios, algunos de los cuales est\u00e1n totalmente sumergidos bajo el agua y donde 6.200 han quedado totalmente destruidas, seg\u00fan datos parciales de la Confederaci\u00f3n Nacional de los Municipios.<\/p>\n\n\n\n<p>Alrededor de 232.000 personas han sido evacuadas de sus hogares y trasladadas a albergues o las casas de sus parientes, de acuerdo con la Defensa Civil.<\/p>\n\n\n\n<p>Cientos de polic\u00edas, bomberos, militares y voluntarios se afanan a\u00fan hoy para rescatar a la poblaci\u00f3n que todav\u00eda est\u00e1 incomunicada por el elevado nivel del agua y que empieza a sufrir con la falta de v\u00edveres.<\/p>\n\n\n\n<figure class=\"wp-block-gallery has-nested-images columns-default is-cropped wp-block-gallery-2 is-layout-flex wp-block-gallery-is-layout-flex\">\n<figure class=\"wp-block-image size-large\"><a href=\"https:\/\/www.facebook.com\/people\/Rancho-Taqueria\/100092427934454\/\" target=\"_blank\" rel=\"noreferrer noopener\"><img decoding=\"async\" width=\"800\" height=\"433\" data-id=\"22057\" src=\"https:\/\/www.americanonewspaper.com\/es\/wp-content\/uploads\/2024\/05\/WebRancho-1-800x433.jpg\" alt=\"\" class=\"wp-image-22057\" srcset=\"https:\/\/www.americanonewspaper.com\/es\/wp-content\/uploads\/2024\/05\/WebRancho-1-800x433.jpg 800w, https:\/\/www.americanonewspaper.com\/es\/wp-content\/uploads\/2024\/05\/WebRancho-1-300x162.jpg 300w, https:\/\/www.americanonewspaper.com\/es\/wp-content\/uploads\/2024\/05\/WebRancho-1-768x415.jpg 768w, https:\/\/www.americanonewspaper.com\/es\/wp-content\/uploads\/2024\/05\/WebRancho-1-150x81.jpg 150w, https:\/\/www.americanonewspaper.com\/es\/wp-content\/uploads\/2024\/05\/WebRancho-1-696x376.jpg 696w, https:\/\/www.americanonewspaper.com\/es\/wp-content\/uploads\/2024\/05\/WebRancho-1-1068x578.jpg 1068w, https:\/\/www.americanonewspaper.com\/es\/wp-content\/uploads\/2024\/05\/WebRancho-1.jpg 1200w\" sizes=\"(max-width: 800px) 100vw, 800px\" \/><\/a><\/figure>\n<\/figure>\n\n\n\n<p>Adem\u00e1s, las lluvias de las \u00faltimas horas obligaron a suspender las labores de salvamento en Porto Alegre, la capital regional, donde a\u00fan hay barrios completamente inundados y el principal aeropuerto estar\u00e1 cerrado por lo menos hasta finales de este mes.<\/p>\n\n\n\n<p>El fuerte temporal se desat\u00f3 el lunes de la semana pasada y continu\u00f3 los d\u00edas siguientes provocando cuantiosos da\u00f1os en carreteras, puentes, viviendas y dejando sin luz, ni agua potable a buena parte de la poblaci\u00f3n de Rio Grande do Sul.<\/p>\n\n\n\n<figure class=\"wp-block-gallery has-nested-images columns-default is-cropped wp-block-gallery-3 is-layout-flex wp-block-gallery-is-layout-flex\">\n<figure class=\"wp-block-image size-large\"><a href=\"https:\/\/www.facebook.com\/people\/Villanuevas-Driving-School\/100090554964280\/\" target=\"_blank\" rel=\"noreferrer noopener\"><img decoding=\"async\" width=\"800\" height=\"361\" data-id=\"22002\" src=\"https:\/\/www.americanonewspaper.com\/es\/wp-content\/uploads\/2024\/04\/DrivingschoolSpanish-800x361.png\" alt=\"\" class=\"wp-image-22002\" srcset=\"https:\/\/www.americanonewspaper.com\/es\/wp-content\/uploads\/2024\/04\/DrivingschoolSpanish-800x361.png 800w, https:\/\/www.americanonewspaper.com\/es\/wp-content\/uploads\/2024\/04\/DrivingschoolSpanish-300x135.png 300w, https:\/\/www.americanonewspaper.com\/es\/wp-content\/uploads\/2024\/04\/DrivingschoolSpanish-768x346.png 768w, https:\/\/www.americanonewspaper.com\/es\/wp-content\/uploads\/2024\/04\/DrivingschoolSpanish-150x68.png 150w, https:\/\/www.americanonewspaper.com\/es\/wp-content\/uploads\/2024\/04\/DrivingschoolSpanish-696x314.png 696w, https:\/\/www.americanonewspaper.com\/es\/wp-content\/uploads\/2024\/04\/DrivingschoolSpanish-1068x481.png 1068w, https:\/\/www.americanonewspaper.com\/es\/wp-content\/uploads\/2024\/04\/DrivingschoolSpanish.png 1200w\" sizes=\"(max-width: 800px) 100vw, 800px\" \/><\/a><\/figure>\n<\/figure>\n\n\n\n<p>Rio Grande do Sul, un importante polo agropecuario, ya sufri\u00f3 el a\u00f1o pasado fen\u00f3menos clim\u00e1ticos extremos, con raros ciclones extratopicales, que tambi\u00e9n provocaron graves estragos, aunque lejos de la envergadura de este \u00faltimo.<\/p>\n\n\n\n<p>Los especialistas meteorol\u00f3gicos han asociado la intensidad de estos temporales al cambio clim\u00e1tico.<\/p>\n\n\n\n<p>El presidente brasile\u00f1o, Luiz In\u00e1cio Lula da Silva, afirm\u00f3 el mi\u00e9rcoles, durante un acto para presentar inversiones en \u00e1reas de infraestructura y prevenci\u00f3n de desastres naturales, que esta tragedia clim\u00e1tica es &#8220;un aviso para el mundo&#8221; y &#8220;una factura que le est\u00e1 pasando el planeta&#8221; a la humanidad.<\/p>\n\n\n\n<figure class=\"wp-block-gallery has-nested-images columns-default is-cropped wp-block-gallery-4 is-layout-flex wp-block-gallery-is-layout-flex\">\n<figure class=\"wp-block-image size-large\"><a href=\"https:\/\/www.facebook.com\/villanuevasmultiservices\" target=\"_blank\" rel=\"noreferrer noopener\"><img loading=\"lazy\" decoding=\"async\" width=\"800\" height=\"368\" data-id=\"22003\" src=\"https:\/\/www.americanonewspaper.com\/es\/wp-content\/uploads\/2024\/04\/Screenshot-2024-04-27-at-8.03.23\u202fPM-800x368.png\" alt=\"\" class=\"wp-image-22003\" srcset=\"https:\/\/www.americanonewspaper.com\/es\/wp-content\/uploads\/2024\/04\/Screenshot-2024-04-27-at-8.03.23\u202fPM-800x368.png 800w, https:\/\/www.americanonewspaper.com\/es\/wp-content\/uploads\/2024\/04\/Screenshot-2024-04-27-at-8.03.23\u202fPM-300x138.png 300w, https:\/\/www.americanonewspaper.com\/es\/wp-content\/uploads\/2024\/04\/Screenshot-2024-04-27-at-8.03.23\u202fPM-768x353.png 768w, https:\/\/www.americanonewspaper.com\/es\/wp-content\/uploads\/2024\/04\/Screenshot-2024-04-27-at-8.03.23\u202fPM-1536x706.png 1536w, https:\/\/www.americanonewspaper.com\/es\/wp-content\/uploads\/2024\/04\/Screenshot-2024-04-27-at-8.03.23\u202fPM-2048x941.png 2048w, https:\/\/www.americanonewspaper.com\/es\/wp-content\/uploads\/2024\/04\/Screenshot-2024-04-27-at-8.03.23\u202fPM-150x69.png 150w, https:\/\/www.americanonewspaper.com\/es\/wp-content\/uploads\/2024\/04\/Screenshot-2024-04-27-at-8.03.23\u202fPM-696x320.png 696w, https:\/\/www.americanonewspaper.com\/es\/wp-content\/uploads\/2024\/04\/Screenshot-2024-04-27-at-8.03.23\u202fPM-1068x491.png 1068w, https:\/\/www.americanonewspaper.com\/es\/wp-content\/uploads\/2024\/04\/Screenshot-2024-04-27-at-8.03.23\u202fPM-1920x882.png 1920w\" sizes=\"(max-width: 800px) 100vw, 800px\" \/><\/a><\/figure>\n<\/figure>\n","protected":false},"excerpt":{"rendered":"<p>Porto Alegre (Brasil), (EFE). Las devastadoras inundaciones en la regi\u00f3n sur de Brasil han dejado hasta el momento 108 fallecidos y 136 desaparecidos, adem\u00e1s de 374 heridos, seg\u00fan el balance divulgado este jueves por la Defensa Civil. Hay cerca de 1,5 millones de damnificados en Rio Grande do Sul, fronterizo con Uruguay y Argentina, donde [&hellip;]<\/p>\n","protected":false},"author":14,"featured_media":22175,"comment_status":"closed","ping_status":"open","sticky":true,"template":"","format":"standard","meta":{"_acf_changed":false,"tdm_status":"","tdm_grid_status":"","_jetpack_memberships_contains_paid_content":false,"footnotes":"","jetpack_publicize_message":"","jetpack_publicize_feature_enabled":true,"jetpack_social_post_already_shared":true,"jetpack_social_options":{"image_generator_settings":{"template":"highway","default_image_id":0,"font":"","enabled":false},"version":2},"_wpas_customize_per_network":false},"categories":[647,648,649],"tags":[],"class_list":{"0":"post-22173","1":"post","2":"type-post","3":"status-publish","4":"format-standard","5":"has-post-thumbnail","7":"category-brasil","8":"category-inundacion","9":"category-porto-alegre"},"acf":[],"yoast_head":"<!-- This site is optimized with the Yoast SEO Premium plugin v27.5 (Yoast SEO v27.5) - https:\/\/yoast.com\/product\/yoast-seo-premium-wordpress\/ -->\n<title>Suben a 108 los fallecidos y a 136 los desaparecidos por las inundaciones en el sur de Brasil - Americano Newspaper<\/title>\n<meta name=\"description\" content=\"Las devastadoras inundaciones en la regi\u00f3n sur de Brasil han dejado hasta el momento 108 fallecidos y 136 desaparecidos, adem\u00e1s de 374 heridos, seg\u00fan el balance divulgado este jueves por la Defensa Civil.\" \/>\n<meta name=\"robots\" content=\"index, follow, max-snippet:-1, max-image-preview:large, max-video-preview:-1\" \/>\n<link rel=\"canonical\" href=\"https:\/\/www.americanonewspaper.com\/es\/brasil\/suben-a-108-los-fallecidos-y-a-136-los-desaparecidos-por-las-inundaciones-en-el-sur-de-brasil\/\" \/>\n<meta property=\"og:locale\" content=\"en_US\" \/>\n<meta property=\"og:type\" content=\"article\" \/>\n<meta property=\"og:title\" content=\"Suben a 108 los fallecidos y a 136 los desaparecidos por las inundaciones en el sur de Brasil\" \/>\n<meta property=\"og:description\" content=\"Las devastadoras inundaciones en la regi\u00f3n sur de Brasil han dejado hasta el momento 108 fallecidos y 136 desaparecidos, adem\u00e1s de 374 heridos, seg\u00fan el balance divulgado este jueves por la Defensa Civil.\" \/>\n<meta property=\"og:url\" content=\"https:\/\/www.americanonewspaper.com\/es\/brasil\/suben-a-108-los-fallecidos-y-a-136-los-desaparecidos-por-las-inundaciones-en-el-sur-de-brasil\/\" \/>\n<meta property=\"og:site_name\" content=\"Americano Newspaper\" \/>\n<meta property=\"article:publisher\" content=\"https:\/\/www.facebook.com\/AmericanoNewspaper\/\" \/>\n<meta property=\"article:published_time\" content=\"2024-05-10T00:54:43+00:00\" \/>\n<meta property=\"article:modified_time\" content=\"2024-05-10T00:54:45+00:00\" \/>\n<meta property=\"og:image\" content=\"https:\/\/www.americanonewspaper.com\/es\/wp-content\/uploads\/2024\/05\/1020ce83b4b24c7e11b10f3551a32edea1bdd1f1miniw.jpg\" \/>\n\t<meta property=\"og:image:width\" content=\"900\" \/>\n\t<meta property=\"og:image:height\" content=\"615\" \/>\n\t<meta property=\"og:image:type\" content=\"image\/jpeg\" \/>\n<meta name=\"author\" content=\"Harmony Quintana\" \/>\n<meta name=\"twitter:card\" content=\"summary_large_image\" \/>\n<meta name=\"twitter:label1\" content=\"Written by\" \/>\n\t<meta name=\"twitter:data1\" content=\"Harmony Quintana\" \/>\n\t<meta name=\"twitter:label2\" content=\"Est. reading time\" \/>\n\t<meta name=\"twitter:data2\" content=\"3 minutes\" \/>\n<script type=\"application\/ld+json\" class=\"yoast-schema-graph\">{\"@context\":\"https:\\\/\\\/schema.org\",\"@graph\":[{\"@type\":\"Article\",\"@id\":\"https:\\\/\\\/www.americanonewspaper.com\\\/es\\\/brasil\\\/suben-a-108-los-fallecidos-y-a-136-los-desaparecidos-por-las-inundaciones-en-el-sur-de-brasil\\\/#article\",\"isPartOf\":{\"@id\":\"https:\\\/\\\/www.americanonewspaper.com\\\/es\\\/brasil\\\/suben-a-108-los-fallecidos-y-a-136-los-desaparecidos-por-las-inundaciones-en-el-sur-de-brasil\\\/\"},\"author\":{\"name\":\"Harmony Quintana\",\"@id\":\"https:\\\/\\\/www.americanonewspaper.com\\\/es\\\/#\\\/schema\\\/person\\\/82c7c1ac5e9a005b627b6c7db5361c90\"},\"headline\":\"Suben a 108 los fallecidos y a 136 los desaparecidos por las inundaciones en el sur de Brasil\",\"datePublished\":\"2024-05-10T00:54:43+00:00\",\"dateModified\":\"2024-05-10T00:54:45+00:00\",\"mainEntityOfPage\":{\"@id\":\"https:\\\/\\\/www.americanonewspaper.com\\\/es\\\/brasil\\\/suben-a-108-los-fallecidos-y-a-136-los-desaparecidos-por-las-inundaciones-en-el-sur-de-brasil\\\/\"},\"wordCount\":422,\"publisher\":{\"@id\":\"https:\\\/\\\/www.americanonewspaper.com\\\/es\\\/#organization\"},\"image\":{\"@id\":\"https:\\\/\\\/www.americanonewspaper.com\\\/es\\\/brasil\\\/suben-a-108-los-fallecidos-y-a-136-los-desaparecidos-por-las-inundaciones-en-el-sur-de-brasil\\\/#primaryimage\"},\"thumbnailUrl\":\"https:\\\/\\\/www.americanonewspaper.com\\\/es\\\/wp-content\\\/uploads\\\/2024\\\/05\\\/1020ce83b4b24c7e11b10f3551a32edea1bdd1f1miniw.jpg\",\"articleSection\":[\"Brasil\",\"Inundaci\u00f3n\",\"Porto Alegre\"],\"inLanguage\":\"en-US\"},{\"@type\":\"WebPage\",\"@id\":\"https:\\\/\\\/www.americanonewspaper.com\\\/es\\\/brasil\\\/suben-a-108-los-fallecidos-y-a-136-los-desaparecidos-por-las-inundaciones-en-el-sur-de-brasil\\\/\",\"url\":\"https:\\\/\\\/www.americanonewspaper.com\\\/es\\\/brasil\\\/suben-a-108-los-fallecidos-y-a-136-los-desaparecidos-por-las-inundaciones-en-el-sur-de-brasil\\\/\",\"name\":\"Suben a 108 los fallecidos y a 136 los desaparecidos por las inundaciones en el sur de Brasil - Americano Newspaper\",\"isPartOf\":{\"@id\":\"https:\\\/\\\/www.americanonewspaper.com\\\/es\\\/#website\"},\"primaryImageOfPage\":{\"@id\":\"https:\\\/\\\/www.americanonewspaper.com\\\/es\\\/brasil\\\/suben-a-108-los-fallecidos-y-a-136-los-desaparecidos-por-las-inundaciones-en-el-sur-de-brasil\\\/#primaryimage\"},\"image\":{\"@id\":\"https:\\\/\\\/www.americanonewspaper.com\\\/es\\\/brasil\\\/suben-a-108-los-fallecidos-y-a-136-los-desaparecidos-por-las-inundaciones-en-el-sur-de-brasil\\\/#primaryimage\"},\"thumbnailUrl\":\"https:\\\/\\\/www.americanonewspaper.com\\\/es\\\/wp-content\\\/uploads\\\/2024\\\/05\\\/1020ce83b4b24c7e11b10f3551a32edea1bdd1f1miniw.jpg\",\"datePublished\":\"2024-05-10T00:54:43+00:00\",\"dateModified\":\"2024-05-10T00:54:45+00:00\",\"description\":\"Las devastadoras inundaciones en la regi\u00f3n sur de Brasil han dejado hasta el momento 108 fallecidos y 136 desaparecidos, adem\u00e1s de 374 heridos, seg\u00fan el balance divulgado este jueves por la Defensa Civil.\",\"breadcrumb\":{\"@id\":\"https:\\\/\\\/www.americanonewspaper.com\\\/es\\\/brasil\\\/suben-a-108-los-fallecidos-y-a-136-los-desaparecidos-por-las-inundaciones-en-el-sur-de-brasil\\\/#breadcrumb\"},\"inLanguage\":\"en-US\",\"potentialAction\":[{\"@type\":\"ReadAction\",\"target\":[\"https:\\\/\\\/www.americanonewspaper.com\\\/es\\\/brasil\\\/suben-a-108-los-fallecidos-y-a-136-los-desaparecidos-por-las-inundaciones-en-el-sur-de-brasil\\\/\"]}]},{\"@type\":\"ImageObject\",\"inLanguage\":\"en-US\",\"@id\":\"https:\\\/\\\/www.americanonewspaper.com\\\/es\\\/brasil\\\/suben-a-108-los-fallecidos-y-a-136-los-desaparecidos-por-las-inundaciones-en-el-sur-de-brasil\\\/#primaryimage\",\"url\":\"https:\\\/\\\/www.americanonewspaper.com\\\/es\\\/wp-content\\\/uploads\\\/2024\\\/05\\\/1020ce83b4b24c7e11b10f3551a32edea1bdd1f1miniw.jpg\",\"contentUrl\":\"https:\\\/\\\/www.americanonewspaper.com\\\/es\\\/wp-content\\\/uploads\\\/2024\\\/05\\\/1020ce83b4b24c7e11b10f3551a32edea1bdd1f1miniw.jpg\",\"width\":900,\"height\":615,\"caption\":\"Fotograf\u00eda tomada con un dron que muestra un ciclista pasando por el puente tras inundaci\u00f3n causada por el desbordamiento del r\u00edo Taquari, en la ciudad de Lajeado en el estado de Rio Grande do Sul en el sur de Brasil. EFE\\\/Sebasti\u00e3o Moreira\"},{\"@type\":\"BreadcrumbList\",\"@id\":\"https:\\\/\\\/www.americanonewspaper.com\\\/es\\\/brasil\\\/suben-a-108-los-fallecidos-y-a-136-los-desaparecidos-por-las-inundaciones-en-el-sur-de-brasil\\\/#breadcrumb\",\"itemListElement\":[{\"@type\":\"ListItem\",\"position\":1,\"name\":\"Home\",\"item\":\"https:\\\/\\\/www.americanonewspaper.com\\\/es\\\/\"},{\"@type\":\"ListItem\",\"position\":2,\"name\":\"Suben a 108 los fallecidos y a 136 los desaparecidos por las inundaciones en el sur de Brasil\"}]},{\"@type\":\"WebSite\",\"@id\":\"https:\\\/\\\/www.americanonewspaper.com\\\/es\\\/#website\",\"url\":\"https:\\\/\\\/www.americanonewspaper.com\\\/es\\\/\",\"name\":\"Americano Newspaper\",\"description\":\"The Hispanic Newspaper of New Jersey.\",\"publisher\":{\"@id\":\"https:\\\/\\\/www.americanonewspaper.com\\\/es\\\/#organization\"},\"potentialAction\":[{\"@type\":\"SearchAction\",\"target\":{\"@type\":\"EntryPoint\",\"urlTemplate\":\"https:\\\/\\\/www.americanonewspaper.com\\\/es\\\/?s={search_term_string}\"},\"query-input\":{\"@type\":\"PropertyValueSpecification\",\"valueRequired\":true,\"valueName\":\"search_term_string\"}}],\"inLanguage\":\"en-US\"},{\"@type\":\"Organization\",\"@id\":\"https:\\\/\\\/www.americanonewspaper.com\\\/es\\\/#organization\",\"name\":\"Americano Newspaper\",\"url\":\"https:\\\/\\\/www.americanonewspaper.com\\\/es\\\/\",\"logo\":{\"@type\":\"ImageObject\",\"inLanguage\":\"en-US\",\"@id\":\"https:\\\/\\\/www.americanonewspaper.com\\\/es\\\/#\\\/schema\\\/logo\\\/image\\\/\",\"url\":\"https:\\\/\\\/www.americanonewspaper.com\\\/es\\\/wp-content\\\/uploads\\\/2024\\\/05\\\/AmericanoLogoCircle.comCircle2.jpg\",\"contentUrl\":\"https:\\\/\\\/www.americanonewspaper.com\\\/es\\\/wp-content\\\/uploads\\\/2024\\\/05\\\/AmericanoLogoCircle.comCircle2.jpg\",\"width\":600,\"height\":600,\"caption\":\"Americano Newspaper\"},\"image\":{\"@id\":\"https:\\\/\\\/www.americanonewspaper.com\\\/es\\\/#\\\/schema\\\/logo\\\/image\\\/\"},\"sameAs\":[\"https:\\\/\\\/www.facebook.com\\\/AmericanoNewspaper\\\/\"]},{\"@type\":\"Person\",\"@id\":\"https:\\\/\\\/www.americanonewspaper.com\\\/es\\\/#\\\/schema\\\/person\\\/82c7c1ac5e9a005b627b6c7db5361c90\",\"name\":\"Harmony Quintana\",\"image\":{\"@type\":\"ImageObject\",\"inLanguage\":\"en-US\",\"@id\":\"https:\\\/\\\/www.americanonewspaper.com\\\/es\\\/wp-content\\\/litespeed\\\/avatar\\\/656e5d40e40a67e90b0fee2acae8a764.jpg?ver=1777427866\",\"url\":\"https:\\\/\\\/www.americanonewspaper.com\\\/es\\\/wp-content\\\/litespeed\\\/avatar\\\/656e5d40e40a67e90b0fee2acae8a764.jpg?ver=1777427866\",\"contentUrl\":\"https:\\\/\\\/www.americanonewspaper.com\\\/es\\\/wp-content\\\/litespeed\\\/avatar\\\/656e5d40e40a67e90b0fee2acae8a764.jpg?ver=1777427866\",\"caption\":\"Harmony Quintana\"},\"sameAs\":[\"http:\\\/\\\/www.americanonewspaper.com\"],\"url\":\"https:\\\/\\\/www.americanonewspaper.com\\\/es\\\/author\\\/harmony\\\/\"}]}<\/script>\n<!-- \/ Yoast SEO Premium plugin. -->","yoast_head_json":{"title":"Suben a 108 los fallecidos y a 136 los desaparecidos por las inundaciones en el sur de Brasil - Americano Newspaper","description":"Las devastadoras inundaciones en la regi\u00f3n sur de Brasil han dejado hasta el momento 108 fallecidos y 136 desaparecidos, adem\u00e1s de 374 heridos, seg\u00fan el balance divulgado este jueves por la Defensa Civil.","robots":{"index":"index","follow":"follow","max-snippet":"max-snippet:-1","max-image-preview":"max-image-preview:large","max-video-preview":"max-video-preview:-1"},"canonical":"https:\/\/www.americanonewspaper.com\/es\/brasil\/suben-a-108-los-fallecidos-y-a-136-los-desaparecidos-por-las-inundaciones-en-el-sur-de-brasil\/","og_locale":"en_US","og_type":"article","og_title":"Suben a 108 los fallecidos y a 136 los desaparecidos por las inundaciones en el sur de Brasil","og_description":"Las devastadoras inundaciones en la regi\u00f3n sur de Brasil han dejado hasta el momento 108 fallecidos y 136 desaparecidos, adem\u00e1s de 374 heridos, seg\u00fan el balance divulgado este jueves por la Defensa Civil.","og_url":"https:\/\/www.americanonewspaper.com\/es\/brasil\/suben-a-108-los-fallecidos-y-a-136-los-desaparecidos-por-las-inundaciones-en-el-sur-de-brasil\/","og_site_name":"Americano Newspaper","article_publisher":"https:\/\/www.facebook.com\/AmericanoNewspaper\/","article_published_time":"2024-05-10T00:54:43+00:00","article_modified_time":"2024-05-10T00:54:45+00:00","og_image":[{"width":900,"height":615,"url":"https:\/\/www.americanonewspaper.com\/es\/wp-content\/uploads\/2024\/05\/1020ce83b4b24c7e11b10f3551a32edea1bdd1f1miniw.jpg","type":"image\/jpeg"}],"author":"Harmony Quintana","twitter_card":"summary_large_image","twitter_misc":{"Written by":"Harmony Quintana","Est. reading time":"3 minutes"},"schema":{"@context":"https:\/\/schema.org","@graph":[{"@type":"Article","@id":"https:\/\/www.americanonewspaper.com\/es\/brasil\/suben-a-108-los-fallecidos-y-a-136-los-desaparecidos-por-las-inundaciones-en-el-sur-de-brasil\/#article","isPartOf":{"@id":"https:\/\/www.americanonewspaper.com\/es\/brasil\/suben-a-108-los-fallecidos-y-a-136-los-desaparecidos-por-las-inundaciones-en-el-sur-de-brasil\/"},"author":{"name":"Harmony Quintana","@id":"https:\/\/www.americanonewspaper.com\/es\/#\/schema\/person\/82c7c1ac5e9a005b627b6c7db5361c90"},"headline":"Suben a 108 los fallecidos y a 136 los desaparecidos por las inundaciones en el sur de Brasil","datePublished":"2024-05-10T00:54:43+00:00","dateModified":"2024-05-10T00:54:45+00:00","mainEntityOfPage":{"@id":"https:\/\/www.americanonewspaper.com\/es\/brasil\/suben-a-108-los-fallecidos-y-a-136-los-desaparecidos-por-las-inundaciones-en-el-sur-de-brasil\/"},"wordCount":422,"publisher":{"@id":"https:\/\/www.americanonewspaper.com\/es\/#organization"},"image":{"@id":"https:\/\/www.americanonewspaper.com\/es\/brasil\/suben-a-108-los-fallecidos-y-a-136-los-desaparecidos-por-las-inundaciones-en-el-sur-de-brasil\/#primaryimage"},"thumbnailUrl":"https:\/\/www.americanonewspaper.com\/es\/wp-content\/uploads\/2024\/05\/1020ce83b4b24c7e11b10f3551a32edea1bdd1f1miniw.jpg","articleSection":["Brasil","Inundaci\u00f3n","Porto Alegre"],"inLanguage":"en-US"},{"@type":"WebPage","@id":"https:\/\/www.americanonewspaper.com\/es\/brasil\/suben-a-108-los-fallecidos-y-a-136-los-desaparecidos-por-las-inundaciones-en-el-sur-de-brasil\/","url":"https:\/\/www.americanonewspaper.com\/es\/brasil\/suben-a-108-los-fallecidos-y-a-136-los-desaparecidos-por-las-inundaciones-en-el-sur-de-brasil\/","name":"Suben a 108 los fallecidos y a 136 los desaparecidos por las inundaciones en el sur de Brasil - Americano Newspaper","isPartOf":{"@id":"https:\/\/www.americanonewspaper.com\/es\/#website"},"primaryImageOfPage":{"@id":"https:\/\/www.americanonewspaper.com\/es\/brasil\/suben-a-108-los-fallecidos-y-a-136-los-desaparecidos-por-las-inundaciones-en-el-sur-de-brasil\/#primaryimage"},"image":{"@id":"https:\/\/www.americanonewspaper.com\/es\/brasil\/suben-a-108-los-fallecidos-y-a-136-los-desaparecidos-por-las-inundaciones-en-el-sur-de-brasil\/#primaryimage"},"thumbnailUrl":"https:\/\/www.americanonewspaper.com\/es\/wp-content\/uploads\/2024\/05\/1020ce83b4b24c7e11b10f3551a32edea1bdd1f1miniw.jpg","datePublished":"2024-05-10T00:54:43+00:00","dateModified":"2024-05-10T00:54:45+00:00","description":"Las devastadoras inundaciones en la regi\u00f3n sur de Brasil han dejado hasta el momento 108 fallecidos y 136 desaparecidos, adem\u00e1s de 374 heridos, seg\u00fan el balance divulgado este jueves por la Defensa Civil.","breadcrumb":{"@id":"https:\/\/www.americanonewspaper.com\/es\/brasil\/suben-a-108-los-fallecidos-y-a-136-los-desaparecidos-por-las-inundaciones-en-el-sur-de-brasil\/#breadcrumb"},"inLanguage":"en-US","potentialAction":[{"@type":"ReadAction","target":["https:\/\/www.americanonewspaper.com\/es\/brasil\/suben-a-108-los-fallecidos-y-a-136-los-desaparecidos-por-las-inundaciones-en-el-sur-de-brasil\/"]}]},{"@type":"ImageObject","inLanguage":"en-US","@id":"https:\/\/www.americanonewspaper.com\/es\/brasil\/suben-a-108-los-fallecidos-y-a-136-los-desaparecidos-por-las-inundaciones-en-el-sur-de-brasil\/#primaryimage","url":"https:\/\/www.americanonewspaper.com\/es\/wp-content\/uploads\/2024\/05\/1020ce83b4b24c7e11b10f3551a32edea1bdd1f1miniw.jpg","contentUrl":"https:\/\/www.americanonewspaper.com\/es\/wp-content\/uploads\/2024\/05\/1020ce83b4b24c7e11b10f3551a32edea1bdd1f1miniw.jpg","width":900,"height":615,"caption":"Fotograf\u00eda tomada con un dron que muestra un ciclista pasando por el puente tras inundaci\u00f3n causada por el desbordamiento del r\u00edo Taquari, en la ciudad de Lajeado en el estado de Rio Grande do Sul en el sur de Brasil. EFE\/Sebasti\u00e3o Moreira"},{"@type":"BreadcrumbList","@id":"https:\/\/www.americanonewspaper.com\/es\/brasil\/suben-a-108-los-fallecidos-y-a-136-los-desaparecidos-por-las-inundaciones-en-el-sur-de-brasil\/#breadcrumb","itemListElement":[{"@type":"ListItem","position":1,"name":"Home","item":"https:\/\/www.americanonewspaper.com\/es\/"},{"@type":"ListItem","position":2,"name":"Suben a 108 los fallecidos y a 136 los desaparecidos por las inundaciones en el sur de Brasil"}]},{"@type":"WebSite","@id":"https:\/\/www.americanonewspaper.com\/es\/#website","url":"https:\/\/www.americanonewspaper.com\/es\/","name":"Americano Newspaper","description":"The Hispanic Newspaper of New Jersey.","publisher":{"@id":"https:\/\/www.americanonewspaper.com\/es\/#organization"},"potentialAction":[{"@type":"SearchAction","target":{"@type":"EntryPoint","urlTemplate":"https:\/\/www.americanonewspaper.com\/es\/?s={search_term_string}"},"query-input":{"@type":"PropertyValueSpecification","valueRequired":true,"valueName":"search_term_string"}}],"inLanguage":"en-US"},{"@type":"Organization","@id":"https:\/\/www.americanonewspaper.com\/es\/#organization","name":"Americano Newspaper","url":"https:\/\/www.americanonewspaper.com\/es\/","logo":{"@type":"ImageObject","inLanguage":"en-US","@id":"https:\/\/www.americanonewspaper.com\/es\/#\/schema\/logo\/image\/","url":"https:\/\/www.americanonewspaper.com\/es\/wp-content\/uploads\/2024\/05\/AmericanoLogoCircle.comCircle2.jpg","contentUrl":"https:\/\/www.americanonewspaper.com\/es\/wp-content\/uploads\/2024\/05\/AmericanoLogoCircle.comCircle2.jpg","width":600,"height":600,"caption":"Americano Newspaper"},"image":{"@id":"https:\/\/www.americanonewspaper.com\/es\/#\/schema\/logo\/image\/"},"sameAs":["https:\/\/www.facebook.com\/AmericanoNewspaper\/"]},{"@type":"Person","@id":"https:\/\/www.americanonewspaper.com\/es\/#\/schema\/person\/82c7c1ac5e9a005b627b6c7db5361c90","name":"Harmony Quintana","image":{"@type":"ImageObject","inLanguage":"en-US","@id":"https:\/\/www.americanonewspaper.com\/es\/wp-content\/litespeed\/avatar\/656e5d40e40a67e90b0fee2acae8a764.jpg?ver=1777427866","url":"https:\/\/www.americanonewspaper.com\/es\/wp-content\/litespeed\/avatar\/656e5d40e40a67e90b0fee2acae8a764.jpg?ver=1777427866","contentUrl":"https:\/\/www.americanonewspaper.com\/es\/wp-content\/litespeed\/avatar\/656e5d40e40a67e90b0fee2acae8a764.jpg?ver=1777427866","caption":"Harmony Quintana"},"sameAs":["http:\/\/www.americanonewspaper.com"],"url":"https:\/\/www.americanonewspaper.com\/es\/author\/harmony\/"}]}},"jetpack_publicize_connections":[],"jetpack_featured_media_url":"https:\/\/www.americanonewspaper.com\/es\/wp-content\/uploads\/2024\/05\/1020ce83b4b24c7e11b10f3551a32edea1bdd1f1miniw.jpg","featured_image_urls":{"full":["https:\/\/www.americanonewspaper.com\/es\/wp-content\/uploads\/2024\/05\/1020ce83b4b24c7e11b10f3551a32edea1bdd1f1miniw.jpg",900,615,false],"thumbnail":["https:\/\/www.americanonewspaper.com\/es\/wp-content\/uploads\/2024\/05\/1020ce83b4b24c7e11b10f3551a32edea1bdd1f1miniw-250x250.jpg",250,250,true],"medium":["https:\/\/www.americanonewspaper.com\/es\/wp-content\/uploads\/2024\/05\/1020ce83b4b24c7e11b10f3551a32edea1bdd1f1miniw-300x205.jpg",300,205,true],"medium_large":["https:\/\/www.americanonewspaper.com\/es\/wp-content\/uploads\/2024\/05\/1020ce83b4b24c7e11b10f3551a32edea1bdd1f1miniw-768x525.jpg",696,476,true],"large":["https:\/\/www.americanonewspaper.com\/es\/wp-content\/uploads\/2024\/05\/1020ce83b4b24c7e11b10f3551a32edea1bdd1f1miniw-732x500.jpg",696,475,true],"1536x1536":["https:\/\/www.americanonewspaper.com\/es\/wp-content\/uploads\/2024\/05\/1020ce83b4b24c7e11b10f3551a32edea1bdd1f1miniw.jpg",900,615,false],"2048x2048":["https:\/\/www.americanonewspaper.com\/es\/wp-content\/uploads\/2024\/05\/1020ce83b4b24c7e11b10f3551a32edea1bdd1f1miniw.jpg",900,615,false],"td_150x0":["https:\/\/www.americanonewspaper.com\/es\/wp-content\/uploads\/2024\/05\/1020ce83b4b24c7e11b10f3551a32edea1bdd1f1miniw-150x103.jpg",150,103,true],"td_218x150":["https:\/\/www.americanonewspaper.com\/es\/wp-content\/uploads\/2024\/05\/1020ce83b4b24c7e11b10f3551a32edea1bdd1f1miniw-218x150.jpg",218,150,true],"td_300x0":["https:\/\/www.americanonewspaper.com\/es\/wp-content\/uploads\/2024\/05\/1020ce83b4b24c7e11b10f3551a32edea1bdd1f1miniw-300x205.jpg",300,205,true],"td_324x400":["https:\/\/www.americanonewspaper.com\/es\/wp-content\/uploads\/2024\/05\/1020ce83b4b24c7e11b10f3551a32edea1bdd1f1miniw-324x400.jpg",324,400,true],"td_485x360":["https:\/\/www.americanonewspaper.com\/es\/wp-content\/uploads\/2024\/05\/1020ce83b4b24c7e11b10f3551a32edea1bdd1f1miniw-485x360.jpg",485,360,true],"td_696x0":["https:\/\/www.americanonewspaper.com\/es\/wp-content\/uploads\/2024\/05\/1020ce83b4b24c7e11b10f3551a32edea1bdd1f1miniw-696x476.jpg",696,476,true],"td_1068x0":["https:\/\/www.americanonewspaper.com\/es\/wp-content\/uploads\/2024\/05\/1020ce83b4b24c7e11b10f3551a32edea1bdd1f1miniw.jpg",900,615,false],"td_1920x0":["https:\/\/www.americanonewspaper.com\/es\/wp-content\/uploads\/2024\/05\/1020ce83b4b24c7e11b10f3551a32edea1bdd1f1miniw.jpg",900,615,false],"bdpp-medium":["https:\/\/www.americanonewspaper.com\/es\/wp-content\/uploads\/2024\/05\/1020ce83b4b24c7e11b10f3551a32edea1bdd1f1miniw.jpg",640,437,false]},"author_info":{"display_name":"Harmony Quintana","author_link":"https:\/\/www.americanonewspaper.com\/es\/author\/harmony\/"},"category_info":"<a href=\"https:\/\/www.americanonewspaper.com\/es\/category\/brasil\/\" rel=\"category tag\">Brasil<\/a> <a href=\"https:\/\/www.americanonewspaper.com\/es\/category\/inundacion\/\" rel=\"category tag\">Inundaci\u00f3n<\/a> <a href=\"https:\/\/www.americanonewspaper.com\/es\/category\/porto-alegre\/\" rel=\"category tag\">Porto Alegre<\/a>","tag_info":"Porto Alegre","comment_count":"0","jetpack_sharing_enabled":true,"jetpack_likes_enabled":true,"_links":{"self":[{"href":"https:\/\/www.americanonewspaper.com\/es\/wp-json\/wp\/v2\/posts\/22173","targetHints":{"allow":["GET"]}}],"collection":[{"href":"https:\/\/www.americanonewspaper.com\/es\/wp-json\/wp\/v2\/posts"}],"about":[{"href":"https:\/\/www.americanonewspaper.com\/es\/wp-json\/wp\/v2\/types\/post"}],"author":[{"embeddable":true,"href":"https:\/\/www.americanonewspaper.com\/es\/wp-json\/wp\/v2\/users\/14"}],"replies":[{"embeddable":true,"href":"https:\/\/www.americanonewspaper.com\/es\/wp-json\/wp\/v2\/comments?post=22173"}],"version-history":[{"count":1,"href":"https:\/\/www.americanonewspaper.com\/es\/wp-json\/wp\/v2\/posts\/22173\/revisions"}],"predecessor-version":[{"id":22176,"href":"https:\/\/www.americanonewspaper.com\/es\/wp-json\/wp\/v2\/posts\/22173\/revisions\/22176"}],"wp:featuredmedia":[{"embeddable":true,"href":"https:\/\/www.americanonewspaper.com\/es\/wp-json\/wp\/v2\/media\/22175"}],"wp:attachment":[{"href":"https:\/\/www.americanonewspaper.com\/es\/wp-json\/wp\/v2\/media?parent=22173"}],"wp:term":[{"taxonomy":"category","embeddable":true,"href":"https:\/\/www.americanonewspaper.com\/es\/wp-json\/wp\/v2\/categories?post=22173"},{"taxonomy":"post_tag","embeddable":true,"href":"https:\/\/www.americanonewspaper.com\/es\/wp-json\/wp\/v2\/tags?post=22173"}],"curies":[{"name":"wp","href":"https:\/\/api.w.org\/{rel}","templated":true}]}}