{"id":22101,"date":"2024-05-06T00:30:19","date_gmt":"2024-05-06T04:30:19","guid":{"rendered":"https:\/\/www.americanonewspaper.com\/es\/?p=22101"},"modified":"2024-05-06T00:30:21","modified_gmt":"2024-05-06T04:30:21","slug":"miles-de-habitantes-de-porto-alegre-buscan-desesperados-un-refugio-ante-las-inundaciones","status":"publish","type":"post","link":"https:\/\/www.americanonewspaper.com\/es\/brasil\/miles-de-habitantes-de-porto-alegre-buscan-desesperados-un-refugio-ante-las-inundaciones\/","title":{"rendered":"Miles de habitantes de Porto Alegre buscan desesperados un refugio ante las inundaciones"},"content":{"rendered":"\n<p>Porto Alegre (Brasil), (EFE). <\/p>\n\n\n\n<p class=\"has-drop-cap\">Miles de habitantes de la ciudad brasile\u00f1a de Porto Alegre pasaron el fin de semana buscando desesperadamente un refugio ante las in\u00e9ditas inundaciones que ya han causado al menos 79 muertes en el sur de Brasil.<\/p>\n\n\n\n<p>Con el nivel del r\u00edo Gua\u00edba en m\u00e1ximos hist\u00f3ricos, 6.000 residentes de la capital del estado de Rio Grande do Sul, con una poblaci\u00f3n de 1,3 millones, empacaron lo m\u00ednimo necesario, dejaron sus casas y se trasladaron a alguno de los refugios p\u00fablicos de la ciudad, mientras que otros tantos miles fueron a casas de familiares o amigos.<\/p>\n\n\n\n<p>Un anexo del estadio del Gr\u00eamio, el principal club de f\u00fatbol de Porto Alegre, sirvi\u00f3 de alojamiento improvisado durante varios d\u00edas a la familia de Marianete Silva, una trabajadora dom\u00e9stica de 49 a\u00f1os, despu\u00e9s de que el barrio en el que vive quedara inundado.<\/p>\n\n\n\n<p>Pese a estar agradecida por la ayuda que prestan los voluntarios, Silva dijo que su hijo ten\u00eda bronquitis y que necesitaba salir del estadio cuando antes hacia otro lugar con mejor atenci\u00f3n y que garantizase una higiene b\u00e1sica.<\/p>\n\n\n\n<p>&#8220;Tenemos que ir a un albergue para tomar un ba\u00f1o&#8230; Ya perdimos todo y a\u00fan vamos a perder la dignidad&#8221;, se\u00f1al\u00f3 a EFE, antes de apuntar que el Ej\u00e9rcito hab\u00eda prometido trasladarlos, pero que todav\u00eda no lo hab\u00eda hecho despu\u00e9s de varias horas de espera.<\/p>\n\n\n\n<p>Entre los voluntarios que ayudaban en el estadio estaba Adriano, un camionero de 51 a\u00f1os que vio todo lo que estaba pasando por televisi\u00f3n y decidi\u00f3 junto a varios miembros de su familia comprar pan para los afectados.<\/p>\n\n\n\n<p>&nbsp;&#8220;Es lo m\u00ednimo que podemos hacer&#8230; Estamos encontrando a gente hambrienta que lleva dos o tres d\u00edas sin comer bien&#8221;, afirm\u00f3 a EFE, con la voz entrecortada por la emoci\u00f3n.<\/p>\n\n\n\n<p>Con cuatro de las seis estaciones de tratamiento de agua sin funcionar, el 70 % de la ciudad est\u00e1 sin suministro, por lo que el alcalde, Sebasti\u00e3o Melo, dijo en rueda de prensa que &#8220;no se puede perder una gota&#8221;.<\/p>\n\n\n\n<h2 class=\"wp-block-heading\" id=\"h-lula-visita-la-region-por-segunda-vez\"><strong>Lula visita la regi\u00f3n por segunda vez<\/strong><\/h2>\n\n\n\n<p>El presidente de Brasil, Luiz In\u00e1cio Lula da Silva, viaj\u00f3 este domingo a Rio Grande do Sul, su segunda visita desde que empezaron las inundaciones hace una semana, y prometi\u00f3 que no habr\u00e1 &#8220;impedimentos&#8221; burocr\u00e1ticos para el env\u00edo de ayuda.<\/p>\n\n\n\n<p>&nbsp;En una muestra de unidad institucional ante la crisis, Lula lleg\u00f3 acompa\u00f1ado de la mayor parte de su Gobierno, as\u00ed como de los presidentes del Senado y de la C\u00e1mara de Diputados, Rodrigo Pacheco y Arthur Lira, quienes prometieron celeridad en la tramitaci\u00f3n de proyectos de ley para atender la crisis.<\/p>\n\n\n\n<p>Lula dijo que estaba rezando para que dejase de llover en el estado y marc\u00f3 como prioridades la movilizaci\u00f3n de la sanidad p\u00fablica para &#8220;minimizar el sufrimiento&#8221; de la poblaci\u00f3n, la recuperaci\u00f3n de carreteras cortadas, y la vuelta de los ni\u00f1os a las escuelas.<\/p>\n\n\n\n<h2 class=\"wp-block-heading\" id=\"h-mejora-la-prevision-del-tiempo\"><strong>Mejora la previsi\u00f3n del tiempo<\/strong><\/h2>\n\n\n\n<p>Despu\u00e9s de diez d\u00edas en los que llovi\u00f3 lo equivalente a tres meses enteros en Rio Grande do Sul, la intensidad de las precipitaciones fue disminuyendo a lo largo del fin de semana e incluso hubo momentos de sol.<\/p>\n\n\n\n<p>Al mismo tiempo, el nivel del r\u00edo Gua\u00edba se estabiliz\u00f3 este domingo tras superar los cinco metros, y el Ayuntamiento de Porto Alegre prev\u00e9 que se mantenga en esa marca los pr\u00f3ximos dos d\u00edas.<\/p>\n\n\n\n<p>Pese a la mejora del clima, el gobernador de Rio Grande do Sul, Eduardo Leite, advirti\u00f3 que el nivel de los r\u00edos &#8220;va a tardar en disminuir&#8221; y que el n\u00famero de v\u00edctimas a\u00fan puede aumentar &#8220;mucho&#8221; debido a los deslizamientos de tierra.<\/p>\n\n\n\n<p>Aparte de los muertos, hay 105 desaparecidos y m\u00e1s de 134.000 desplazados en todo el estado, seg\u00fan el \u00faltimo balance divulgado en la tarde del domingo.<\/p>\n","protected":false},"excerpt":{"rendered":"<p>Porto Alegre (Brasil), (EFE). Miles de habitantes de la ciudad brasile\u00f1a de Porto Alegre pasaron el fin de semana buscando desesperadamente un refugio ante las in\u00e9ditas inundaciones que ya han causado al menos 79 muertes en el sur de Brasil. Con el nivel del r\u00edo Gua\u00edba en m\u00e1ximos hist\u00f3ricos, 6.000 residentes de la capital del [&hellip;]<\/p>\n","protected":false},"author":14,"featured_media":22102,"comment_status":"closed","ping_status":"open","sticky":true,"template":"","format":"standard","meta":{"_acf_changed":false,"tdm_status":"","tdm_grid_status":"","_jetpack_memberships_contains_paid_content":false,"footnotes":"","jetpack_publicize_message":"","jetpack_publicize_feature_enabled":true,"jetpack_social_post_already_shared":true,"jetpack_social_options":{"image_generator_settings":{"template":"highway","default_image_id":0,"font":"","enabled":false},"version":2},"_wpas_customize_per_network":false},"categories":[647,648,649],"tags":[],"class_list":{"0":"post-22101","1":"post","2":"type-post","3":"status-publish","4":"format-standard","5":"has-post-thumbnail","7":"category-brasil","8":"category-inundacion","9":"category-porto-alegre"},"acf":[],"yoast_head":"<!-- This site is optimized with the Yoast SEO Premium plugin v27.5 (Yoast SEO v27.5) - https:\/\/yoast.com\/product\/yoast-seo-premium-wordpress\/ -->\n<title>Miles de habitantes de Porto Alegre buscan desesperados un refugio ante las inundaciones - Americano Newspaper<\/title>\n<meta name=\"description\" content=\"Miles de habitantes de la ciudad brasile\u00f1a de Porto Alegre pasaron el fin de semana buscando desesperadamente un refugio ante las in\u00e9ditas inundaciones que ya han causado al menos 79 muertes en el sur de Brasil.\" \/>\n<meta name=\"robots\" content=\"index, follow, max-snippet:-1, max-image-preview:large, max-video-preview:-1\" \/>\n<link rel=\"canonical\" href=\"https:\/\/www.americanonewspaper.com\/es\/brasil\/miles-de-habitantes-de-porto-alegre-buscan-desesperados-un-refugio-ante-las-inundaciones\/\" \/>\n<meta property=\"og:locale\" content=\"en_US\" \/>\n<meta property=\"og:type\" content=\"article\" \/>\n<meta property=\"og:title\" content=\"Miles de habitantes de Porto Alegre buscan desesperados un refugio ante las inundaciones\" \/>\n<meta property=\"og:description\" content=\"Miles de habitantes de la ciudad brasile\u00f1a de Porto Alegre pasaron el fin de semana buscando desesperadamente un refugio ante las in\u00e9ditas inundaciones que ya han causado al menos 79 muertes en el sur de Brasil.\" \/>\n<meta property=\"og:url\" content=\"https:\/\/www.americanonewspaper.com\/es\/brasil\/miles-de-habitantes-de-porto-alegre-buscan-desesperados-un-refugio-ante-las-inundaciones\/\" \/>\n<meta property=\"og:site_name\" content=\"Americano Newspaper\" \/>\n<meta property=\"article:publisher\" content=\"https:\/\/www.facebook.com\/AmericanoNewspaper\/\" \/>\n<meta property=\"article:published_time\" content=\"2024-05-06T04:30:19+00:00\" \/>\n<meta property=\"article:modified_time\" content=\"2024-05-06T04:30:21+00:00\" \/>\n<meta property=\"og:image\" content=\"https:\/\/www.americanonewspaper.com\/es\/wp-content\/uploads\/2024\/05\/78b2be41396b49f83aa1219b3eabaff3744c0f46miniw.jpg\" \/>\n\t<meta property=\"og:image:width\" content=\"900\" \/>\n\t<meta property=\"og:image:height\" content=\"506\" \/>\n\t<meta property=\"og:image:type\" content=\"image\/jpeg\" \/>\n<meta name=\"author\" content=\"Harmony Quintana\" \/>\n<meta name=\"twitter:card\" content=\"summary_large_image\" \/>\n<meta name=\"twitter:label1\" content=\"Written by\" \/>\n\t<meta name=\"twitter:data1\" content=\"Harmony Quintana\" \/>\n\t<meta name=\"twitter:label2\" content=\"Est. reading time\" \/>\n\t<meta name=\"twitter:data2\" content=\"3 minutes\" \/>\n<script type=\"application\/ld+json\" class=\"yoast-schema-graph\">{\"@context\":\"https:\\\/\\\/schema.org\",\"@graph\":[{\"@type\":\"Article\",\"@id\":\"https:\\\/\\\/www.americanonewspaper.com\\\/es\\\/brasil\\\/miles-de-habitantes-de-porto-alegre-buscan-desesperados-un-refugio-ante-las-inundaciones\\\/#article\",\"isPartOf\":{\"@id\":\"https:\\\/\\\/www.americanonewspaper.com\\\/es\\\/brasil\\\/miles-de-habitantes-de-porto-alegre-buscan-desesperados-un-refugio-ante-las-inundaciones\\\/\"},\"author\":{\"name\":\"Harmony Quintana\",\"@id\":\"https:\\\/\\\/www.americanonewspaper.com\\\/es\\\/#\\\/schema\\\/person\\\/82c7c1ac5e9a005b627b6c7db5361c90\"},\"headline\":\"Miles de habitantes de Porto Alegre buscan desesperados un refugio ante las inundaciones\",\"datePublished\":\"2024-05-06T04:30:19+00:00\",\"dateModified\":\"2024-05-06T04:30:21+00:00\",\"mainEntityOfPage\":{\"@id\":\"https:\\\/\\\/www.americanonewspaper.com\\\/es\\\/brasil\\\/miles-de-habitantes-de-porto-alegre-buscan-desesperados-un-refugio-ante-las-inundaciones\\\/\"},\"wordCount\":685,\"publisher\":{\"@id\":\"https:\\\/\\\/www.americanonewspaper.com\\\/es\\\/#organization\"},\"image\":{\"@id\":\"https:\\\/\\\/www.americanonewspaper.com\\\/es\\\/brasil\\\/miles-de-habitantes-de-porto-alegre-buscan-desesperados-un-refugio-ante-las-inundaciones\\\/#primaryimage\"},\"thumbnailUrl\":\"https:\\\/\\\/www.americanonewspaper.com\\\/es\\\/wp-content\\\/uploads\\\/2024\\\/05\\\/78b2be41396b49f83aa1219b3eabaff3744c0f46miniw.jpg\",\"articleSection\":[\"Brasil\",\"Inundaci\u00f3n\",\"Porto Alegre\"],\"inLanguage\":\"en-US\"},{\"@type\":\"WebPage\",\"@id\":\"https:\\\/\\\/www.americanonewspaper.com\\\/es\\\/brasil\\\/miles-de-habitantes-de-porto-alegre-buscan-desesperados-un-refugio-ante-las-inundaciones\\\/\",\"url\":\"https:\\\/\\\/www.americanonewspaper.com\\\/es\\\/brasil\\\/miles-de-habitantes-de-porto-alegre-buscan-desesperados-un-refugio-ante-las-inundaciones\\\/\",\"name\":\"Miles de habitantes de Porto Alegre buscan desesperados un refugio ante las inundaciones - Americano Newspaper\",\"isPartOf\":{\"@id\":\"https:\\\/\\\/www.americanonewspaper.com\\\/es\\\/#website\"},\"primaryImageOfPage\":{\"@id\":\"https:\\\/\\\/www.americanonewspaper.com\\\/es\\\/brasil\\\/miles-de-habitantes-de-porto-alegre-buscan-desesperados-un-refugio-ante-las-inundaciones\\\/#primaryimage\"},\"image\":{\"@id\":\"https:\\\/\\\/www.americanonewspaper.com\\\/es\\\/brasil\\\/miles-de-habitantes-de-porto-alegre-buscan-desesperados-un-refugio-ante-las-inundaciones\\\/#primaryimage\"},\"thumbnailUrl\":\"https:\\\/\\\/www.americanonewspaper.com\\\/es\\\/wp-content\\\/uploads\\\/2024\\\/05\\\/78b2be41396b49f83aa1219b3eabaff3744c0f46miniw.jpg\",\"datePublished\":\"2024-05-06T04:30:19+00:00\",\"dateModified\":\"2024-05-06T04:30:21+00:00\",\"description\":\"Miles de habitantes de la ciudad brasile\u00f1a de Porto Alegre pasaron el fin de semana buscando desesperadamente un refugio ante las in\u00e9ditas inundaciones que ya han causado al menos 79 muertes en el sur de Brasil.\",\"breadcrumb\":{\"@id\":\"https:\\\/\\\/www.americanonewspaper.com\\\/es\\\/brasil\\\/miles-de-habitantes-de-porto-alegre-buscan-desesperados-un-refugio-ante-las-inundaciones\\\/#breadcrumb\"},\"inLanguage\":\"en-US\",\"potentialAction\":[{\"@type\":\"ReadAction\",\"target\":[\"https:\\\/\\\/www.americanonewspaper.com\\\/es\\\/brasil\\\/miles-de-habitantes-de-porto-alegre-buscan-desesperados-un-refugio-ante-las-inundaciones\\\/\"]}]},{\"@type\":\"ImageObject\",\"inLanguage\":\"en-US\",\"@id\":\"https:\\\/\\\/www.americanonewspaper.com\\\/es\\\/brasil\\\/miles-de-habitantes-de-porto-alegre-buscan-desesperados-un-refugio-ante-las-inundaciones\\\/#primaryimage\",\"url\":\"https:\\\/\\\/www.americanonewspaper.com\\\/es\\\/wp-content\\\/uploads\\\/2024\\\/05\\\/78b2be41396b49f83aa1219b3eabaff3744c0f46miniw.jpg\",\"contentUrl\":\"https:\\\/\\\/www.americanonewspaper.com\\\/es\\\/wp-content\\\/uploads\\\/2024\\\/05\\\/78b2be41396b49f83aa1219b3eabaff3744c0f46miniw.jpg\",\"width\":900,\"height\":506,\"caption\":\"Fotograf\u00eda a\u00e9rea que muestra luna zona inundada tras la crecida del lago Gua\u00edba en la ciudad de Porto Alegre (Brasil). EFE\\\/ Isaac Fontana\"},{\"@type\":\"BreadcrumbList\",\"@id\":\"https:\\\/\\\/www.americanonewspaper.com\\\/es\\\/brasil\\\/miles-de-habitantes-de-porto-alegre-buscan-desesperados-un-refugio-ante-las-inundaciones\\\/#breadcrumb\",\"itemListElement\":[{\"@type\":\"ListItem\",\"position\":1,\"name\":\"Home\",\"item\":\"https:\\\/\\\/www.americanonewspaper.com\\\/es\\\/\"},{\"@type\":\"ListItem\",\"position\":2,\"name\":\"Miles de habitantes de Porto Alegre buscan desesperados un refugio ante las inundaciones\"}]},{\"@type\":\"WebSite\",\"@id\":\"https:\\\/\\\/www.americanonewspaper.com\\\/es\\\/#website\",\"url\":\"https:\\\/\\\/www.americanonewspaper.com\\\/es\\\/\",\"name\":\"Americano Newspaper\",\"description\":\"The Hispanic Newspaper of New Jersey.\",\"publisher\":{\"@id\":\"https:\\\/\\\/www.americanonewspaper.com\\\/es\\\/#organization\"},\"potentialAction\":[{\"@type\":\"SearchAction\",\"target\":{\"@type\":\"EntryPoint\",\"urlTemplate\":\"https:\\\/\\\/www.americanonewspaper.com\\\/es\\\/?s={search_term_string}\"},\"query-input\":{\"@type\":\"PropertyValueSpecification\",\"valueRequired\":true,\"valueName\":\"search_term_string\"}}],\"inLanguage\":\"en-US\"},{\"@type\":\"Organization\",\"@id\":\"https:\\\/\\\/www.americanonewspaper.com\\\/es\\\/#organization\",\"name\":\"Americano Newspaper\",\"url\":\"https:\\\/\\\/www.americanonewspaper.com\\\/es\\\/\",\"logo\":{\"@type\":\"ImageObject\",\"inLanguage\":\"en-US\",\"@id\":\"https:\\\/\\\/www.americanonewspaper.com\\\/es\\\/#\\\/schema\\\/logo\\\/image\\\/\",\"url\":\"https:\\\/\\\/www.americanonewspaper.com\\\/es\\\/wp-content\\\/uploads\\\/2024\\\/05\\\/AmericanoLogoCircle.comCircle2.jpg\",\"contentUrl\":\"https:\\\/\\\/www.americanonewspaper.com\\\/es\\\/wp-content\\\/uploads\\\/2024\\\/05\\\/AmericanoLogoCircle.comCircle2.jpg\",\"width\":600,\"height\":600,\"caption\":\"Americano Newspaper\"},\"image\":{\"@id\":\"https:\\\/\\\/www.americanonewspaper.com\\\/es\\\/#\\\/schema\\\/logo\\\/image\\\/\"},\"sameAs\":[\"https:\\\/\\\/www.facebook.com\\\/AmericanoNewspaper\\\/\"]},{\"@type\":\"Person\",\"@id\":\"https:\\\/\\\/www.americanonewspaper.com\\\/es\\\/#\\\/schema\\\/person\\\/82c7c1ac5e9a005b627b6c7db5361c90\",\"name\":\"Harmony Quintana\",\"image\":{\"@type\":\"ImageObject\",\"inLanguage\":\"en-US\",\"@id\":\"https:\\\/\\\/www.americanonewspaper.com\\\/es\\\/wp-content\\\/litespeed\\\/avatar\\\/656e5d40e40a67e90b0fee2acae8a764.jpg?ver=1777427866\",\"url\":\"https:\\\/\\\/www.americanonewspaper.com\\\/es\\\/wp-content\\\/litespeed\\\/avatar\\\/656e5d40e40a67e90b0fee2acae8a764.jpg?ver=1777427866\",\"contentUrl\":\"https:\\\/\\\/www.americanonewspaper.com\\\/es\\\/wp-content\\\/litespeed\\\/avatar\\\/656e5d40e40a67e90b0fee2acae8a764.jpg?ver=1777427866\",\"caption\":\"Harmony Quintana\"},\"sameAs\":[\"http:\\\/\\\/www.americanonewspaper.com\"],\"url\":\"https:\\\/\\\/www.americanonewspaper.com\\\/es\\\/author\\\/harmony\\\/\"}]}<\/script>\n<!-- \/ Yoast SEO Premium plugin. -->","yoast_head_json":{"title":"Miles de habitantes de Porto Alegre buscan desesperados un refugio ante las inundaciones - Americano Newspaper","description":"Miles de habitantes de la ciudad brasile\u00f1a de Porto Alegre pasaron el fin de semana buscando desesperadamente un refugio ante las in\u00e9ditas inundaciones que ya han causado al menos 79 muertes en el sur de Brasil.","robots":{"index":"index","follow":"follow","max-snippet":"max-snippet:-1","max-image-preview":"max-image-preview:large","max-video-preview":"max-video-preview:-1"},"canonical":"https:\/\/www.americanonewspaper.com\/es\/brasil\/miles-de-habitantes-de-porto-alegre-buscan-desesperados-un-refugio-ante-las-inundaciones\/","og_locale":"en_US","og_type":"article","og_title":"Miles de habitantes de Porto Alegre buscan desesperados un refugio ante las inundaciones","og_description":"Miles de habitantes de la ciudad brasile\u00f1a de Porto Alegre pasaron el fin de semana buscando desesperadamente un refugio ante las in\u00e9ditas inundaciones que ya han causado al menos 79 muertes en el sur de Brasil.","og_url":"https:\/\/www.americanonewspaper.com\/es\/brasil\/miles-de-habitantes-de-porto-alegre-buscan-desesperados-un-refugio-ante-las-inundaciones\/","og_site_name":"Americano Newspaper","article_publisher":"https:\/\/www.facebook.com\/AmericanoNewspaper\/","article_published_time":"2024-05-06T04:30:19+00:00","article_modified_time":"2024-05-06T04:30:21+00:00","og_image":[{"width":900,"height":506,"url":"https:\/\/www.americanonewspaper.com\/es\/wp-content\/uploads\/2024\/05\/78b2be41396b49f83aa1219b3eabaff3744c0f46miniw.jpg","type":"image\/jpeg"}],"author":"Harmony Quintana","twitter_card":"summary_large_image","twitter_misc":{"Written by":"Harmony Quintana","Est. reading time":"3 minutes"},"schema":{"@context":"https:\/\/schema.org","@graph":[{"@type":"Article","@id":"https:\/\/www.americanonewspaper.com\/es\/brasil\/miles-de-habitantes-de-porto-alegre-buscan-desesperados-un-refugio-ante-las-inundaciones\/#article","isPartOf":{"@id":"https:\/\/www.americanonewspaper.com\/es\/brasil\/miles-de-habitantes-de-porto-alegre-buscan-desesperados-un-refugio-ante-las-inundaciones\/"},"author":{"name":"Harmony Quintana","@id":"https:\/\/www.americanonewspaper.com\/es\/#\/schema\/person\/82c7c1ac5e9a005b627b6c7db5361c90"},"headline":"Miles de habitantes de Porto Alegre buscan desesperados un refugio ante las inundaciones","datePublished":"2024-05-06T04:30:19+00:00","dateModified":"2024-05-06T04:30:21+00:00","mainEntityOfPage":{"@id":"https:\/\/www.americanonewspaper.com\/es\/brasil\/miles-de-habitantes-de-porto-alegre-buscan-desesperados-un-refugio-ante-las-inundaciones\/"},"wordCount":685,"publisher":{"@id":"https:\/\/www.americanonewspaper.com\/es\/#organization"},"image":{"@id":"https:\/\/www.americanonewspaper.com\/es\/brasil\/miles-de-habitantes-de-porto-alegre-buscan-desesperados-un-refugio-ante-las-inundaciones\/#primaryimage"},"thumbnailUrl":"https:\/\/www.americanonewspaper.com\/es\/wp-content\/uploads\/2024\/05\/78b2be41396b49f83aa1219b3eabaff3744c0f46miniw.jpg","articleSection":["Brasil","Inundaci\u00f3n","Porto Alegre"],"inLanguage":"en-US"},{"@type":"WebPage","@id":"https:\/\/www.americanonewspaper.com\/es\/brasil\/miles-de-habitantes-de-porto-alegre-buscan-desesperados-un-refugio-ante-las-inundaciones\/","url":"https:\/\/www.americanonewspaper.com\/es\/brasil\/miles-de-habitantes-de-porto-alegre-buscan-desesperados-un-refugio-ante-las-inundaciones\/","name":"Miles de habitantes de Porto Alegre buscan desesperados un refugio ante las inundaciones - Americano Newspaper","isPartOf":{"@id":"https:\/\/www.americanonewspaper.com\/es\/#website"},"primaryImageOfPage":{"@id":"https:\/\/www.americanonewspaper.com\/es\/brasil\/miles-de-habitantes-de-porto-alegre-buscan-desesperados-un-refugio-ante-las-inundaciones\/#primaryimage"},"image":{"@id":"https:\/\/www.americanonewspaper.com\/es\/brasil\/miles-de-habitantes-de-porto-alegre-buscan-desesperados-un-refugio-ante-las-inundaciones\/#primaryimage"},"thumbnailUrl":"https:\/\/www.americanonewspaper.com\/es\/wp-content\/uploads\/2024\/05\/78b2be41396b49f83aa1219b3eabaff3744c0f46miniw.jpg","datePublished":"2024-05-06T04:30:19+00:00","dateModified":"2024-05-06T04:30:21+00:00","description":"Miles de habitantes de la ciudad brasile\u00f1a de Porto Alegre pasaron el fin de semana buscando desesperadamente un refugio ante las in\u00e9ditas inundaciones que ya han causado al menos 79 muertes en el sur de Brasil.","breadcrumb":{"@id":"https:\/\/www.americanonewspaper.com\/es\/brasil\/miles-de-habitantes-de-porto-alegre-buscan-desesperados-un-refugio-ante-las-inundaciones\/#breadcrumb"},"inLanguage":"en-US","potentialAction":[{"@type":"ReadAction","target":["https:\/\/www.americanonewspaper.com\/es\/brasil\/miles-de-habitantes-de-porto-alegre-buscan-desesperados-un-refugio-ante-las-inundaciones\/"]}]},{"@type":"ImageObject","inLanguage":"en-US","@id":"https:\/\/www.americanonewspaper.com\/es\/brasil\/miles-de-habitantes-de-porto-alegre-buscan-desesperados-un-refugio-ante-las-inundaciones\/#primaryimage","url":"https:\/\/www.americanonewspaper.com\/es\/wp-content\/uploads\/2024\/05\/78b2be41396b49f83aa1219b3eabaff3744c0f46miniw.jpg","contentUrl":"https:\/\/www.americanonewspaper.com\/es\/wp-content\/uploads\/2024\/05\/78b2be41396b49f83aa1219b3eabaff3744c0f46miniw.jpg","width":900,"height":506,"caption":"Fotograf\u00eda a\u00e9rea que muestra luna zona inundada tras la crecida del lago Gua\u00edba en la ciudad de Porto Alegre (Brasil). EFE\/ Isaac Fontana"},{"@type":"BreadcrumbList","@id":"https:\/\/www.americanonewspaper.com\/es\/brasil\/miles-de-habitantes-de-porto-alegre-buscan-desesperados-un-refugio-ante-las-inundaciones\/#breadcrumb","itemListElement":[{"@type":"ListItem","position":1,"name":"Home","item":"https:\/\/www.americanonewspaper.com\/es\/"},{"@type":"ListItem","position":2,"name":"Miles de habitantes de Porto Alegre buscan desesperados un refugio ante las inundaciones"}]},{"@type":"WebSite","@id":"https:\/\/www.americanonewspaper.com\/es\/#website","url":"https:\/\/www.americanonewspaper.com\/es\/","name":"Americano Newspaper","description":"The Hispanic Newspaper of New Jersey.","publisher":{"@id":"https:\/\/www.americanonewspaper.com\/es\/#organization"},"potentialAction":[{"@type":"SearchAction","target":{"@type":"EntryPoint","urlTemplate":"https:\/\/www.americanonewspaper.com\/es\/?s={search_term_string}"},"query-input":{"@type":"PropertyValueSpecification","valueRequired":true,"valueName":"search_term_string"}}],"inLanguage":"en-US"},{"@type":"Organization","@id":"https:\/\/www.americanonewspaper.com\/es\/#organization","name":"Americano Newspaper","url":"https:\/\/www.americanonewspaper.com\/es\/","logo":{"@type":"ImageObject","inLanguage":"en-US","@id":"https:\/\/www.americanonewspaper.com\/es\/#\/schema\/logo\/image\/","url":"https:\/\/www.americanonewspaper.com\/es\/wp-content\/uploads\/2024\/05\/AmericanoLogoCircle.comCircle2.jpg","contentUrl":"https:\/\/www.americanonewspaper.com\/es\/wp-content\/uploads\/2024\/05\/AmericanoLogoCircle.comCircle2.jpg","width":600,"height":600,"caption":"Americano Newspaper"},"image":{"@id":"https:\/\/www.americanonewspaper.com\/es\/#\/schema\/logo\/image\/"},"sameAs":["https:\/\/www.facebook.com\/AmericanoNewspaper\/"]},{"@type":"Person","@id":"https:\/\/www.americanonewspaper.com\/es\/#\/schema\/person\/82c7c1ac5e9a005b627b6c7db5361c90","name":"Harmony Quintana","image":{"@type":"ImageObject","inLanguage":"en-US","@id":"https:\/\/www.americanonewspaper.com\/es\/wp-content\/litespeed\/avatar\/656e5d40e40a67e90b0fee2acae8a764.jpg?ver=1777427866","url":"https:\/\/www.americanonewspaper.com\/es\/wp-content\/litespeed\/avatar\/656e5d40e40a67e90b0fee2acae8a764.jpg?ver=1777427866","contentUrl":"https:\/\/www.americanonewspaper.com\/es\/wp-content\/litespeed\/avatar\/656e5d40e40a67e90b0fee2acae8a764.jpg?ver=1777427866","caption":"Harmony Quintana"},"sameAs":["http:\/\/www.americanonewspaper.com"],"url":"https:\/\/www.americanonewspaper.com\/es\/author\/harmony\/"}]}},"jetpack_publicize_connections":[],"jetpack_featured_media_url":"https:\/\/www.americanonewspaper.com\/es\/wp-content\/uploads\/2024\/05\/78b2be41396b49f83aa1219b3eabaff3744c0f46miniw.jpg","featured_image_urls":{"full":["https:\/\/www.americanonewspaper.com\/es\/wp-content\/uploads\/2024\/05\/78b2be41396b49f83aa1219b3eabaff3744c0f46miniw.jpg",900,506,false],"thumbnail":["https:\/\/www.americanonewspaper.com\/es\/wp-content\/uploads\/2024\/05\/78b2be41396b49f83aa1219b3eabaff3744c0f46miniw-250x250.jpg",250,250,true],"medium":["https:\/\/www.americanonewspaper.com\/es\/wp-content\/uploads\/2024\/05\/78b2be41396b49f83aa1219b3eabaff3744c0f46miniw-300x169.jpg",300,169,true],"medium_large":["https:\/\/www.americanonewspaper.com\/es\/wp-content\/uploads\/2024\/05\/78b2be41396b49f83aa1219b3eabaff3744c0f46miniw-768x432.jpg",696,392,true],"large":["https:\/\/www.americanonewspaper.com\/es\/wp-content\/uploads\/2024\/05\/78b2be41396b49f83aa1219b3eabaff3744c0f46miniw-800x450.jpg",696,392,true],"1536x1536":["https:\/\/www.americanonewspaper.com\/es\/wp-content\/uploads\/2024\/05\/78b2be41396b49f83aa1219b3eabaff3744c0f46miniw.jpg",900,506,false],"2048x2048":["https:\/\/www.americanonewspaper.com\/es\/wp-content\/uploads\/2024\/05\/78b2be41396b49f83aa1219b3eabaff3744c0f46miniw.jpg",900,506,false],"td_150x0":["https:\/\/www.americanonewspaper.com\/es\/wp-content\/uploads\/2024\/05\/78b2be41396b49f83aa1219b3eabaff3744c0f46miniw-150x84.jpg",150,84,true],"td_218x150":["https:\/\/www.americanonewspaper.com\/es\/wp-content\/uploads\/2024\/05\/78b2be41396b49f83aa1219b3eabaff3744c0f46miniw-218x150.jpg",218,150,true],"td_300x0":["https:\/\/www.americanonewspaper.com\/es\/wp-content\/uploads\/2024\/05\/78b2be41396b49f83aa1219b3eabaff3744c0f46miniw-300x169.jpg",300,169,true],"td_324x400":["https:\/\/www.americanonewspaper.com\/es\/wp-content\/uploads\/2024\/05\/78b2be41396b49f83aa1219b3eabaff3744c0f46miniw-324x400.jpg",324,400,true],"td_485x360":["https:\/\/www.americanonewspaper.com\/es\/wp-content\/uploads\/2024\/05\/78b2be41396b49f83aa1219b3eabaff3744c0f46miniw-485x360.jpg",485,360,true],"td_696x0":["https:\/\/www.americanonewspaper.com\/es\/wp-content\/uploads\/2024\/05\/78b2be41396b49f83aa1219b3eabaff3744c0f46miniw-696x391.jpg",696,391,true],"td_1068x0":["https:\/\/www.americanonewspaper.com\/es\/wp-content\/uploads\/2024\/05\/78b2be41396b49f83aa1219b3eabaff3744c0f46miniw.jpg",900,506,false],"td_1920x0":["https:\/\/www.americanonewspaper.com\/es\/wp-content\/uploads\/2024\/05\/78b2be41396b49f83aa1219b3eabaff3744c0f46miniw.jpg",900,506,false],"bdpp-medium":["https:\/\/www.americanonewspaper.com\/es\/wp-content\/uploads\/2024\/05\/78b2be41396b49f83aa1219b3eabaff3744c0f46miniw.jpg",640,360,false]},"author_info":{"display_name":"Harmony Quintana","author_link":"https:\/\/www.americanonewspaper.com\/es\/author\/harmony\/"},"category_info":"<a href=\"https:\/\/www.americanonewspaper.com\/es\/category\/brasil\/\" rel=\"category tag\">Brasil<\/a> <a href=\"https:\/\/www.americanonewspaper.com\/es\/category\/inundacion\/\" rel=\"category tag\">Inundaci\u00f3n<\/a> <a href=\"https:\/\/www.americanonewspaper.com\/es\/category\/porto-alegre\/\" rel=\"category tag\">Porto Alegre<\/a>","tag_info":"Porto Alegre","comment_count":"0","jetpack_sharing_enabled":true,"jetpack_likes_enabled":true,"_links":{"self":[{"href":"https:\/\/www.americanonewspaper.com\/es\/wp-json\/wp\/v2\/posts\/22101","targetHints":{"allow":["GET"]}}],"collection":[{"href":"https:\/\/www.americanonewspaper.com\/es\/wp-json\/wp\/v2\/posts"}],"about":[{"href":"https:\/\/www.americanonewspaper.com\/es\/wp-json\/wp\/v2\/types\/post"}],"author":[{"embeddable":true,"href":"https:\/\/www.americanonewspaper.com\/es\/wp-json\/wp\/v2\/users\/14"}],"replies":[{"embeddable":true,"href":"https:\/\/www.americanonewspaper.com\/es\/wp-json\/wp\/v2\/comments?post=22101"}],"version-history":[{"count":1,"href":"https:\/\/www.americanonewspaper.com\/es\/wp-json\/wp\/v2\/posts\/22101\/revisions"}],"predecessor-version":[{"id":22103,"href":"https:\/\/www.americanonewspaper.com\/es\/wp-json\/wp\/v2\/posts\/22101\/revisions\/22103"}],"wp:featuredmedia":[{"embeddable":true,"href":"https:\/\/www.americanonewspaper.com\/es\/wp-json\/wp\/v2\/media\/22102"}],"wp:attachment":[{"href":"https:\/\/www.americanonewspaper.com\/es\/wp-json\/wp\/v2\/media?parent=22101"}],"wp:term":[{"taxonomy":"category","embeddable":true,"href":"https:\/\/www.americanonewspaper.com\/es\/wp-json\/wp\/v2\/categories?post=22101"},{"taxonomy":"post_tag","embeddable":true,"href":"https:\/\/www.americanonewspaper.com\/es\/wp-json\/wp\/v2\/tags?post=22101"}],"curies":[{"name":"wp","href":"https:\/\/api.w.org\/{rel}","templated":true}]}}