{"id":21570,"date":"2024-03-03T22:19:19","date_gmt":"2024-03-04T03:19:19","guid":{"rendered":"https:\/\/www.americanonewspaper.com\/es\/?p=21570"},"modified":"2024-03-03T22:31:05","modified_gmt":"2024-03-04T03:31:05","slug":"kamala-pide-cese-al-fuego-de-inmediato","status":"publish","type":"post","link":"https:\/\/www.americanonewspaper.com\/es\/israel-palestine\/kamala-pide-cese-al-fuego-de-inmediato\/","title":{"rendered":"Kamala pide &#8220;Cese al Fuego&#8221; de Inmediato"},"content":{"rendered":"\n<p>Nueva York, 3 mar (EFE).- <\/p>\n\n\n\n<p class=\"dropcapp3\">La vicepresidenta de Estados Unidos, Kamala Harris, pidi\u00f3 este domingo que el alto al fuego en Gaza temporal, de seis semanas, que est\u00e1n negociando Israel y Palestina se implemente &#8220;de inmediato&#8221;.<\/p>\n\n\n\n<p>&#8220;Dada la inmensa escala del sufrimiento en Gaza, debe haber un alto el fuego inmediato durante al menos las pr\u00f3ximas seis semanas, (el plan) que actualmente est\u00e1 sobre la mesa&#8221;, dijo Harris en Selma, Alabama, donde ofreci\u00f3 un discurso para conmemorar el aniversario de la marcha por los derechos civiles conocida como &#8216;Domingo Sangriento&#8217;.<\/p>\n\n\n\n<figure class=\"wp-block-image size-large is-resized\"><a href=\" https:\/\/www.facebook.com\/villanuevasmultiservices\"><img fetchpriority=\"high\" decoding=\"async\" width=\"800\" height=\"370\" src=\"https:\/\/www.americanonewspaper.com\/es\/wp-content\/uploads\/2024\/02\/Screenshot-2024-02-09-at-12.28.40\u202fPM-800x370.png\" alt=\"\" class=\"wp-image-21280\" style=\"width:1068px;height:auto\" srcset=\"https:\/\/www.americanonewspaper.com\/es\/wp-content\/uploads\/2024\/02\/Screenshot-2024-02-09-at-12.28.40\u202fPM-800x370.png 800w, https:\/\/www.americanonewspaper.com\/es\/wp-content\/uploads\/2024\/02\/Screenshot-2024-02-09-at-12.28.40\u202fPM-300x139.png 300w, https:\/\/www.americanonewspaper.com\/es\/wp-content\/uploads\/2024\/02\/Screenshot-2024-02-09-at-12.28.40\u202fPM-768x355.png 768w, https:\/\/www.americanonewspaper.com\/es\/wp-content\/uploads\/2024\/02\/Screenshot-2024-02-09-at-12.28.40\u202fPM-1536x710.png 1536w, https:\/\/www.americanonewspaper.com\/es\/wp-content\/uploads\/2024\/02\/Screenshot-2024-02-09-at-12.28.40\u202fPM-2048x946.png 2048w, https:\/\/www.americanonewspaper.com\/es\/wp-content\/uploads\/2024\/02\/Screenshot-2024-02-09-at-12.28.40\u202fPM-150x69.png 150w, https:\/\/www.americanonewspaper.com\/es\/wp-content\/uploads\/2024\/02\/Screenshot-2024-02-09-at-12.28.40\u202fPM-696x322.png 696w, https:\/\/www.americanonewspaper.com\/es\/wp-content\/uploads\/2024\/02\/Screenshot-2024-02-09-at-12.28.40\u202fPM-1068x494.png 1068w, https:\/\/www.americanonewspaper.com\/es\/wp-content\/uploads\/2024\/02\/Screenshot-2024-02-09-at-12.28.40\u202fPM-1920x887.png 1920w\" sizes=\"(max-width: 800px) 100vw, 800px\" \/><\/a><\/figure>\n\n\n\n<p>La mano derecha de Joe Biden afirm\u00f3 que las im\u00e1genes que llegan desde Gaza son devastadoras: &#8220;Hemos visto a mujeres que dan a luz a beb\u00e9s desnutridos con poca o ninguna atenci\u00f3n m\u00e9dica y ni\u00f1os que mueren por desnutrici\u00f3n y deshidrataci\u00f3n&#8221;.<\/p>\n\n\n\n<p>&#8220;El Gobierno israel\u00ed debe hacer m\u00e1s para aumentar significativamente el flujo de ayuda. No hay excusas&#8221;, anot\u00f3.<\/p>\n\n\n\n<p>Harris se reunir\u00e1 ma\u00f1ana en la Casa Blanca con el miembro del gabinete de guerra israel\u00ed Benny Gantz, un encuentro en el que reiterar\u00e1 la postura de Estados Unidos de implementar el alto el fuego temporal para traer m\u00e1s ayuda humanitaria a Gaza y liberar a los rehenes.<\/p>\n\n\n\n<figure class=\"wp-block-image size-large is-resized\"><a href=\"https:\/\/www.facebook.com\/people\/Rancho-Taqueria\/100092427934454\/\"><img decoding=\"async\" width=\"800\" height=\"367\" src=\"https:\/\/www.americanonewspaper.com\/es\/wp-content\/uploads\/2024\/03\/Poster-correcto-800x367.jpg\" alt=\"\" class=\"wp-image-21572\" style=\"width:1068px;height:auto\" srcset=\"https:\/\/www.americanonewspaper.com\/es\/wp-content\/uploads\/2024\/03\/Poster-correcto-800x367.jpg 800w, https:\/\/www.americanonewspaper.com\/es\/wp-content\/uploads\/2024\/03\/Poster-correcto-300x138.jpg 300w, https:\/\/www.americanonewspaper.com\/es\/wp-content\/uploads\/2024\/03\/Poster-correcto-768x352.jpg 768w, https:\/\/www.americanonewspaper.com\/es\/wp-content\/uploads\/2024\/03\/Poster-correcto-150x69.jpg 150w, https:\/\/www.americanonewspaper.com\/es\/wp-content\/uploads\/2024\/03\/Poster-correcto-696x319.jpg 696w, https:\/\/www.americanonewspaper.com\/es\/wp-content\/uploads\/2024\/03\/Poster-correcto-1068x490.jpg 1068w, https:\/\/www.americanonewspaper.com\/es\/wp-content\/uploads\/2024\/03\/Poster-correcto.jpg 1200w\" sizes=\"(max-width: 800px) 100vw, 800px\" \/><\/a><\/figure>\n\n\n\n<p>Seg\u00fan EE.UU. Israel ha aceptado &#8220;m\u00e1s o menos&#8221; una propuesta de alto el fuego de seis semanas en Gaza, mientras que Ham\u00e1s a\u00fan no ha aceptado una &#8220;categor\u00eda definida de rehenes vulnerables&#8221;, afirm\u00f3 el s\u00e1bado un alto funcionario de la Casa Blanca.<\/p>\n\n\n\n<p>El alto el fuego de seis semanas permitir\u00eda la liberaci\u00f3n de los rehenes retenidos en Gaza y el flujo de ayuda humanitaria.<\/p>\n\n\n\n<p>Estados Unidos intensific\u00f3 este fin de semana su env\u00edo de ayuda humanitaria en Gaza al distribuir aproximadamente 38.000 comidas mediante aviones militares, cuando la Casa Blanca espera que Israel y Palestina se comprometan a un acuerdo de alto al fuego de seis semanas antes de que empiece Ramad\u00e1n el 10 de marzo.<\/p>\n\n\n\n<p>El s\u00e1bado, miles de estadounidenses salieron a protestar en las calles de varias ciudades a favor de Palestina y para pedir cambios en la pol\u00edtica exterior de EE.UU., despu\u00e9s de que esta semana 115 gazat\u00edes murieran tras un ataque de Israel.<\/p>\n\n\n\n<p>Este tipo de protestas, en las que predomina la gente joven, intentan presionar la pol\u00edtica exterior del presidente Joe Biden en medio de un a\u00f1o electoral.<\/p>\n\n\n\n<figure class=\"wp-block-image size-large is-resized\"><a href=\"https:\/\/www.facebook.com\/people\/Villanuevas-Driving-School\/100090554964280\/\"><img decoding=\"async\" width=\"800\" height=\"367\" src=\"https:\/\/www.americanonewspaper.com\/es\/wp-content\/uploads\/2024\/03\/Poster-correcto-Driving-school-800x367.jpg\" alt=\"\" class=\"wp-image-21573\" style=\"width:1067px;height:auto\" srcset=\"https:\/\/www.americanonewspaper.com\/es\/wp-content\/uploads\/2024\/03\/Poster-correcto-Driving-school-800x367.jpg 800w, https:\/\/www.americanonewspaper.com\/es\/wp-content\/uploads\/2024\/03\/Poster-correcto-Driving-school-300x138.jpg 300w, https:\/\/www.americanonewspaper.com\/es\/wp-content\/uploads\/2024\/03\/Poster-correcto-Driving-school-768x352.jpg 768w, https:\/\/www.americanonewspaper.com\/es\/wp-content\/uploads\/2024\/03\/Poster-correcto-Driving-school-150x69.jpg 150w, https:\/\/www.americanonewspaper.com\/es\/wp-content\/uploads\/2024\/03\/Poster-correcto-Driving-school-696x319.jpg 696w, https:\/\/www.americanonewspaper.com\/es\/wp-content\/uploads\/2024\/03\/Poster-correcto-Driving-school-1068x490.jpg 1068w, https:\/\/www.americanonewspaper.com\/es\/wp-content\/uploads\/2024\/03\/Poster-correcto-Driving-school.jpg 1200w\" sizes=\"(max-width: 800px) 100vw, 800px\" \/><\/a><\/figure>\n","protected":false},"excerpt":{"rendered":"<p>Nueva York, 3 mar (EFE).- La vicepresidenta de Estados Unidos, Kamala Harris, pidi\u00f3 este domingo que el alto al fuego en Gaza temporal, de seis semanas, que est\u00e1n negociando Israel y Palestina se implemente &#8220;de inmediato&#8221;. &#8220;Dada la inmensa escala del sufrimiento en Gaza, debe haber un alto el fuego inmediato durante al menos las [&hellip;]<\/p>\n","protected":false},"author":7,"featured_media":21571,"comment_status":"closed","ping_status":"open","sticky":true,"template":"","format":"standard","meta":{"_acf_changed":false,"tdm_status":"","tdm_grid_status":"","_jetpack_memberships_contains_paid_content":false,"footnotes":"","jetpack_publicize_message":"","jetpack_publicize_feature_enabled":true,"jetpack_social_post_already_shared":true,"jetpack_social_options":{"image_generator_settings":{"template":"highway","default_image_id":0,"font":"","enabled":false},"version":2},"_wpas_customize_per_network":false},"categories":[523,315],"tags":[],"class_list":{"0":"post-21570","1":"post","2":"type-post","3":"status-publish","4":"format-standard","5":"has-post-thumbnail","7":"category-israel-palestine","8":"category-usa"},"acf":[],"yoast_head":"<!-- This site is optimized with the Yoast SEO Premium plugin v27.5 (Yoast SEO v27.5) - https:\/\/yoast.com\/product\/yoast-seo-premium-wordpress\/ -->\n<title>Kamala pide &quot;Cese al Fuego&quot; de Inmediato - Americano Newspaper<\/title>\n<meta name=\"description\" content=\"La vicepresidenta de Estados Unidos, Kamala Harris, pidi\u00f3 este domingo que el alto al fuego en Gaza temporal, de seis semanas, que est\u00e1n negociando Israel y Palestina se implemente &quot;de inmediato&quot;.\" \/>\n<meta name=\"robots\" content=\"index, follow, max-snippet:-1, max-image-preview:large, max-video-preview:-1\" \/>\n<link rel=\"canonical\" href=\"https:\/\/www.americanonewspaper.com\/es\/israel-palestine\/kamala-pide-cese-al-fuego-de-inmediato\/\" \/>\n<meta property=\"og:locale\" content=\"en_US\" \/>\n<meta property=\"og:type\" content=\"article\" \/>\n<meta property=\"og:title\" content=\"Kamala pide &quot;Cese al Fuego&quot; de Inmediato\" \/>\n<meta property=\"og:description\" content=\"La vicepresidenta de Estados Unidos, Kamala Harris, pidi\u00f3 este domingo que el alto al fuego en Gaza temporal, de seis semanas, que est\u00e1n negociando Israel y Palestina se implemente &quot;de inmediato&quot;.\" \/>\n<meta property=\"og:url\" content=\"https:\/\/www.americanonewspaper.com\/es\/israel-palestine\/kamala-pide-cese-al-fuego-de-inmediato\/\" \/>\n<meta property=\"og:site_name\" content=\"Americano Newspaper\" \/>\n<meta property=\"article:publisher\" content=\"https:\/\/www.facebook.com\/AmericanoNewspaper\/\" \/>\n<meta property=\"article:published_time\" content=\"2024-03-04T03:19:19+00:00\" \/>\n<meta property=\"article:modified_time\" content=\"2024-03-04T03:31:05+00:00\" \/>\n<meta property=\"og:image\" content=\"https:\/\/www.americanonewspaper.com\/es\/wp-content\/uploads\/2024\/03\/Kamala-Harrris-at-bridge.jpg\" \/>\n\t<meta property=\"og:image:width\" content=\"900\" \/>\n\t<meta property=\"og:image:height\" content=\"599\" \/>\n\t<meta property=\"og:image:type\" content=\"image\/jpeg\" \/>\n<meta name=\"author\" content=\"Author\" \/>\n<meta name=\"twitter:card\" content=\"summary_large_image\" \/>\n<meta name=\"twitter:label1\" content=\"Written by\" \/>\n\t<meta name=\"twitter:data1\" content=\"Author\" \/>\n\t<meta name=\"twitter:label2\" content=\"Est. reading time\" \/>\n\t<meta name=\"twitter:data2\" content=\"3 minutes\" \/>\n<script type=\"application\/ld+json\" class=\"yoast-schema-graph\">{\"@context\":\"https:\\\/\\\/schema.org\",\"@graph\":[{\"@type\":\"Article\",\"@id\":\"https:\\\/\\\/www.americanonewspaper.com\\\/es\\\/israel-palestine\\\/kamala-pide-cese-al-fuego-de-inmediato\\\/#article\",\"isPartOf\":{\"@id\":\"https:\\\/\\\/www.americanonewspaper.com\\\/es\\\/israel-palestine\\\/kamala-pide-cese-al-fuego-de-inmediato\\\/\"},\"author\":{\"name\":\"Author\",\"@id\":\"https:\\\/\\\/www.americanonewspaper.com\\\/es\\\/#\\\/schema\\\/person\\\/8967f6b8af7e37bcbbe61f68580ff088\"},\"headline\":\"Kamala pide &#8220;Cese al Fuego&#8221; de Inmediato\",\"datePublished\":\"2024-03-04T03:19:19+00:00\",\"dateModified\":\"2024-03-04T03:31:05+00:00\",\"mainEntityOfPage\":{\"@id\":\"https:\\\/\\\/www.americanonewspaper.com\\\/es\\\/israel-palestine\\\/kamala-pide-cese-al-fuego-de-inmediato\\\/\"},\"wordCount\":413,\"publisher\":{\"@id\":\"https:\\\/\\\/www.americanonewspaper.com\\\/es\\\/#organization\"},\"image\":{\"@id\":\"https:\\\/\\\/www.americanonewspaper.com\\\/es\\\/israel-palestine\\\/kamala-pide-cese-al-fuego-de-inmediato\\\/#primaryimage\"},\"thumbnailUrl\":\"https:\\\/\\\/www.americanonewspaper.com\\\/es\\\/wp-content\\\/uploads\\\/2024\\\/03\\\/Kamala-Harrris-at-bridge.jpg\",\"articleSection\":[\"Israel Palestine\",\"USA\"],\"inLanguage\":\"en-US\"},{\"@type\":\"WebPage\",\"@id\":\"https:\\\/\\\/www.americanonewspaper.com\\\/es\\\/israel-palestine\\\/kamala-pide-cese-al-fuego-de-inmediato\\\/\",\"url\":\"https:\\\/\\\/www.americanonewspaper.com\\\/es\\\/israel-palestine\\\/kamala-pide-cese-al-fuego-de-inmediato\\\/\",\"name\":\"Kamala pide \\\"Cese al Fuego\\\" de Inmediato - Americano Newspaper\",\"isPartOf\":{\"@id\":\"https:\\\/\\\/www.americanonewspaper.com\\\/es\\\/#website\"},\"primaryImageOfPage\":{\"@id\":\"https:\\\/\\\/www.americanonewspaper.com\\\/es\\\/israel-palestine\\\/kamala-pide-cese-al-fuego-de-inmediato\\\/#primaryimage\"},\"image\":{\"@id\":\"https:\\\/\\\/www.americanonewspaper.com\\\/es\\\/israel-palestine\\\/kamala-pide-cese-al-fuego-de-inmediato\\\/#primaryimage\"},\"thumbnailUrl\":\"https:\\\/\\\/www.americanonewspaper.com\\\/es\\\/wp-content\\\/uploads\\\/2024\\\/03\\\/Kamala-Harrris-at-bridge.jpg\",\"datePublished\":\"2024-03-04T03:19:19+00:00\",\"dateModified\":\"2024-03-04T03:31:05+00:00\",\"description\":\"La vicepresidenta de Estados Unidos, Kamala Harris, pidi\u00f3 este domingo que el alto al fuego en Gaza temporal, de seis semanas, que est\u00e1n negociando Israel y Palestina se implemente \\\"de inmediato\\\".\",\"breadcrumb\":{\"@id\":\"https:\\\/\\\/www.americanonewspaper.com\\\/es\\\/israel-palestine\\\/kamala-pide-cese-al-fuego-de-inmediato\\\/#breadcrumb\"},\"inLanguage\":\"en-US\",\"potentialAction\":[{\"@type\":\"ReadAction\",\"target\":[\"https:\\\/\\\/www.americanonewspaper.com\\\/es\\\/israel-palestine\\\/kamala-pide-cese-al-fuego-de-inmediato\\\/\"]}]},{\"@type\":\"ImageObject\",\"inLanguage\":\"en-US\",\"@id\":\"https:\\\/\\\/www.americanonewspaper.com\\\/es\\\/israel-palestine\\\/kamala-pide-cese-al-fuego-de-inmediato\\\/#primaryimage\",\"url\":\"https:\\\/\\\/www.americanonewspaper.com\\\/es\\\/wp-content\\\/uploads\\\/2024\\\/03\\\/Kamala-Harrris-at-bridge.jpg\",\"contentUrl\":\"https:\\\/\\\/www.americanonewspaper.com\\\/es\\\/wp-content\\\/uploads\\\/2024\\\/03\\\/Kamala-Harrris-at-bridge.jpg\",\"width\":900,\"height\":599,\"caption\":\"La vicepresidenta Kamala Harris se une a l\u00edderes comunitarios y de derechos civiles mientras cruzan el puente Edmund Pettus para conmemorar el 59\u00ba aniversario del Domingo Sangriento en Selma, Alabama, este 3 marzo 2024. EFE\\\/EPA\\\/Christian Monterrosa\"},{\"@type\":\"BreadcrumbList\",\"@id\":\"https:\\\/\\\/www.americanonewspaper.com\\\/es\\\/israel-palestine\\\/kamala-pide-cese-al-fuego-de-inmediato\\\/#breadcrumb\",\"itemListElement\":[{\"@type\":\"ListItem\",\"position\":1,\"name\":\"Home\",\"item\":\"https:\\\/\\\/www.americanonewspaper.com\\\/es\\\/\"},{\"@type\":\"ListItem\",\"position\":2,\"name\":\"Kamala pide &#8220;Cese al Fuego&#8221; de Inmediato\"}]},{\"@type\":\"WebSite\",\"@id\":\"https:\\\/\\\/www.americanonewspaper.com\\\/es\\\/#website\",\"url\":\"https:\\\/\\\/www.americanonewspaper.com\\\/es\\\/\",\"name\":\"Americano Newspaper\",\"description\":\"The Hispanic Newspaper of New Jersey.\",\"publisher\":{\"@id\":\"https:\\\/\\\/www.americanonewspaper.com\\\/es\\\/#organization\"},\"potentialAction\":[{\"@type\":\"SearchAction\",\"target\":{\"@type\":\"EntryPoint\",\"urlTemplate\":\"https:\\\/\\\/www.americanonewspaper.com\\\/es\\\/?s={search_term_string}\"},\"query-input\":{\"@type\":\"PropertyValueSpecification\",\"valueRequired\":true,\"valueName\":\"search_term_string\"}}],\"inLanguage\":\"en-US\"},{\"@type\":\"Organization\",\"@id\":\"https:\\\/\\\/www.americanonewspaper.com\\\/es\\\/#organization\",\"name\":\"Americano Newspaper\",\"url\":\"https:\\\/\\\/www.americanonewspaper.com\\\/es\\\/\",\"logo\":{\"@type\":\"ImageObject\",\"inLanguage\":\"en-US\",\"@id\":\"https:\\\/\\\/www.americanonewspaper.com\\\/es\\\/#\\\/schema\\\/logo\\\/image\\\/\",\"url\":\"https:\\\/\\\/www.americanonewspaper.com\\\/es\\\/wp-content\\\/uploads\\\/2024\\\/05\\\/AmericanoLogoCircle.comCircle2.jpg\",\"contentUrl\":\"https:\\\/\\\/www.americanonewspaper.com\\\/es\\\/wp-content\\\/uploads\\\/2024\\\/05\\\/AmericanoLogoCircle.comCircle2.jpg\",\"width\":600,\"height\":600,\"caption\":\"Americano Newspaper\"},\"image\":{\"@id\":\"https:\\\/\\\/www.americanonewspaper.com\\\/es\\\/#\\\/schema\\\/logo\\\/image\\\/\"},\"sameAs\":[\"https:\\\/\\\/www.facebook.com\\\/AmericanoNewspaper\\\/\"]},{\"@type\":\"Person\",\"@id\":\"https:\\\/\\\/www.americanonewspaper.com\\\/es\\\/#\\\/schema\\\/person\\\/8967f6b8af7e37bcbbe61f68580ff088\",\"name\":\"Author\",\"image\":{\"@type\":\"ImageObject\",\"inLanguage\":\"en-US\",\"@id\":\"https:\\\/\\\/www.americanonewspaper.com\\\/es\\\/wp-content\\\/litespeed\\\/avatar\\\/89ffaf6af3cf6769ffb3c6efb2313947.jpg?ver=1777427547\",\"url\":\"https:\\\/\\\/www.americanonewspaper.com\\\/es\\\/wp-content\\\/litespeed\\\/avatar\\\/89ffaf6af3cf6769ffb3c6efb2313947.jpg?ver=1777427547\",\"contentUrl\":\"https:\\\/\\\/www.americanonewspaper.com\\\/es\\\/wp-content\\\/litespeed\\\/avatar\\\/89ffaf6af3cf6769ffb3c6efb2313947.jpg?ver=1777427547\",\"caption\":\"Author\"},\"url\":\"https:\\\/\\\/www.americanonewspaper.com\\\/es\\\/author\\\/americano\\\/\"}]}<\/script>\n<!-- \/ Yoast SEO Premium plugin. -->","yoast_head_json":{"title":"Kamala pide \"Cese al Fuego\" de Inmediato - Americano Newspaper","description":"La vicepresidenta de Estados Unidos, Kamala Harris, pidi\u00f3 este domingo que el alto al fuego en Gaza temporal, de seis semanas, que est\u00e1n negociando Israel y Palestina se implemente \"de inmediato\".","robots":{"index":"index","follow":"follow","max-snippet":"max-snippet:-1","max-image-preview":"max-image-preview:large","max-video-preview":"max-video-preview:-1"},"canonical":"https:\/\/www.americanonewspaper.com\/es\/israel-palestine\/kamala-pide-cese-al-fuego-de-inmediato\/","og_locale":"en_US","og_type":"article","og_title":"Kamala pide \"Cese al Fuego\" de Inmediato","og_description":"La vicepresidenta de Estados Unidos, Kamala Harris, pidi\u00f3 este domingo que el alto al fuego en Gaza temporal, de seis semanas, que est\u00e1n negociando Israel y Palestina se implemente \"de inmediato\".","og_url":"https:\/\/www.americanonewspaper.com\/es\/israel-palestine\/kamala-pide-cese-al-fuego-de-inmediato\/","og_site_name":"Americano Newspaper","article_publisher":"https:\/\/www.facebook.com\/AmericanoNewspaper\/","article_published_time":"2024-03-04T03:19:19+00:00","article_modified_time":"2024-03-04T03:31:05+00:00","og_image":[{"width":900,"height":599,"url":"https:\/\/www.americanonewspaper.com\/es\/wp-content\/uploads\/2024\/03\/Kamala-Harrris-at-bridge.jpg","type":"image\/jpeg"}],"author":"Author","twitter_card":"summary_large_image","twitter_misc":{"Written by":"Author","Est. reading time":"3 minutes"},"schema":{"@context":"https:\/\/schema.org","@graph":[{"@type":"Article","@id":"https:\/\/www.americanonewspaper.com\/es\/israel-palestine\/kamala-pide-cese-al-fuego-de-inmediato\/#article","isPartOf":{"@id":"https:\/\/www.americanonewspaper.com\/es\/israel-palestine\/kamala-pide-cese-al-fuego-de-inmediato\/"},"author":{"name":"Author","@id":"https:\/\/www.americanonewspaper.com\/es\/#\/schema\/person\/8967f6b8af7e37bcbbe61f68580ff088"},"headline":"Kamala pide &#8220;Cese al Fuego&#8221; de Inmediato","datePublished":"2024-03-04T03:19:19+00:00","dateModified":"2024-03-04T03:31:05+00:00","mainEntityOfPage":{"@id":"https:\/\/www.americanonewspaper.com\/es\/israel-palestine\/kamala-pide-cese-al-fuego-de-inmediato\/"},"wordCount":413,"publisher":{"@id":"https:\/\/www.americanonewspaper.com\/es\/#organization"},"image":{"@id":"https:\/\/www.americanonewspaper.com\/es\/israel-palestine\/kamala-pide-cese-al-fuego-de-inmediato\/#primaryimage"},"thumbnailUrl":"https:\/\/www.americanonewspaper.com\/es\/wp-content\/uploads\/2024\/03\/Kamala-Harrris-at-bridge.jpg","articleSection":["Israel Palestine","USA"],"inLanguage":"en-US"},{"@type":"WebPage","@id":"https:\/\/www.americanonewspaper.com\/es\/israel-palestine\/kamala-pide-cese-al-fuego-de-inmediato\/","url":"https:\/\/www.americanonewspaper.com\/es\/israel-palestine\/kamala-pide-cese-al-fuego-de-inmediato\/","name":"Kamala pide \"Cese al Fuego\" de Inmediato - Americano Newspaper","isPartOf":{"@id":"https:\/\/www.americanonewspaper.com\/es\/#website"},"primaryImageOfPage":{"@id":"https:\/\/www.americanonewspaper.com\/es\/israel-palestine\/kamala-pide-cese-al-fuego-de-inmediato\/#primaryimage"},"image":{"@id":"https:\/\/www.americanonewspaper.com\/es\/israel-palestine\/kamala-pide-cese-al-fuego-de-inmediato\/#primaryimage"},"thumbnailUrl":"https:\/\/www.americanonewspaper.com\/es\/wp-content\/uploads\/2024\/03\/Kamala-Harrris-at-bridge.jpg","datePublished":"2024-03-04T03:19:19+00:00","dateModified":"2024-03-04T03:31:05+00:00","description":"La vicepresidenta de Estados Unidos, Kamala Harris, pidi\u00f3 este domingo que el alto al fuego en Gaza temporal, de seis semanas, que est\u00e1n negociando Israel y Palestina se implemente \"de inmediato\".","breadcrumb":{"@id":"https:\/\/www.americanonewspaper.com\/es\/israel-palestine\/kamala-pide-cese-al-fuego-de-inmediato\/#breadcrumb"},"inLanguage":"en-US","potentialAction":[{"@type":"ReadAction","target":["https:\/\/www.americanonewspaper.com\/es\/israel-palestine\/kamala-pide-cese-al-fuego-de-inmediato\/"]}]},{"@type":"ImageObject","inLanguage":"en-US","@id":"https:\/\/www.americanonewspaper.com\/es\/israel-palestine\/kamala-pide-cese-al-fuego-de-inmediato\/#primaryimage","url":"https:\/\/www.americanonewspaper.com\/es\/wp-content\/uploads\/2024\/03\/Kamala-Harrris-at-bridge.jpg","contentUrl":"https:\/\/www.americanonewspaper.com\/es\/wp-content\/uploads\/2024\/03\/Kamala-Harrris-at-bridge.jpg","width":900,"height":599,"caption":"La vicepresidenta Kamala Harris se une a l\u00edderes comunitarios y de derechos civiles mientras cruzan el puente Edmund Pettus para conmemorar el 59\u00ba aniversario del Domingo Sangriento en Selma, Alabama, este 3 marzo 2024. EFE\/EPA\/Christian Monterrosa"},{"@type":"BreadcrumbList","@id":"https:\/\/www.americanonewspaper.com\/es\/israel-palestine\/kamala-pide-cese-al-fuego-de-inmediato\/#breadcrumb","itemListElement":[{"@type":"ListItem","position":1,"name":"Home","item":"https:\/\/www.americanonewspaper.com\/es\/"},{"@type":"ListItem","position":2,"name":"Kamala pide &#8220;Cese al Fuego&#8221; de Inmediato"}]},{"@type":"WebSite","@id":"https:\/\/www.americanonewspaper.com\/es\/#website","url":"https:\/\/www.americanonewspaper.com\/es\/","name":"Americano Newspaper","description":"The Hispanic Newspaper of New Jersey.","publisher":{"@id":"https:\/\/www.americanonewspaper.com\/es\/#organization"},"potentialAction":[{"@type":"SearchAction","target":{"@type":"EntryPoint","urlTemplate":"https:\/\/www.americanonewspaper.com\/es\/?s={search_term_string}"},"query-input":{"@type":"PropertyValueSpecification","valueRequired":true,"valueName":"search_term_string"}}],"inLanguage":"en-US"},{"@type":"Organization","@id":"https:\/\/www.americanonewspaper.com\/es\/#organization","name":"Americano Newspaper","url":"https:\/\/www.americanonewspaper.com\/es\/","logo":{"@type":"ImageObject","inLanguage":"en-US","@id":"https:\/\/www.americanonewspaper.com\/es\/#\/schema\/logo\/image\/","url":"https:\/\/www.americanonewspaper.com\/es\/wp-content\/uploads\/2024\/05\/AmericanoLogoCircle.comCircle2.jpg","contentUrl":"https:\/\/www.americanonewspaper.com\/es\/wp-content\/uploads\/2024\/05\/AmericanoLogoCircle.comCircle2.jpg","width":600,"height":600,"caption":"Americano Newspaper"},"image":{"@id":"https:\/\/www.americanonewspaper.com\/es\/#\/schema\/logo\/image\/"},"sameAs":["https:\/\/www.facebook.com\/AmericanoNewspaper\/"]},{"@type":"Person","@id":"https:\/\/www.americanonewspaper.com\/es\/#\/schema\/person\/8967f6b8af7e37bcbbe61f68580ff088","name":"Author","image":{"@type":"ImageObject","inLanguage":"en-US","@id":"https:\/\/www.americanonewspaper.com\/es\/wp-content\/litespeed\/avatar\/89ffaf6af3cf6769ffb3c6efb2313947.jpg?ver=1777427547","url":"https:\/\/www.americanonewspaper.com\/es\/wp-content\/litespeed\/avatar\/89ffaf6af3cf6769ffb3c6efb2313947.jpg?ver=1777427547","contentUrl":"https:\/\/www.americanonewspaper.com\/es\/wp-content\/litespeed\/avatar\/89ffaf6af3cf6769ffb3c6efb2313947.jpg?ver=1777427547","caption":"Author"},"url":"https:\/\/www.americanonewspaper.com\/es\/author\/americano\/"}]}},"jetpack_publicize_connections":[],"jetpack_featured_media_url":"https:\/\/www.americanonewspaper.com\/es\/wp-content\/uploads\/2024\/03\/Kamala-Harrris-at-bridge.jpg","featured_image_urls":{"full":["https:\/\/www.americanonewspaper.com\/es\/wp-content\/uploads\/2024\/03\/Kamala-Harrris-at-bridge.jpg",900,599,false],"thumbnail":["https:\/\/www.americanonewspaper.com\/es\/wp-content\/uploads\/2024\/03\/Kamala-Harrris-at-bridge-250x250.jpg",250,250,true],"medium":["https:\/\/www.americanonewspaper.com\/es\/wp-content\/uploads\/2024\/03\/Kamala-Harrris-at-bridge-300x200.jpg",300,200,true],"medium_large":["https:\/\/www.americanonewspaper.com\/es\/wp-content\/uploads\/2024\/03\/Kamala-Harrris-at-bridge-768x511.jpg",696,463,true],"large":["https:\/\/www.americanonewspaper.com\/es\/wp-content\/uploads\/2024\/03\/Kamala-Harrris-at-bridge-751x500.jpg",696,463,true],"1536x1536":["https:\/\/www.americanonewspaper.com\/es\/wp-content\/uploads\/2024\/03\/Kamala-Harrris-at-bridge.jpg",900,599,false],"2048x2048":["https:\/\/www.americanonewspaper.com\/es\/wp-content\/uploads\/2024\/03\/Kamala-Harrris-at-bridge.jpg",900,599,false],"td_150x0":["https:\/\/www.americanonewspaper.com\/es\/wp-content\/uploads\/2024\/03\/Kamala-Harrris-at-bridge-150x100.jpg",150,100,true],"td_218x150":["https:\/\/www.americanonewspaper.com\/es\/wp-content\/uploads\/2024\/03\/Kamala-Harrris-at-bridge-218x150.jpg",218,150,true],"td_300x0":["https:\/\/www.americanonewspaper.com\/es\/wp-content\/uploads\/2024\/03\/Kamala-Harrris-at-bridge-300x200.jpg",300,200,true],"td_324x400":["https:\/\/www.americanonewspaper.com\/es\/wp-content\/uploads\/2024\/03\/Kamala-Harrris-at-bridge-324x400.jpg",324,400,true],"td_485x360":["https:\/\/www.americanonewspaper.com\/es\/wp-content\/uploads\/2024\/03\/Kamala-Harrris-at-bridge-485x360.jpg",485,360,true],"td_696x0":["https:\/\/www.americanonewspaper.com\/es\/wp-content\/uploads\/2024\/03\/Kamala-Harrris-at-bridge-696x463.jpg",696,463,true],"td_1068x0":["https:\/\/www.americanonewspaper.com\/es\/wp-content\/uploads\/2024\/03\/Kamala-Harrris-at-bridge.jpg",900,599,false],"td_1920x0":["https:\/\/www.americanonewspaper.com\/es\/wp-content\/uploads\/2024\/03\/Kamala-Harrris-at-bridge.jpg",900,599,false],"bdpp-medium":["https:\/\/www.americanonewspaper.com\/es\/wp-content\/uploads\/2024\/03\/Kamala-Harrris-at-bridge.jpg",640,426,false]},"author_info":{"display_name":"Author","author_link":"https:\/\/www.americanonewspaper.com\/es\/author\/americano\/"},"category_info":"<a href=\"https:\/\/www.americanonewspaper.com\/es\/category\/israel-palestine\/\" rel=\"category tag\">Israel Palestine<\/a> <a href=\"https:\/\/www.americanonewspaper.com\/es\/category\/usa\/\" rel=\"category tag\">USA<\/a>","tag_info":"USA","comment_count":"0","jetpack_sharing_enabled":true,"jetpack_likes_enabled":true,"_links":{"self":[{"href":"https:\/\/www.americanonewspaper.com\/es\/wp-json\/wp\/v2\/posts\/21570","targetHints":{"allow":["GET"]}}],"collection":[{"href":"https:\/\/www.americanonewspaper.com\/es\/wp-json\/wp\/v2\/posts"}],"about":[{"href":"https:\/\/www.americanonewspaper.com\/es\/wp-json\/wp\/v2\/types\/post"}],"author":[{"embeddable":true,"href":"https:\/\/www.americanonewspaper.com\/es\/wp-json\/wp\/v2\/users\/7"}],"replies":[{"embeddable":true,"href":"https:\/\/www.americanonewspaper.com\/es\/wp-json\/wp\/v2\/comments?post=21570"}],"version-history":[{"count":4,"href":"https:\/\/www.americanonewspaper.com\/es\/wp-json\/wp\/v2\/posts\/21570\/revisions"}],"predecessor-version":[{"id":21577,"href":"https:\/\/www.americanonewspaper.com\/es\/wp-json\/wp\/v2\/posts\/21570\/revisions\/21577"}],"wp:featuredmedia":[{"embeddable":true,"href":"https:\/\/www.americanonewspaper.com\/es\/wp-json\/wp\/v2\/media\/21571"}],"wp:attachment":[{"href":"https:\/\/www.americanonewspaper.com\/es\/wp-json\/wp\/v2\/media?parent=21570"}],"wp:term":[{"taxonomy":"category","embeddable":true,"href":"https:\/\/www.americanonewspaper.com\/es\/wp-json\/wp\/v2\/categories?post=21570"},{"taxonomy":"post_tag","embeddable":true,"href":"https:\/\/www.americanonewspaper.com\/es\/wp-json\/wp\/v2\/tags?post=21570"}],"curies":[{"name":"wp","href":"https:\/\/api.w.org\/{rel}","templated":true}]}}