{"id":21327,"date":"2024-02-12T19:43:00","date_gmt":"2024-02-13T00:43:00","guid":{"rendered":"https:\/\/www.americanonewspaper.com\/es\/?p=21327"},"modified":"2024-02-12T20:09:05","modified_gmt":"2024-02-13T01:09:05","slug":"abinader-pide-mision-de-nu-para-haiti","status":"publish","type":"post","link":"https:\/\/www.americanonewspaper.com\/es\/dominican-republic\/republica-dominicana\/abinader-pide-mision-de-nu-para-haiti\/","title":{"rendered":"Abinader pide Misi\u00f3n de ONU para Hait\u00ed"},"content":{"rendered":"\n<p>Santo Domingo, Rep\u00fablica Dominicana 12 feb (EFE).- <\/p>\n\n\n\n<p class=\"dropcapp3\">El presidente dominicano, Luis Abinader, adelant\u00f3 este lunes que el martes, durante su participaci\u00f3n en una reuni\u00f3n del Consejo de Seguridad de la ONU, hablar\u00e1 sobre el deterioro de la crisis en Hait\u00ed e insistir\u00e1 en el despliegue de la prometida misi\u00f3n para ayudar a pacificar el pa\u00eds vecino.<\/p>\n\n\n\n<p>Durante su rueda de prensa de los lunes en el Palacio Nacional de Santo Domingo, Abinader explic\u00f3 que acudir\u00e1 a la cita en respuesta a una invitaci\u00f3n de su colega de Guyana, Mohamed Irfaan Al\u00ed, cuyo pa\u00eds preside este mes el Consejo de Seguridad de la ONU.<\/p>\n\n\n\n<p>Abinader, que viajar\u00e1 hoy a Nueva York, insistir\u00e1 ma\u00f1ana sobre la necesidad del pronto despliegue de la misi\u00f3n multinacional que Kenia se ha ofrecido a liderar para ayudar a Hait\u00ed a combatir las bandas armadas, pero que qued\u00f3 en suspenso despu\u00e9s de que el Tribunal Superior de Nairobi suspendiera el env\u00edo de mil policiales a la naci\u00f3n caribe\u00f1a.<\/p>\n\n\n\n<p>El presidente dominicano dijo que la situaci\u00f3n, &#8220;m\u00e1s que un tema legal&#8221;, es un asunto de financiamiento, ya que Kenia &#8220;no es un pa\u00eds rico&#8221; para disponer de todos los recursos que requiere la misi\u00f3n.<\/p>\n\n\n\n<figure class=\"wp-block-image size-large is-resized\"><img fetchpriority=\"high\" decoding=\"async\" width=\"800\" height=\"367\" src=\"https:\/\/www.americanonewspaper.com\/es\/wp-content\/uploads\/2024\/02\/GGlweb-2-800x367.jpg\" alt=\"\" class=\"wp-image-21234\" style=\"width:1067px;height:auto\" srcset=\"https:\/\/www.americanonewspaper.com\/es\/wp-content\/uploads\/2024\/02\/GGlweb-2-800x367.jpg 800w, https:\/\/www.americanonewspaper.com\/es\/wp-content\/uploads\/2024\/02\/GGlweb-2-300x138.jpg 300w, https:\/\/www.americanonewspaper.com\/es\/wp-content\/uploads\/2024\/02\/GGlweb-2-768x352.jpg 768w, https:\/\/www.americanonewspaper.com\/es\/wp-content\/uploads\/2024\/02\/GGlweb-2-150x69.jpg 150w, https:\/\/www.americanonewspaper.com\/es\/wp-content\/uploads\/2024\/02\/GGlweb-2-696x319.jpg 696w, https:\/\/www.americanonewspaper.com\/es\/wp-content\/uploads\/2024\/02\/GGlweb-2-1068x490.jpg 1068w, https:\/\/www.americanonewspaper.com\/es\/wp-content\/uploads\/2024\/02\/GGlweb-2.jpg 1200w\" sizes=\"(max-width: 800px) 100vw, 800px\" \/><\/figure>\n\n\n\n<p>El jefe de Estado advirti\u00f3 en varios escenarios sobre las repercusiones que tiene en Rep\u00fablica Dominicana la situaci\u00f3n en Hait\u00ed, inmerso en una crisis profunda, con grupos armados que controlan Puerto Pr\u00edncipe y otras partes del pa\u00eds y que son responsables de miles de asesinatos, secuestros y otros delitos.<\/p>\n\n\n\n<p>La semana pasada, Naciones Unidas asegur\u00f3 que la violencia creci\u00f3 en enero en Hait\u00ed a niveles no vistos en m\u00e1s de dos a\u00f1os, un mes en el que al menos 806 personas que no estaban involucradas en los enfrentamientos entre pandillas fueron asesinadas, heridas o secuestradas.<\/p>\n\n\n\n<p>Adem\u00e1s, unos 300 miembros de bandas resultaron heridos, con lo que el n\u00famero total de personas afectadas super\u00f3 las 1.100, m\u00e1s del triple que en enero del a\u00f1o pasado.<\/p>\n\n\n\n<p>Esta situaci\u00f3n de violencia ha llevado a que m\u00e1s de 300.000 personas se hayan convertido en desplazadas en Hait\u00ed, tras abandonar sus hogares y refugiarse en un abanico de lugares en los que viven en condiciones infrahumanas.<\/p>\n","protected":false},"excerpt":{"rendered":"<p>Santo Domingo, Rep\u00fablica Dominicana 12 feb (EFE).- El presidente dominicano, Luis Abinader, adelant\u00f3 este lunes que el martes, durante su participaci\u00f3n en una reuni\u00f3n del Consejo de Seguridad de la ONU, hablar\u00e1 sobre el deterioro de la crisis en Hait\u00ed e insistir\u00e1 en el despliegue de la prometida misi\u00f3n para ayudar a pacificar el pa\u00eds [&hellip;]<\/p>\n","protected":false},"author":7,"featured_media":21328,"comment_status":"open","ping_status":"open","sticky":true,"template":"","format":"standard","meta":{"_acf_changed":false,"tdm_status":"","tdm_grid_status":"","_jetpack_memberships_contains_paid_content":false,"footnotes":"","jetpack_publicize_message":"","jetpack_publicize_feature_enabled":true,"jetpack_social_post_already_shared":true,"jetpack_social_options":{"image_generator_settings":{"template":"highway","default_image_id":0,"font":"","enabled":false},"version":2},"_wpas_customize_per_network":false},"categories":[558],"tags":[],"class_list":{"0":"post-21327","1":"post","2":"type-post","3":"status-publish","4":"format-standard","5":"has-post-thumbnail","7":"category-republica-dominicana"},"acf":[],"yoast_head":"<!-- This site is optimized with the Yoast SEO Premium plugin v27.5 (Yoast SEO v27.5) - https:\/\/yoast.com\/product\/yoast-seo-premium-wordpress\/ -->\n<title>Abinader pide Misi\u00f3n de ONU para Hait\u00ed - Americano Newspaper<\/title>\n<meta name=\"description\" content=\"El presidente dominicano, Luis Abinader, adelant\u00f3 este lunes que el martes, durante su participaci\u00f3n en una reuni\u00f3n del Consejo de Seguridad de la ONU, hablar\u00e1 sobre el deterioro de la crisis en Hait\u00ed e insistir\u00e1 en el despliegue de la prometida misi\u00f3n para ayudar a pacificar el pa\u00eds vecino.\" \/>\n<meta name=\"robots\" content=\"index, follow, max-snippet:-1, max-image-preview:large, max-video-preview:-1\" \/>\n<link rel=\"canonical\" href=\"https:\/\/www.americanonewspaper.com\/es\/dominican-republic\/republica-dominicana\/abinader-pide-mision-de-nu-para-haiti\/\" \/>\n<meta property=\"og:locale\" content=\"en_US\" \/>\n<meta property=\"og:type\" content=\"article\" \/>\n<meta property=\"og:title\" content=\"Abinader pide Misi\u00f3n de ONU para Hait\u00ed\" \/>\n<meta property=\"og:description\" content=\"El presidente dominicano, Luis Abinader, adelant\u00f3 este lunes que el martes, durante su participaci\u00f3n en una reuni\u00f3n del Consejo de Seguridad de la ONU, hablar\u00e1 sobre el deterioro de la crisis en Hait\u00ed e insistir\u00e1 en el despliegue de la prometida misi\u00f3n para ayudar a pacificar el pa\u00eds vecino.\" \/>\n<meta property=\"og:url\" content=\"https:\/\/www.americanonewspaper.com\/es\/dominican-republic\/republica-dominicana\/abinader-pide-mision-de-nu-para-haiti\/\" \/>\n<meta property=\"og:site_name\" content=\"Americano Newspaper\" \/>\n<meta property=\"article:publisher\" content=\"https:\/\/www.facebook.com\/AmericanoNewspaper\/\" \/>\n<meta property=\"article:published_time\" content=\"2024-02-13T00:43:00+00:00\" \/>\n<meta property=\"article:modified_time\" content=\"2024-02-13T01:09:05+00:00\" \/>\n<meta property=\"og:image\" content=\"https:\/\/www.americanonewspaper.com\/es\/wp-content\/uploads\/2024\/02\/Luis-Abinader-RD.jpg\" \/>\n\t<meta property=\"og:image:width\" content=\"899\" \/>\n\t<meta property=\"og:image:height\" content=\"600\" \/>\n\t<meta property=\"og:image:type\" content=\"image\/jpeg\" \/>\n<meta name=\"author\" content=\"Author\" \/>\n<meta name=\"twitter:card\" content=\"summary_large_image\" \/>\n<meta name=\"twitter:label1\" content=\"Written by\" \/>\n\t<meta name=\"twitter:data1\" content=\"Author\" \/>\n\t<meta name=\"twitter:label2\" content=\"Est. reading time\" \/>\n\t<meta name=\"twitter:data2\" content=\"2 minutes\" \/>\n<script type=\"application\/ld+json\" class=\"yoast-schema-graph\">{\"@context\":\"https:\\\/\\\/schema.org\",\"@graph\":[{\"@type\":\"Article\",\"@id\":\"https:\\\/\\\/www.americanonewspaper.com\\\/es\\\/dominican-republic\\\/republica-dominicana\\\/abinader-pide-mision-de-nu-para-haiti\\\/#article\",\"isPartOf\":{\"@id\":\"https:\\\/\\\/www.americanonewspaper.com\\\/es\\\/dominican-republic\\\/republica-dominicana\\\/abinader-pide-mision-de-nu-para-haiti\\\/\"},\"author\":{\"name\":\"Author\",\"@id\":\"https:\\\/\\\/www.americanonewspaper.com\\\/es\\\/#\\\/schema\\\/person\\\/8967f6b8af7e37bcbbe61f68580ff088\"},\"headline\":\"Abinader pide Misi\u00f3n de ONU para Hait\u00ed\",\"datePublished\":\"2024-02-13T00:43:00+00:00\",\"dateModified\":\"2024-02-13T01:09:05+00:00\",\"mainEntityOfPage\":{\"@id\":\"https:\\\/\\\/www.americanonewspaper.com\\\/es\\\/dominican-republic\\\/republica-dominicana\\\/abinader-pide-mision-de-nu-para-haiti\\\/\"},\"wordCount\":390,\"commentCount\":0,\"publisher\":{\"@id\":\"https:\\\/\\\/www.americanonewspaper.com\\\/es\\\/#organization\"},\"image\":{\"@id\":\"https:\\\/\\\/www.americanonewspaper.com\\\/es\\\/dominican-republic\\\/republica-dominicana\\\/abinader-pide-mision-de-nu-para-haiti\\\/#primaryimage\"},\"thumbnailUrl\":\"https:\\\/\\\/www.americanonewspaper.com\\\/es\\\/wp-content\\\/uploads\\\/2024\\\/02\\\/Luis-Abinader-RD.jpg\",\"articleSection\":[\"Rep\u00fablica Dominicana\"],\"inLanguage\":\"en-US\",\"potentialAction\":[{\"@type\":\"CommentAction\",\"name\":\"Comment\",\"target\":[\"https:\\\/\\\/www.americanonewspaper.com\\\/es\\\/dominican-republic\\\/republica-dominicana\\\/abinader-pide-mision-de-nu-para-haiti\\\/#respond\"]}]},{\"@type\":\"WebPage\",\"@id\":\"https:\\\/\\\/www.americanonewspaper.com\\\/es\\\/dominican-republic\\\/republica-dominicana\\\/abinader-pide-mision-de-nu-para-haiti\\\/\",\"url\":\"https:\\\/\\\/www.americanonewspaper.com\\\/es\\\/dominican-republic\\\/republica-dominicana\\\/abinader-pide-mision-de-nu-para-haiti\\\/\",\"name\":\"Abinader pide Misi\u00f3n de ONU para Hait\u00ed - Americano Newspaper\",\"isPartOf\":{\"@id\":\"https:\\\/\\\/www.americanonewspaper.com\\\/es\\\/#website\"},\"primaryImageOfPage\":{\"@id\":\"https:\\\/\\\/www.americanonewspaper.com\\\/es\\\/dominican-republic\\\/republica-dominicana\\\/abinader-pide-mision-de-nu-para-haiti\\\/#primaryimage\"},\"image\":{\"@id\":\"https:\\\/\\\/www.americanonewspaper.com\\\/es\\\/dominican-republic\\\/republica-dominicana\\\/abinader-pide-mision-de-nu-para-haiti\\\/#primaryimage\"},\"thumbnailUrl\":\"https:\\\/\\\/www.americanonewspaper.com\\\/es\\\/wp-content\\\/uploads\\\/2024\\\/02\\\/Luis-Abinader-RD.jpg\",\"datePublished\":\"2024-02-13T00:43:00+00:00\",\"dateModified\":\"2024-02-13T01:09:05+00:00\",\"description\":\"El presidente dominicano, Luis Abinader, adelant\u00f3 este lunes que el martes, durante su participaci\u00f3n en una reuni\u00f3n del Consejo de Seguridad de la ONU, hablar\u00e1 sobre el deterioro de la crisis en Hait\u00ed e insistir\u00e1 en el despliegue de la prometida misi\u00f3n para ayudar a pacificar el pa\u00eds vecino.\",\"breadcrumb\":{\"@id\":\"https:\\\/\\\/www.americanonewspaper.com\\\/es\\\/dominican-republic\\\/republica-dominicana\\\/abinader-pide-mision-de-nu-para-haiti\\\/#breadcrumb\"},\"inLanguage\":\"en-US\",\"potentialAction\":[{\"@type\":\"ReadAction\",\"target\":[\"https:\\\/\\\/www.americanonewspaper.com\\\/es\\\/dominican-republic\\\/republica-dominicana\\\/abinader-pide-mision-de-nu-para-haiti\\\/\"]}]},{\"@type\":\"ImageObject\",\"inLanguage\":\"en-US\",\"@id\":\"https:\\\/\\\/www.americanonewspaper.com\\\/es\\\/dominican-republic\\\/republica-dominicana\\\/abinader-pide-mision-de-nu-para-haiti\\\/#primaryimage\",\"url\":\"https:\\\/\\\/www.americanonewspaper.com\\\/es\\\/wp-content\\\/uploads\\\/2024\\\/02\\\/Luis-Abinader-RD.jpg\",\"contentUrl\":\"https:\\\/\\\/www.americanonewspaper.com\\\/es\\\/wp-content\\\/uploads\\\/2024\\\/02\\\/Luis-Abinader-RD.jpg\",\"width\":899,\"height\":600,\"caption\":\"Luis Abinader, presidente de Rep\u00fablica Dominicana, en una fotograf\u00eda de archivo. EFE\\\/EPA\\\/EDUARDO MUNOZ\\\/POOL\"},{\"@type\":\"BreadcrumbList\",\"@id\":\"https:\\\/\\\/www.americanonewspaper.com\\\/es\\\/dominican-republic\\\/republica-dominicana\\\/abinader-pide-mision-de-nu-para-haiti\\\/#breadcrumb\",\"itemListElement\":[{\"@type\":\"ListItem\",\"position\":1,\"name\":\"Home\",\"item\":\"https:\\\/\\\/www.americanonewspaper.com\\\/es\\\/\"},{\"@type\":\"ListItem\",\"position\":2,\"name\":\"Abinader pide Misi\u00f3n de ONU para Hait\u00ed\"}]},{\"@type\":\"WebSite\",\"@id\":\"https:\\\/\\\/www.americanonewspaper.com\\\/es\\\/#website\",\"url\":\"https:\\\/\\\/www.americanonewspaper.com\\\/es\\\/\",\"name\":\"Americano Newspaper\",\"description\":\"The Hispanic Newspaper of New Jersey.\",\"publisher\":{\"@id\":\"https:\\\/\\\/www.americanonewspaper.com\\\/es\\\/#organization\"},\"potentialAction\":[{\"@type\":\"SearchAction\",\"target\":{\"@type\":\"EntryPoint\",\"urlTemplate\":\"https:\\\/\\\/www.americanonewspaper.com\\\/es\\\/?s={search_term_string}\"},\"query-input\":{\"@type\":\"PropertyValueSpecification\",\"valueRequired\":true,\"valueName\":\"search_term_string\"}}],\"inLanguage\":\"en-US\"},{\"@type\":\"Organization\",\"@id\":\"https:\\\/\\\/www.americanonewspaper.com\\\/es\\\/#organization\",\"name\":\"Americano Newspaper\",\"url\":\"https:\\\/\\\/www.americanonewspaper.com\\\/es\\\/\",\"logo\":{\"@type\":\"ImageObject\",\"inLanguage\":\"en-US\",\"@id\":\"https:\\\/\\\/www.americanonewspaper.com\\\/es\\\/#\\\/schema\\\/logo\\\/image\\\/\",\"url\":\"https:\\\/\\\/www.americanonewspaper.com\\\/es\\\/wp-content\\\/uploads\\\/2024\\\/05\\\/AmericanoLogoCircle.comCircle2.jpg\",\"contentUrl\":\"https:\\\/\\\/www.americanonewspaper.com\\\/es\\\/wp-content\\\/uploads\\\/2024\\\/05\\\/AmericanoLogoCircle.comCircle2.jpg\",\"width\":600,\"height\":600,\"caption\":\"Americano Newspaper\"},\"image\":{\"@id\":\"https:\\\/\\\/www.americanonewspaper.com\\\/es\\\/#\\\/schema\\\/logo\\\/image\\\/\"},\"sameAs\":[\"https:\\\/\\\/www.facebook.com\\\/AmericanoNewspaper\\\/\"]},{\"@type\":\"Person\",\"@id\":\"https:\\\/\\\/www.americanonewspaper.com\\\/es\\\/#\\\/schema\\\/person\\\/8967f6b8af7e37bcbbe61f68580ff088\",\"name\":\"Author\",\"image\":{\"@type\":\"ImageObject\",\"inLanguage\":\"en-US\",\"@id\":\"https:\\\/\\\/www.americanonewspaper.com\\\/es\\\/wp-content\\\/litespeed\\\/avatar\\\/89ffaf6af3cf6769ffb3c6efb2313947.jpg?ver=1777427547\",\"url\":\"https:\\\/\\\/www.americanonewspaper.com\\\/es\\\/wp-content\\\/litespeed\\\/avatar\\\/89ffaf6af3cf6769ffb3c6efb2313947.jpg?ver=1777427547\",\"contentUrl\":\"https:\\\/\\\/www.americanonewspaper.com\\\/es\\\/wp-content\\\/litespeed\\\/avatar\\\/89ffaf6af3cf6769ffb3c6efb2313947.jpg?ver=1777427547\",\"caption\":\"Author\"},\"url\":\"https:\\\/\\\/www.americanonewspaper.com\\\/es\\\/author\\\/americano\\\/\"}]}<\/script>\n<!-- \/ Yoast SEO Premium plugin. -->","yoast_head_json":{"title":"Abinader pide Misi\u00f3n de ONU para Hait\u00ed - Americano Newspaper","description":"El presidente dominicano, Luis Abinader, adelant\u00f3 este lunes que el martes, durante su participaci\u00f3n en una reuni\u00f3n del Consejo de Seguridad de la ONU, hablar\u00e1 sobre el deterioro de la crisis en Hait\u00ed e insistir\u00e1 en el despliegue de la prometida misi\u00f3n para ayudar a pacificar el pa\u00eds vecino.","robots":{"index":"index","follow":"follow","max-snippet":"max-snippet:-1","max-image-preview":"max-image-preview:large","max-video-preview":"max-video-preview:-1"},"canonical":"https:\/\/www.americanonewspaper.com\/es\/dominican-republic\/republica-dominicana\/abinader-pide-mision-de-nu-para-haiti\/","og_locale":"en_US","og_type":"article","og_title":"Abinader pide Misi\u00f3n de ONU para Hait\u00ed","og_description":"El presidente dominicano, Luis Abinader, adelant\u00f3 este lunes que el martes, durante su participaci\u00f3n en una reuni\u00f3n del Consejo de Seguridad de la ONU, hablar\u00e1 sobre el deterioro de la crisis en Hait\u00ed e insistir\u00e1 en el despliegue de la prometida misi\u00f3n para ayudar a pacificar el pa\u00eds vecino.","og_url":"https:\/\/www.americanonewspaper.com\/es\/dominican-republic\/republica-dominicana\/abinader-pide-mision-de-nu-para-haiti\/","og_site_name":"Americano Newspaper","article_publisher":"https:\/\/www.facebook.com\/AmericanoNewspaper\/","article_published_time":"2024-02-13T00:43:00+00:00","article_modified_time":"2024-02-13T01:09:05+00:00","og_image":[{"width":899,"height":600,"url":"https:\/\/www.americanonewspaper.com\/es\/wp-content\/uploads\/2024\/02\/Luis-Abinader-RD.jpg","type":"image\/jpeg"}],"author":"Author","twitter_card":"summary_large_image","twitter_misc":{"Written by":"Author","Est. reading time":"2 minutes"},"schema":{"@context":"https:\/\/schema.org","@graph":[{"@type":"Article","@id":"https:\/\/www.americanonewspaper.com\/es\/dominican-republic\/republica-dominicana\/abinader-pide-mision-de-nu-para-haiti\/#article","isPartOf":{"@id":"https:\/\/www.americanonewspaper.com\/es\/dominican-republic\/republica-dominicana\/abinader-pide-mision-de-nu-para-haiti\/"},"author":{"name":"Author","@id":"https:\/\/www.americanonewspaper.com\/es\/#\/schema\/person\/8967f6b8af7e37bcbbe61f68580ff088"},"headline":"Abinader pide Misi\u00f3n de ONU para Hait\u00ed","datePublished":"2024-02-13T00:43:00+00:00","dateModified":"2024-02-13T01:09:05+00:00","mainEntityOfPage":{"@id":"https:\/\/www.americanonewspaper.com\/es\/dominican-republic\/republica-dominicana\/abinader-pide-mision-de-nu-para-haiti\/"},"wordCount":390,"commentCount":0,"publisher":{"@id":"https:\/\/www.americanonewspaper.com\/es\/#organization"},"image":{"@id":"https:\/\/www.americanonewspaper.com\/es\/dominican-republic\/republica-dominicana\/abinader-pide-mision-de-nu-para-haiti\/#primaryimage"},"thumbnailUrl":"https:\/\/www.americanonewspaper.com\/es\/wp-content\/uploads\/2024\/02\/Luis-Abinader-RD.jpg","articleSection":["Rep\u00fablica Dominicana"],"inLanguage":"en-US","potentialAction":[{"@type":"CommentAction","name":"Comment","target":["https:\/\/www.americanonewspaper.com\/es\/dominican-republic\/republica-dominicana\/abinader-pide-mision-de-nu-para-haiti\/#respond"]}]},{"@type":"WebPage","@id":"https:\/\/www.americanonewspaper.com\/es\/dominican-republic\/republica-dominicana\/abinader-pide-mision-de-nu-para-haiti\/","url":"https:\/\/www.americanonewspaper.com\/es\/dominican-republic\/republica-dominicana\/abinader-pide-mision-de-nu-para-haiti\/","name":"Abinader pide Misi\u00f3n de ONU para Hait\u00ed - Americano Newspaper","isPartOf":{"@id":"https:\/\/www.americanonewspaper.com\/es\/#website"},"primaryImageOfPage":{"@id":"https:\/\/www.americanonewspaper.com\/es\/dominican-republic\/republica-dominicana\/abinader-pide-mision-de-nu-para-haiti\/#primaryimage"},"image":{"@id":"https:\/\/www.americanonewspaper.com\/es\/dominican-republic\/republica-dominicana\/abinader-pide-mision-de-nu-para-haiti\/#primaryimage"},"thumbnailUrl":"https:\/\/www.americanonewspaper.com\/es\/wp-content\/uploads\/2024\/02\/Luis-Abinader-RD.jpg","datePublished":"2024-02-13T00:43:00+00:00","dateModified":"2024-02-13T01:09:05+00:00","description":"El presidente dominicano, Luis Abinader, adelant\u00f3 este lunes que el martes, durante su participaci\u00f3n en una reuni\u00f3n del Consejo de Seguridad de la ONU, hablar\u00e1 sobre el deterioro de la crisis en Hait\u00ed e insistir\u00e1 en el despliegue de la prometida misi\u00f3n para ayudar a pacificar el pa\u00eds vecino.","breadcrumb":{"@id":"https:\/\/www.americanonewspaper.com\/es\/dominican-republic\/republica-dominicana\/abinader-pide-mision-de-nu-para-haiti\/#breadcrumb"},"inLanguage":"en-US","potentialAction":[{"@type":"ReadAction","target":["https:\/\/www.americanonewspaper.com\/es\/dominican-republic\/republica-dominicana\/abinader-pide-mision-de-nu-para-haiti\/"]}]},{"@type":"ImageObject","inLanguage":"en-US","@id":"https:\/\/www.americanonewspaper.com\/es\/dominican-republic\/republica-dominicana\/abinader-pide-mision-de-nu-para-haiti\/#primaryimage","url":"https:\/\/www.americanonewspaper.com\/es\/wp-content\/uploads\/2024\/02\/Luis-Abinader-RD.jpg","contentUrl":"https:\/\/www.americanonewspaper.com\/es\/wp-content\/uploads\/2024\/02\/Luis-Abinader-RD.jpg","width":899,"height":600,"caption":"Luis Abinader, presidente de Rep\u00fablica Dominicana, en una fotograf\u00eda de archivo. EFE\/EPA\/EDUARDO MUNOZ\/POOL"},{"@type":"BreadcrumbList","@id":"https:\/\/www.americanonewspaper.com\/es\/dominican-republic\/republica-dominicana\/abinader-pide-mision-de-nu-para-haiti\/#breadcrumb","itemListElement":[{"@type":"ListItem","position":1,"name":"Home","item":"https:\/\/www.americanonewspaper.com\/es\/"},{"@type":"ListItem","position":2,"name":"Abinader pide Misi\u00f3n de ONU para Hait\u00ed"}]},{"@type":"WebSite","@id":"https:\/\/www.americanonewspaper.com\/es\/#website","url":"https:\/\/www.americanonewspaper.com\/es\/","name":"Americano Newspaper","description":"The Hispanic Newspaper of New Jersey.","publisher":{"@id":"https:\/\/www.americanonewspaper.com\/es\/#organization"},"potentialAction":[{"@type":"SearchAction","target":{"@type":"EntryPoint","urlTemplate":"https:\/\/www.americanonewspaper.com\/es\/?s={search_term_string}"},"query-input":{"@type":"PropertyValueSpecification","valueRequired":true,"valueName":"search_term_string"}}],"inLanguage":"en-US"},{"@type":"Organization","@id":"https:\/\/www.americanonewspaper.com\/es\/#organization","name":"Americano Newspaper","url":"https:\/\/www.americanonewspaper.com\/es\/","logo":{"@type":"ImageObject","inLanguage":"en-US","@id":"https:\/\/www.americanonewspaper.com\/es\/#\/schema\/logo\/image\/","url":"https:\/\/www.americanonewspaper.com\/es\/wp-content\/uploads\/2024\/05\/AmericanoLogoCircle.comCircle2.jpg","contentUrl":"https:\/\/www.americanonewspaper.com\/es\/wp-content\/uploads\/2024\/05\/AmericanoLogoCircle.comCircle2.jpg","width":600,"height":600,"caption":"Americano Newspaper"},"image":{"@id":"https:\/\/www.americanonewspaper.com\/es\/#\/schema\/logo\/image\/"},"sameAs":["https:\/\/www.facebook.com\/AmericanoNewspaper\/"]},{"@type":"Person","@id":"https:\/\/www.americanonewspaper.com\/es\/#\/schema\/person\/8967f6b8af7e37bcbbe61f68580ff088","name":"Author","image":{"@type":"ImageObject","inLanguage":"en-US","@id":"https:\/\/www.americanonewspaper.com\/es\/wp-content\/litespeed\/avatar\/89ffaf6af3cf6769ffb3c6efb2313947.jpg?ver=1777427547","url":"https:\/\/www.americanonewspaper.com\/es\/wp-content\/litespeed\/avatar\/89ffaf6af3cf6769ffb3c6efb2313947.jpg?ver=1777427547","contentUrl":"https:\/\/www.americanonewspaper.com\/es\/wp-content\/litespeed\/avatar\/89ffaf6af3cf6769ffb3c6efb2313947.jpg?ver=1777427547","caption":"Author"},"url":"https:\/\/www.americanonewspaper.com\/es\/author\/americano\/"}]}},"jetpack_publicize_connections":[],"jetpack_featured_media_url":"https:\/\/www.americanonewspaper.com\/es\/wp-content\/uploads\/2024\/02\/Luis-Abinader-RD.jpg","featured_image_urls":{"full":["https:\/\/www.americanonewspaper.com\/es\/wp-content\/uploads\/2024\/02\/Luis-Abinader-RD.jpg",899,600,false],"thumbnail":["https:\/\/www.americanonewspaper.com\/es\/wp-content\/uploads\/2024\/02\/Luis-Abinader-RD-250x250.jpg",250,250,true],"medium":["https:\/\/www.americanonewspaper.com\/es\/wp-content\/uploads\/2024\/02\/Luis-Abinader-RD-300x200.jpg",300,200,true],"medium_large":["https:\/\/www.americanonewspaper.com\/es\/wp-content\/uploads\/2024\/02\/Luis-Abinader-RD-768x513.jpg",696,465,true],"large":["https:\/\/www.americanonewspaper.com\/es\/wp-content\/uploads\/2024\/02\/Luis-Abinader-RD-749x500.jpg",696,465,true],"1536x1536":["https:\/\/www.americanonewspaper.com\/es\/wp-content\/uploads\/2024\/02\/Luis-Abinader-RD.jpg",899,600,false],"2048x2048":["https:\/\/www.americanonewspaper.com\/es\/wp-content\/uploads\/2024\/02\/Luis-Abinader-RD.jpg",899,600,false],"td_150x0":["https:\/\/www.americanonewspaper.com\/es\/wp-content\/uploads\/2024\/02\/Luis-Abinader-RD-150x100.jpg",150,100,true],"td_218x150":["https:\/\/www.americanonewspaper.com\/es\/wp-content\/uploads\/2024\/02\/Luis-Abinader-RD-218x150.jpg",218,150,true],"td_300x0":["https:\/\/www.americanonewspaper.com\/es\/wp-content\/uploads\/2024\/02\/Luis-Abinader-RD-300x200.jpg",300,200,true],"td_324x400":["https:\/\/www.americanonewspaper.com\/es\/wp-content\/uploads\/2024\/02\/Luis-Abinader-RD-324x400.jpg",324,400,true],"td_485x360":["https:\/\/www.americanonewspaper.com\/es\/wp-content\/uploads\/2024\/02\/Luis-Abinader-RD-485x360.jpg",485,360,true],"td_696x0":["https:\/\/www.americanonewspaper.com\/es\/wp-content\/uploads\/2024\/02\/Luis-Abinader-RD-696x465.jpg",696,465,true],"td_1068x0":["https:\/\/www.americanonewspaper.com\/es\/wp-content\/uploads\/2024\/02\/Luis-Abinader-RD.jpg",899,600,false],"td_1920x0":["https:\/\/www.americanonewspaper.com\/es\/wp-content\/uploads\/2024\/02\/Luis-Abinader-RD.jpg",899,600,false],"bdpp-medium":["https:\/\/www.americanonewspaper.com\/es\/wp-content\/uploads\/2024\/02\/Luis-Abinader-RD.jpg",640,427,false]},"author_info":{"display_name":"Author","author_link":"https:\/\/www.americanonewspaper.com\/es\/author\/americano\/"},"category_info":"<a href=\"https:\/\/www.americanonewspaper.com\/es\/category\/dominican-republic\/republica-dominicana\/\" rel=\"category tag\">Rep\u00fablica Dominicana<\/a>","tag_info":"Rep\u00fablica Dominicana","comment_count":"0","jetpack_sharing_enabled":true,"jetpack_likes_enabled":true,"_links":{"self":[{"href":"https:\/\/www.americanonewspaper.com\/es\/wp-json\/wp\/v2\/posts\/21327","targetHints":{"allow":["GET"]}}],"collection":[{"href":"https:\/\/www.americanonewspaper.com\/es\/wp-json\/wp\/v2\/posts"}],"about":[{"href":"https:\/\/www.americanonewspaper.com\/es\/wp-json\/wp\/v2\/types\/post"}],"author":[{"embeddable":true,"href":"https:\/\/www.americanonewspaper.com\/es\/wp-json\/wp\/v2\/users\/7"}],"replies":[{"embeddable":true,"href":"https:\/\/www.americanonewspaper.com\/es\/wp-json\/wp\/v2\/comments?post=21327"}],"version-history":[{"count":2,"href":"https:\/\/www.americanonewspaper.com\/es\/wp-json\/wp\/v2\/posts\/21327\/revisions"}],"predecessor-version":[{"id":21330,"href":"https:\/\/www.americanonewspaper.com\/es\/wp-json\/wp\/v2\/posts\/21327\/revisions\/21330"}],"wp:featuredmedia":[{"embeddable":true,"href":"https:\/\/www.americanonewspaper.com\/es\/wp-json\/wp\/v2\/media\/21328"}],"wp:attachment":[{"href":"https:\/\/www.americanonewspaper.com\/es\/wp-json\/wp\/v2\/media?parent=21327"}],"wp:term":[{"taxonomy":"category","embeddable":true,"href":"https:\/\/www.americanonewspaper.com\/es\/wp-json\/wp\/v2\/categories?post=21327"},{"taxonomy":"post_tag","embeddable":true,"href":"https:\/\/www.americanonewspaper.com\/es\/wp-json\/wp\/v2\/tags?post=21327"}],"curies":[{"name":"wp","href":"https:\/\/api.w.org\/{rel}","templated":true}]}}