{"id":21212,"date":"2024-02-07T02:17:55","date_gmt":"2024-02-07T06:17:55","guid":{"rendered":"https:\/\/www.americanonewspaper.com\/es\/?p=21212"},"modified":"2024-02-07T02:20:42","modified_gmt":"2024-02-07T06:20:42","slug":"el-plan-de-milei-tropieza-con-el-poder-de-los-gobernadores","status":"publish","type":"post","link":"https:\/\/www.americanonewspaper.com\/es\/argentina\/el-plan-de-milei-tropieza-con-el-poder-de-los-gobernadores\/","title":{"rendered":"El plan de Milei tropieza con el poder de los gobernadores"},"content":{"rendered":"\n<p>Buenos Aires, (EFE).<\/p>\n\n\n\n<p class=\"has-drop-cap\">El plan reformista que el presidente de Argentina, Javier Milei, busca acometer en el pa\u00eds tropez\u00f3 este martes con un importante escollo: el poder de los gobernadores de las provincias, que, despu\u00e9s de importantes desencuentros e incluso cruce con fuertes acusaciones, le han negado su apoyo.<\/p>\n\n\n\n<p>La Ley Bases y Puntos de Partida para la Libertad de los Argentinos o &#8216;ley \u00f3mnibus&#8217;, como se la conoce popularmente, es el proyecto estrella de Milei con el que busca llevar a cabo las profundas reformas que buscan desregular la econom\u00eda y minimizar la presencia del Estado.<\/p>\n\n\n\n<p>Tras obtener el 2 de febrero, despu\u00e9s de tres jornadas de debate en la C\u00e1mara Baja, la aprobaci\u00f3n del proyecto general, este martes se retom\u00f3 la sesi\u00f3n para la votaci\u00f3n del articulado, que inicialmente inclu\u00eda 664 y qued\u00f3 reducido a mucho menos de la mitad despu\u00e9s de las negociaciones entre el oficialismo y algunos bloques de la oposici\u00f3n.<\/p>\n\n\n\n<p>No obstante, las negociaciones -como se demostr\u00f3 hoy- no llegaron a buen puerto.<\/p>\n\n\n\n<p>&#8220;La casta se puso en contra del cambio que los argentinos votamos en las urnas&#8221;, escribi\u00f3 el mandatario nada m\u00e1s despu\u00e9s de conocerse que la C\u00e1mara de Diputados hab\u00eda enviado el texto de nuevo a comisi\u00f3n, despu\u00e9s de que hab\u00eda logrado la aprobaci\u00f3n de las facultades delegadas para Milei en virtud de la emergencia en seis \u00e1mbitos: econ\u00f3mica, financiera, de seguridad, tarifaria, energ\u00e9tica y administrativa.<\/p>\n\n\n\n<p>El presidente, que est\u00e1 de viaje en Israel, expres\u00f3 su enojo por el fracaso de la votaci\u00f3n e insisti\u00f3 en que \u00e9l fue votado por el 56 % de los argentinos y, por tanto, no est\u00e1 dispuesto a &#8220;negociar&#8221; su programa de gobierno &#8220;con quienes destruyeron el pa\u00eds&#8221;.<\/p>\n\n\n\n<figure class=\"wp-block-gallery has-nested-images columns-default is-cropped wp-block-gallery-1 is-layout-flex wp-block-gallery-is-layout-flex\">\n<figure class=\"wp-block-image size-large\"><img fetchpriority=\"high\" decoding=\"async\" width=\"800\" height=\"367\" data-id=\"21159\" src=\"https:\/\/www.americanonewspaper.com\/es\/wp-content\/uploads\/2024\/02\/GGlweb-800x367.jpg\" alt=\"\" class=\"wp-image-21159\" srcset=\"https:\/\/www.americanonewspaper.com\/es\/wp-content\/uploads\/2024\/02\/GGlweb-800x367.jpg 800w, https:\/\/www.americanonewspaper.com\/es\/wp-content\/uploads\/2024\/02\/GGlweb-300x138.jpg 300w, https:\/\/www.americanonewspaper.com\/es\/wp-content\/uploads\/2024\/02\/GGlweb-768x352.jpg 768w, https:\/\/www.americanonewspaper.com\/es\/wp-content\/uploads\/2024\/02\/GGlweb-150x69.jpg 150w, https:\/\/www.americanonewspaper.com\/es\/wp-content\/uploads\/2024\/02\/GGlweb-696x319.jpg 696w, https:\/\/www.americanonewspaper.com\/es\/wp-content\/uploads\/2024\/02\/GGlweb-1068x490.jpg 1068w, https:\/\/www.americanonewspaper.com\/es\/wp-content\/uploads\/2024\/02\/GGlweb.jpg 1200w\" sizes=\"(max-width: 800px) 100vw, 800px\" \/><\/figure>\n<\/figure>\n\n\n\n<p>En un mensaje publicado en la red social X, carg\u00f3 contra los &#8220;sectores de la pol\u00edtica que se resisten a hacer los cambios que el pa\u00eds necesita&#8221; e insisti\u00f3 en que continuar\u00e1 con su plan &#8220;con o sin el apoyo de la dirigencia pol\u00edtica que destruy\u00f3&#8221; Argentina.<\/p>\n\n\n\n<p>Apenas unos instantes antes, un comunicado de su oficina atac\u00f3 a &#8220;quienes hace a\u00f1os se benefician de un sistema corrupto y empobrecedor&#8221; y apunt\u00f3 directamente a los gobernadores, que &#8220;tomaron la decisi\u00f3n de destruir&#8221; la ley &#8220;horas despu\u00e9s de acordar acompa\u00f1arla&#8221;.<\/p>\n\n\n\n<p>&#8220;Decidieron darle la vuelta a los argentinos para proteger sus intereses e impedir que el Gobierno Nacional cuente con las herramientas para resolver los problemas estructurales de la Argentina&#8221;, agreg\u00f3 el texto oficial para concluir que &#8220;la ley se debatir\u00e1 cuando entiendan que es el pueblo quien la necesita, no el Gobierno&#8221;.<\/p>\n\n\n\n<p>Con esta frase final, el Ejecutivo no aclar\u00f3 en qu\u00e9 punto queda la iniciativa y si podr\u00eda retirarla ante este rev\u00e9s o, simplemente, como marca el reglamento parlamentario, con su regreso a comisi\u00f3n vuelve al punto de partida.<\/p>\n\n\n\n<p>La &#8216;ley \u00f3mnibus&#8217; contiene no s\u00f3lo el esp\u00edritu libertario que fundamenta el programa de Gobierno iniciado el pasado 10 de diciembre, sino que, de aprobarse, otorgar\u00eda amplias facultades al Ejecutivo para gobernar y acometer sus profundas reformas en un contexto en extremo dif\u00edcil, con cuentas p\u00fablicas en rojo, una econom\u00eda estancada, inflaci\u00f3n disparada y pobreza en aumento.<\/p>\n\n\n\n<p>Son las herramientas que el jefe de Estado alega que necesita para sacar al pa\u00eds de la &#8220;decadencia&#8221;, pero sus pretensiones se han topado, durante las negociaciones, con fuerte resistencia ante las facultades delegadas y la privatizaci\u00f3n de empresas p\u00fablicas. Hoy se escenific\u00f3 en el Congreso.<\/p>\n\n\n\n<p>Parte de quienes este martes votaron en contra eran diputados de la Uni\u00f3n C\u00edvica Radical (UCR, centro) y de Hacemos Coalici\u00f3n Federal (partidos provinciales), precisamente fuerzas que incluyen a varios gobernadores.<\/p>\n\n\n\n<p>El peronismo, que tambi\u00e9n gobierna en varias provincias, ya se hab\u00eda opuesto de lleno al proyecto en la votaci\u00f3n en general.<\/p>\n\n\n\n<p>En medio del fuerte ajuste fiscal emprendido por Milei, los jefes de los gobiernos provinciales reclaman al Ejecutivo un mayor reparto de la recaudaci\u00f3n de ciertos impuestos federales, una discusi\u00f3n que el Ejecutivo pretend\u00eda dejar para m\u00e1s adelante, una vez se aprobase la famosa &#8216;ley \u00f3mnibus&#8217;, cuyo destino inmediato se desconoce.<\/p>\n\n\n\n<p>Concepci\u00f3n M. Moreno<\/p>\n","protected":false},"excerpt":{"rendered":"<p>Buenos Aires, (EFE). El plan reformista que el presidente de Argentina, Javier Milei, busca acometer en el pa\u00eds tropez\u00f3 este martes con un importante escollo: el poder de los gobernadores de las provincias, que, despu\u00e9s de importantes desencuentros e incluso cruce con fuertes acusaciones, le han negado su apoyo. La Ley Bases y Puntos de [&hellip;]<\/p>\n","protected":false},"author":12,"featured_media":21216,"comment_status":"closed","ping_status":"open","sticky":true,"template":"","format":"standard","meta":{"_acf_changed":false,"tdm_status":"","tdm_grid_status":"","_jetpack_memberships_contains_paid_content":false,"footnotes":"","jetpack_publicize_message":"","jetpack_publicize_feature_enabled":true,"jetpack_social_post_already_shared":true,"jetpack_social_options":{"image_generator_settings":{"template":"highway","default_image_id":0,"font":"","enabled":false},"version":2},"_wpas_customize_per_network":false},"categories":[89,546],"tags":[],"class_list":{"0":"post-21212","1":"post","2":"type-post","3":"status-publish","4":"format-standard","5":"has-post-thumbnail","7":"category-argentina","8":"category-javier-milei"},"acf":[],"yoast_head":"<!-- This site is optimized with the Yoast SEO Premium plugin v27.5 (Yoast SEO v27.5) - https:\/\/yoast.com\/product\/yoast-seo-premium-wordpress\/ -->\n<title>El plan de Milei tropieza con el poder de los gobernadores - Americano Newspaper<\/title>\n<meta name=\"description\" content=\"El plan reformista que el presidente de Argentina, Javier Milei, busca acometer en el pa\u00eds tropez\u00f3 este martes con un importante escollo: el poder de los gobernadores de las provincias, que, despu\u00e9s de importantes desencuentros e incluso cruce con fuertes acusaciones, le han negado su apoyo.\" \/>\n<meta name=\"robots\" content=\"index, follow, max-snippet:-1, max-image-preview:large, max-video-preview:-1\" \/>\n<link rel=\"canonical\" href=\"https:\/\/www.americanonewspaper.com\/es\/argentina\/el-plan-de-milei-tropieza-con-el-poder-de-los-gobernadores\/\" \/>\n<meta property=\"og:locale\" content=\"en_US\" \/>\n<meta property=\"og:type\" content=\"article\" \/>\n<meta property=\"og:title\" content=\"El plan de Milei tropieza con el poder de los gobernadores\" \/>\n<meta property=\"og:description\" content=\"El plan reformista que el presidente de Argentina, Javier Milei, busca acometer en el pa\u00eds tropez\u00f3 este martes con un importante escollo: el poder de los gobernadores de las provincias, que, despu\u00e9s de importantes desencuentros e incluso cruce con fuertes acusaciones, le han negado su apoyo.\" \/>\n<meta property=\"og:url\" content=\"https:\/\/www.americanonewspaper.com\/es\/argentina\/el-plan-de-milei-tropieza-con-el-poder-de-los-gobernadores\/\" \/>\n<meta property=\"og:site_name\" content=\"Americano Newspaper\" \/>\n<meta property=\"article:publisher\" content=\"https:\/\/www.facebook.com\/AmericanoNewspaper\/\" \/>\n<meta property=\"article:published_time\" content=\"2024-02-07T06:17:55+00:00\" \/>\n<meta property=\"article:modified_time\" content=\"2024-02-07T06:20:42+00:00\" \/>\n<meta property=\"og:image\" content=\"https:\/\/www.americanonewspaper.com\/es\/wp-content\/uploads\/2024\/02\/5a693021632f9cd738caa4426221799542dd0483miniw.jpg\" \/>\n\t<meta property=\"og:image:width\" content=\"900\" \/>\n\t<meta property=\"og:image:height\" content=\"598\" \/>\n\t<meta property=\"og:image:type\" content=\"image\/jpeg\" \/>\n<meta name=\"author\" content=\"Maria Quintana\" \/>\n<meta name=\"twitter:card\" content=\"summary_large_image\" \/>\n<meta name=\"twitter:label1\" content=\"Written by\" \/>\n\t<meta name=\"twitter:data1\" content=\"Maria Quintana\" \/>\n\t<meta name=\"twitter:label2\" content=\"Est. reading time\" \/>\n\t<meta name=\"twitter:data2\" content=\"4 minutes\" \/>\n<script type=\"application\/ld+json\" class=\"yoast-schema-graph\">{\"@context\":\"https:\\\/\\\/schema.org\",\"@graph\":[{\"@type\":\"Article\",\"@id\":\"https:\\\/\\\/www.americanonewspaper.com\\\/es\\\/argentina\\\/el-plan-de-milei-tropieza-con-el-poder-de-los-gobernadores\\\/#article\",\"isPartOf\":{\"@id\":\"https:\\\/\\\/www.americanonewspaper.com\\\/es\\\/argentina\\\/el-plan-de-milei-tropieza-con-el-poder-de-los-gobernadores\\\/\"},\"author\":{\"name\":\"Maria Quintana\",\"@id\":\"https:\\\/\\\/www.americanonewspaper.com\\\/es\\\/#\\\/schema\\\/person\\\/ff0825ff964ec074668f1d9571f5232d\"},\"headline\":\"El plan de Milei tropieza con el poder de los gobernadores\",\"datePublished\":\"2024-02-07T06:17:55+00:00\",\"dateModified\":\"2024-02-07T06:20:42+00:00\",\"mainEntityOfPage\":{\"@id\":\"https:\\\/\\\/www.americanonewspaper.com\\\/es\\\/argentina\\\/el-plan-de-milei-tropieza-con-el-poder-de-los-gobernadores\\\/\"},\"wordCount\":728,\"publisher\":{\"@id\":\"https:\\\/\\\/www.americanonewspaper.com\\\/es\\\/#organization\"},\"image\":{\"@id\":\"https:\\\/\\\/www.americanonewspaper.com\\\/es\\\/argentina\\\/el-plan-de-milei-tropieza-con-el-poder-de-los-gobernadores\\\/#primaryimage\"},\"thumbnailUrl\":\"https:\\\/\\\/www.americanonewspaper.com\\\/es\\\/wp-content\\\/uploads\\\/2024\\\/02\\\/5a693021632f9cd738caa4426221799542dd0483miniw.jpg\",\"articleSection\":[\"Argentina\",\"Javier Milei\"],\"inLanguage\":\"en-US\"},{\"@type\":\"WebPage\",\"@id\":\"https:\\\/\\\/www.americanonewspaper.com\\\/es\\\/argentina\\\/el-plan-de-milei-tropieza-con-el-poder-de-los-gobernadores\\\/\",\"url\":\"https:\\\/\\\/www.americanonewspaper.com\\\/es\\\/argentina\\\/el-plan-de-milei-tropieza-con-el-poder-de-los-gobernadores\\\/\",\"name\":\"El plan de Milei tropieza con el poder de los gobernadores - Americano Newspaper\",\"isPartOf\":{\"@id\":\"https:\\\/\\\/www.americanonewspaper.com\\\/es\\\/#website\"},\"primaryImageOfPage\":{\"@id\":\"https:\\\/\\\/www.americanonewspaper.com\\\/es\\\/argentina\\\/el-plan-de-milei-tropieza-con-el-poder-de-los-gobernadores\\\/#primaryimage\"},\"image\":{\"@id\":\"https:\\\/\\\/www.americanonewspaper.com\\\/es\\\/argentina\\\/el-plan-de-milei-tropieza-con-el-poder-de-los-gobernadores\\\/#primaryimage\"},\"thumbnailUrl\":\"https:\\\/\\\/www.americanonewspaper.com\\\/es\\\/wp-content\\\/uploads\\\/2024\\\/02\\\/5a693021632f9cd738caa4426221799542dd0483miniw.jpg\",\"datePublished\":\"2024-02-07T06:17:55+00:00\",\"dateModified\":\"2024-02-07T06:20:42+00:00\",\"description\":\"El plan reformista que el presidente de Argentina, Javier Milei, busca acometer en el pa\u00eds tropez\u00f3 este martes con un importante escollo: el poder de los gobernadores de las provincias, que, despu\u00e9s de importantes desencuentros e incluso cruce con fuertes acusaciones, le han negado su apoyo.\",\"breadcrumb\":{\"@id\":\"https:\\\/\\\/www.americanonewspaper.com\\\/es\\\/argentina\\\/el-plan-de-milei-tropieza-con-el-poder-de-los-gobernadores\\\/#breadcrumb\"},\"inLanguage\":\"en-US\",\"potentialAction\":[{\"@type\":\"ReadAction\",\"target\":[\"https:\\\/\\\/www.americanonewspaper.com\\\/es\\\/argentina\\\/el-plan-de-milei-tropieza-con-el-poder-de-los-gobernadores\\\/\"]}]},{\"@type\":\"ImageObject\",\"inLanguage\":\"en-US\",\"@id\":\"https:\\\/\\\/www.americanonewspaper.com\\\/es\\\/argentina\\\/el-plan-de-milei-tropieza-con-el-poder-de-los-gobernadores\\\/#primaryimage\",\"url\":\"https:\\\/\\\/www.americanonewspaper.com\\\/es\\\/wp-content\\\/uploads\\\/2024\\\/02\\\/5a693021632f9cd738caa4426221799542dd0483miniw.jpg\",\"contentUrl\":\"https:\\\/\\\/www.americanonewspaper.com\\\/es\\\/wp-content\\\/uploads\\\/2024\\\/02\\\/5a693021632f9cd738caa4426221799542dd0483miniw.jpg\",\"width\":900,\"height\":598,\"caption\":\"Personas festejan que el proyecto de \\\"ley \u00f3mnibus\\\" vuelve al debate en comisiones, lo que se traduce como una derrota del oficialismo hoy en Buenos Aires (Argentina). EFE\\\/Mat\u00edas Martin Campaya\"},{\"@type\":\"BreadcrumbList\",\"@id\":\"https:\\\/\\\/www.americanonewspaper.com\\\/es\\\/argentina\\\/el-plan-de-milei-tropieza-con-el-poder-de-los-gobernadores\\\/#breadcrumb\",\"itemListElement\":[{\"@type\":\"ListItem\",\"position\":1,\"name\":\"Home\",\"item\":\"https:\\\/\\\/www.americanonewspaper.com\\\/es\\\/\"},{\"@type\":\"ListItem\",\"position\":2,\"name\":\"El plan de Milei tropieza con el poder de los gobernadores\"}]},{\"@type\":\"WebSite\",\"@id\":\"https:\\\/\\\/www.americanonewspaper.com\\\/es\\\/#website\",\"url\":\"https:\\\/\\\/www.americanonewspaper.com\\\/es\\\/\",\"name\":\"Americano Newspaper\",\"description\":\"The Hispanic Newspaper of New Jersey.\",\"publisher\":{\"@id\":\"https:\\\/\\\/www.americanonewspaper.com\\\/es\\\/#organization\"},\"potentialAction\":[{\"@type\":\"SearchAction\",\"target\":{\"@type\":\"EntryPoint\",\"urlTemplate\":\"https:\\\/\\\/www.americanonewspaper.com\\\/es\\\/?s={search_term_string}\"},\"query-input\":{\"@type\":\"PropertyValueSpecification\",\"valueRequired\":true,\"valueName\":\"search_term_string\"}}],\"inLanguage\":\"en-US\"},{\"@type\":\"Organization\",\"@id\":\"https:\\\/\\\/www.americanonewspaper.com\\\/es\\\/#organization\",\"name\":\"Americano Newspaper\",\"url\":\"https:\\\/\\\/www.americanonewspaper.com\\\/es\\\/\",\"logo\":{\"@type\":\"ImageObject\",\"inLanguage\":\"en-US\",\"@id\":\"https:\\\/\\\/www.americanonewspaper.com\\\/es\\\/#\\\/schema\\\/logo\\\/image\\\/\",\"url\":\"https:\\\/\\\/www.americanonewspaper.com\\\/es\\\/wp-content\\\/uploads\\\/2024\\\/05\\\/AmericanoLogoCircle.comCircle2.jpg\",\"contentUrl\":\"https:\\\/\\\/www.americanonewspaper.com\\\/es\\\/wp-content\\\/uploads\\\/2024\\\/05\\\/AmericanoLogoCircle.comCircle2.jpg\",\"width\":600,\"height\":600,\"caption\":\"Americano Newspaper\"},\"image\":{\"@id\":\"https:\\\/\\\/www.americanonewspaper.com\\\/es\\\/#\\\/schema\\\/logo\\\/image\\\/\"},\"sameAs\":[\"https:\\\/\\\/www.facebook.com\\\/AmericanoNewspaper\\\/\"]},{\"@type\":\"Person\",\"@id\":\"https:\\\/\\\/www.americanonewspaper.com\\\/es\\\/#\\\/schema\\\/person\\\/ff0825ff964ec074668f1d9571f5232d\",\"name\":\"Maria Quintana\",\"image\":{\"@type\":\"ImageObject\",\"inLanguage\":\"en-US\",\"@id\":\"https:\\\/\\\/www.americanonewspaper.com\\\/es\\\/wp-content\\\/uploads\\\/2024\\\/02\\\/Crystal-Quintana-250x250.jpg\",\"url\":\"https:\\\/\\\/www.americanonewspaper.com\\\/es\\\/wp-content\\\/uploads\\\/2024\\\/02\\\/Crystal-Quintana-250x250.jpg\",\"contentUrl\":\"https:\\\/\\\/www.americanonewspaper.com\\\/es\\\/wp-content\\\/uploads\\\/2024\\\/02\\\/Crystal-Quintana-250x250.jpg\",\"caption\":\"Maria Quintana\"},\"url\":\"https:\\\/\\\/www.americanonewspaper.com\\\/es\\\/author\\\/crystal\\\/\"}]}<\/script>\n<!-- \/ Yoast SEO Premium plugin. -->","yoast_head_json":{"title":"El plan de Milei tropieza con el poder de los gobernadores - Americano Newspaper","description":"El plan reformista que el presidente de Argentina, Javier Milei, busca acometer en el pa\u00eds tropez\u00f3 este martes con un importante escollo: el poder de los gobernadores de las provincias, que, despu\u00e9s de importantes desencuentros e incluso cruce con fuertes acusaciones, le han negado su apoyo.","robots":{"index":"index","follow":"follow","max-snippet":"max-snippet:-1","max-image-preview":"max-image-preview:large","max-video-preview":"max-video-preview:-1"},"canonical":"https:\/\/www.americanonewspaper.com\/es\/argentina\/el-plan-de-milei-tropieza-con-el-poder-de-los-gobernadores\/","og_locale":"en_US","og_type":"article","og_title":"El plan de Milei tropieza con el poder de los gobernadores","og_description":"El plan reformista que el presidente de Argentina, Javier Milei, busca acometer en el pa\u00eds tropez\u00f3 este martes con un importante escollo: el poder de los gobernadores de las provincias, que, despu\u00e9s de importantes desencuentros e incluso cruce con fuertes acusaciones, le han negado su apoyo.","og_url":"https:\/\/www.americanonewspaper.com\/es\/argentina\/el-plan-de-milei-tropieza-con-el-poder-de-los-gobernadores\/","og_site_name":"Americano Newspaper","article_publisher":"https:\/\/www.facebook.com\/AmericanoNewspaper\/","article_published_time":"2024-02-07T06:17:55+00:00","article_modified_time":"2024-02-07T06:20:42+00:00","og_image":[{"width":900,"height":598,"url":"https:\/\/www.americanonewspaper.com\/es\/wp-content\/uploads\/2024\/02\/5a693021632f9cd738caa4426221799542dd0483miniw.jpg","type":"image\/jpeg"}],"author":"Maria Quintana","twitter_card":"summary_large_image","twitter_misc":{"Written by":"Maria Quintana","Est. reading time":"4 minutes"},"schema":{"@context":"https:\/\/schema.org","@graph":[{"@type":"Article","@id":"https:\/\/www.americanonewspaper.com\/es\/argentina\/el-plan-de-milei-tropieza-con-el-poder-de-los-gobernadores\/#article","isPartOf":{"@id":"https:\/\/www.americanonewspaper.com\/es\/argentina\/el-plan-de-milei-tropieza-con-el-poder-de-los-gobernadores\/"},"author":{"name":"Maria Quintana","@id":"https:\/\/www.americanonewspaper.com\/es\/#\/schema\/person\/ff0825ff964ec074668f1d9571f5232d"},"headline":"El plan de Milei tropieza con el poder de los gobernadores","datePublished":"2024-02-07T06:17:55+00:00","dateModified":"2024-02-07T06:20:42+00:00","mainEntityOfPage":{"@id":"https:\/\/www.americanonewspaper.com\/es\/argentina\/el-plan-de-milei-tropieza-con-el-poder-de-los-gobernadores\/"},"wordCount":728,"publisher":{"@id":"https:\/\/www.americanonewspaper.com\/es\/#organization"},"image":{"@id":"https:\/\/www.americanonewspaper.com\/es\/argentina\/el-plan-de-milei-tropieza-con-el-poder-de-los-gobernadores\/#primaryimage"},"thumbnailUrl":"https:\/\/www.americanonewspaper.com\/es\/wp-content\/uploads\/2024\/02\/5a693021632f9cd738caa4426221799542dd0483miniw.jpg","articleSection":["Argentina","Javier Milei"],"inLanguage":"en-US"},{"@type":"WebPage","@id":"https:\/\/www.americanonewspaper.com\/es\/argentina\/el-plan-de-milei-tropieza-con-el-poder-de-los-gobernadores\/","url":"https:\/\/www.americanonewspaper.com\/es\/argentina\/el-plan-de-milei-tropieza-con-el-poder-de-los-gobernadores\/","name":"El plan de Milei tropieza con el poder de los gobernadores - Americano Newspaper","isPartOf":{"@id":"https:\/\/www.americanonewspaper.com\/es\/#website"},"primaryImageOfPage":{"@id":"https:\/\/www.americanonewspaper.com\/es\/argentina\/el-plan-de-milei-tropieza-con-el-poder-de-los-gobernadores\/#primaryimage"},"image":{"@id":"https:\/\/www.americanonewspaper.com\/es\/argentina\/el-plan-de-milei-tropieza-con-el-poder-de-los-gobernadores\/#primaryimage"},"thumbnailUrl":"https:\/\/www.americanonewspaper.com\/es\/wp-content\/uploads\/2024\/02\/5a693021632f9cd738caa4426221799542dd0483miniw.jpg","datePublished":"2024-02-07T06:17:55+00:00","dateModified":"2024-02-07T06:20:42+00:00","description":"El plan reformista que el presidente de Argentina, Javier Milei, busca acometer en el pa\u00eds tropez\u00f3 este martes con un importante escollo: el poder de los gobernadores de las provincias, que, despu\u00e9s de importantes desencuentros e incluso cruce con fuertes acusaciones, le han negado su apoyo.","breadcrumb":{"@id":"https:\/\/www.americanonewspaper.com\/es\/argentina\/el-plan-de-milei-tropieza-con-el-poder-de-los-gobernadores\/#breadcrumb"},"inLanguage":"en-US","potentialAction":[{"@type":"ReadAction","target":["https:\/\/www.americanonewspaper.com\/es\/argentina\/el-plan-de-milei-tropieza-con-el-poder-de-los-gobernadores\/"]}]},{"@type":"ImageObject","inLanguage":"en-US","@id":"https:\/\/www.americanonewspaper.com\/es\/argentina\/el-plan-de-milei-tropieza-con-el-poder-de-los-gobernadores\/#primaryimage","url":"https:\/\/www.americanonewspaper.com\/es\/wp-content\/uploads\/2024\/02\/5a693021632f9cd738caa4426221799542dd0483miniw.jpg","contentUrl":"https:\/\/www.americanonewspaper.com\/es\/wp-content\/uploads\/2024\/02\/5a693021632f9cd738caa4426221799542dd0483miniw.jpg","width":900,"height":598,"caption":"Personas festejan que el proyecto de \"ley \u00f3mnibus\" vuelve al debate en comisiones, lo que se traduce como una derrota del oficialismo hoy en Buenos Aires (Argentina). EFE\/Mat\u00edas Martin Campaya"},{"@type":"BreadcrumbList","@id":"https:\/\/www.americanonewspaper.com\/es\/argentina\/el-plan-de-milei-tropieza-con-el-poder-de-los-gobernadores\/#breadcrumb","itemListElement":[{"@type":"ListItem","position":1,"name":"Home","item":"https:\/\/www.americanonewspaper.com\/es\/"},{"@type":"ListItem","position":2,"name":"El plan de Milei tropieza con el poder de los gobernadores"}]},{"@type":"WebSite","@id":"https:\/\/www.americanonewspaper.com\/es\/#website","url":"https:\/\/www.americanonewspaper.com\/es\/","name":"Americano Newspaper","description":"The Hispanic Newspaper of New Jersey.","publisher":{"@id":"https:\/\/www.americanonewspaper.com\/es\/#organization"},"potentialAction":[{"@type":"SearchAction","target":{"@type":"EntryPoint","urlTemplate":"https:\/\/www.americanonewspaper.com\/es\/?s={search_term_string}"},"query-input":{"@type":"PropertyValueSpecification","valueRequired":true,"valueName":"search_term_string"}}],"inLanguage":"en-US"},{"@type":"Organization","@id":"https:\/\/www.americanonewspaper.com\/es\/#organization","name":"Americano Newspaper","url":"https:\/\/www.americanonewspaper.com\/es\/","logo":{"@type":"ImageObject","inLanguage":"en-US","@id":"https:\/\/www.americanonewspaper.com\/es\/#\/schema\/logo\/image\/","url":"https:\/\/www.americanonewspaper.com\/es\/wp-content\/uploads\/2024\/05\/AmericanoLogoCircle.comCircle2.jpg","contentUrl":"https:\/\/www.americanonewspaper.com\/es\/wp-content\/uploads\/2024\/05\/AmericanoLogoCircle.comCircle2.jpg","width":600,"height":600,"caption":"Americano Newspaper"},"image":{"@id":"https:\/\/www.americanonewspaper.com\/es\/#\/schema\/logo\/image\/"},"sameAs":["https:\/\/www.facebook.com\/AmericanoNewspaper\/"]},{"@type":"Person","@id":"https:\/\/www.americanonewspaper.com\/es\/#\/schema\/person\/ff0825ff964ec074668f1d9571f5232d","name":"Maria Quintana","image":{"@type":"ImageObject","inLanguage":"en-US","@id":"https:\/\/www.americanonewspaper.com\/es\/wp-content\/uploads\/2024\/02\/Crystal-Quintana-250x250.jpg","url":"https:\/\/www.americanonewspaper.com\/es\/wp-content\/uploads\/2024\/02\/Crystal-Quintana-250x250.jpg","contentUrl":"https:\/\/www.americanonewspaper.com\/es\/wp-content\/uploads\/2024\/02\/Crystal-Quintana-250x250.jpg","caption":"Maria Quintana"},"url":"https:\/\/www.americanonewspaper.com\/es\/author\/crystal\/"}]}},"jetpack_publicize_connections":[],"jetpack_featured_media_url":"https:\/\/www.americanonewspaper.com\/es\/wp-content\/uploads\/2024\/02\/5a693021632f9cd738caa4426221799542dd0483miniw.jpg","featured_image_urls":{"full":["https:\/\/www.americanonewspaper.com\/es\/wp-content\/uploads\/2024\/02\/5a693021632f9cd738caa4426221799542dd0483miniw.jpg",900,598,false],"thumbnail":["https:\/\/www.americanonewspaper.com\/es\/wp-content\/uploads\/2024\/02\/5a693021632f9cd738caa4426221799542dd0483miniw-250x250.jpg",250,250,true],"medium":["https:\/\/www.americanonewspaper.com\/es\/wp-content\/uploads\/2024\/02\/5a693021632f9cd738caa4426221799542dd0483miniw-300x199.jpg",300,199,true],"medium_large":["https:\/\/www.americanonewspaper.com\/es\/wp-content\/uploads\/2024\/02\/5a693021632f9cd738caa4426221799542dd0483miniw-768x510.jpg",696,462,true],"large":["https:\/\/www.americanonewspaper.com\/es\/wp-content\/uploads\/2024\/02\/5a693021632f9cd738caa4426221799542dd0483miniw-753x500.jpg",696,462,true],"1536x1536":["https:\/\/www.americanonewspaper.com\/es\/wp-content\/uploads\/2024\/02\/5a693021632f9cd738caa4426221799542dd0483miniw.jpg",900,598,false],"2048x2048":["https:\/\/www.americanonewspaper.com\/es\/wp-content\/uploads\/2024\/02\/5a693021632f9cd738caa4426221799542dd0483miniw.jpg",900,598,false],"td_150x0":["https:\/\/www.americanonewspaper.com\/es\/wp-content\/uploads\/2024\/02\/5a693021632f9cd738caa4426221799542dd0483miniw-150x100.jpg",150,100,true],"td_218x150":["https:\/\/www.americanonewspaper.com\/es\/wp-content\/uploads\/2024\/02\/5a693021632f9cd738caa4426221799542dd0483miniw-218x150.jpg",218,150,true],"td_300x0":["https:\/\/www.americanonewspaper.com\/es\/wp-content\/uploads\/2024\/02\/5a693021632f9cd738caa4426221799542dd0483miniw-300x199.jpg",300,199,true],"td_324x400":["https:\/\/www.americanonewspaper.com\/es\/wp-content\/uploads\/2024\/02\/5a693021632f9cd738caa4426221799542dd0483miniw-324x400.jpg",324,400,true],"td_485x360":["https:\/\/www.americanonewspaper.com\/es\/wp-content\/uploads\/2024\/02\/5a693021632f9cd738caa4426221799542dd0483miniw-485x360.jpg",485,360,true],"td_696x0":["https:\/\/www.americanonewspaper.com\/es\/wp-content\/uploads\/2024\/02\/5a693021632f9cd738caa4426221799542dd0483miniw-696x462.jpg",696,462,true],"td_1068x0":["https:\/\/www.americanonewspaper.com\/es\/wp-content\/uploads\/2024\/02\/5a693021632f9cd738caa4426221799542dd0483miniw.jpg",900,598,false],"td_1920x0":["https:\/\/www.americanonewspaper.com\/es\/wp-content\/uploads\/2024\/02\/5a693021632f9cd738caa4426221799542dd0483miniw.jpg",900,598,false],"bdpp-medium":["https:\/\/www.americanonewspaper.com\/es\/wp-content\/uploads\/2024\/02\/5a693021632f9cd738caa4426221799542dd0483miniw.jpg",640,425,false]},"author_info":{"display_name":"Maria Quintana","author_link":"https:\/\/www.americanonewspaper.com\/es\/author\/crystal\/"},"category_info":"<a href=\"https:\/\/www.americanonewspaper.com\/es\/category\/argentina\/\" rel=\"category tag\">Argentina<\/a> <a href=\"https:\/\/www.americanonewspaper.com\/es\/category\/javier-milei\/\" rel=\"category tag\">Javier Milei<\/a>","tag_info":"Javier Milei","comment_count":"0","jetpack_sharing_enabled":true,"jetpack_likes_enabled":true,"_links":{"self":[{"href":"https:\/\/www.americanonewspaper.com\/es\/wp-json\/wp\/v2\/posts\/21212","targetHints":{"allow":["GET"]}}],"collection":[{"href":"https:\/\/www.americanonewspaper.com\/es\/wp-json\/wp\/v2\/posts"}],"about":[{"href":"https:\/\/www.americanonewspaper.com\/es\/wp-json\/wp\/v2\/types\/post"}],"author":[{"embeddable":true,"href":"https:\/\/www.americanonewspaper.com\/es\/wp-json\/wp\/v2\/users\/12"}],"replies":[{"embeddable":true,"href":"https:\/\/www.americanonewspaper.com\/es\/wp-json\/wp\/v2\/comments?post=21212"}],"version-history":[{"count":2,"href":"https:\/\/www.americanonewspaper.com\/es\/wp-json\/wp\/v2\/posts\/21212\/revisions"}],"predecessor-version":[{"id":21215,"href":"https:\/\/www.americanonewspaper.com\/es\/wp-json\/wp\/v2\/posts\/21212\/revisions\/21215"}],"wp:featuredmedia":[{"embeddable":true,"href":"https:\/\/www.americanonewspaper.com\/es\/wp-json\/wp\/v2\/media\/21216"}],"wp:attachment":[{"href":"https:\/\/www.americanonewspaper.com\/es\/wp-json\/wp\/v2\/media?parent=21212"}],"wp:term":[{"taxonomy":"category","embeddable":true,"href":"https:\/\/www.americanonewspaper.com\/es\/wp-json\/wp\/v2\/categories?post=21212"},{"taxonomy":"post_tag","embeddable":true,"href":"https:\/\/www.americanonewspaper.com\/es\/wp-json\/wp\/v2\/tags?post=21212"}],"curies":[{"name":"wp","href":"https:\/\/api.w.org\/{rel}","templated":true}]}}